{"id":128113,"date":"2026-03-17T10:02:28","date_gmt":"2026-03-17T07:02:28","guid":{"rendered":"https:\/\/mersingazetesi.com\/?p=128113"},"modified":"2026-03-17T10:02:28","modified_gmt":"2026-03-17T07:02:28","slug":"yahudilik-hristiyanlik-evanjelizm-ve-islam","status":"publish","type":"post","link":"https:\/\/mersingazetesi.com\/index.php\/2026\/03\/17\/yahudilik-hristiyanlik-evanjelizm-ve-islam\/","title":{"rendered":"YAHUD\u0130L\u0130K, HR\u0130ST\u0130YANLIK, EVANJEL\u0130ZM VE \u0130SLAM"},"content":{"rendered":"<div class=\"gs\">\n<div class=\"\">\n<div id=\":tw\" class=\"ii gt\">\n<div id=\":no\" class=\"a3s aiL\">\n<div id=\"avWBGd-20\">\n<div dir=\"ltr\">\n<div dir=\"auto\">Bursa\u2019dan Say\u0131n \u0130brahim Turgay soruyor:<\/div>\n<div dir=\"auto\">SORU:<\/div>\n<div dir=\"auto\">Yakla\u015f\u0131k 20 g\u00fcnd\u00fcr ABD ve \u0130srail ikilisi ile \u0130ran sava\u015f halinde\u2026<\/div>\n<div dir=\"auto\">ABD g\u00fcya Hristiyan \u0130srail ise g\u00fcya Yahudi\u2026<\/div>\n<div dir=\"auto\">Hristiyan ve Yahudi dinine mensup ki\u015filer yeni bir olu\u015fum pe\u015finde Evanjelizm&#8230;<\/div>\n<div dir=\"auto\">Nedir Evanjelizm ya da nas\u0131l Evanjalist olunur? Ama\u00e7 ne?<\/div>\n<div dir=\"auto\">Tarihte devaml\u0131 birbiriyla sava\u015fan bu iki gurup Evanjelizm \u00e7at\u0131s\u0131 alt\u0131nda ni\u00e7in birle\u015fmi\u015ftir?<\/div>\n<div dir=\"auto\">Bize Evanjelizmi anlat\u0131 m\u0131s\u0131n\u0131z?<\/div>\n<div dir=\"auto\">CEVAP:<\/div>\n<div dir=\"auto\">G\u00fcn\u00fcm\u00fczde adeta dinler aras\u0131nda sava\u015f yap\u0131l\u0131yor\u2026<\/div>\n<div dir=\"auto\">Asl\u0131 bozulmu\u015f olan dinlere mensup Yahudiler ve Hristiyanlar sahte bir olu\u015fum i\u00e7ine girmi\u015fler ve bu sahte olu\u015fum etraf\u0131nda toplanarak \u0130slam \u00fclkeleri ile sava\u015fa ba\u015flam\u0131\u015flard\u0131r\u2026<\/div>\n<div dir=\"auto\">Bu sahte olu\u015fumun ad\u0131 Evanjelizm\u2019dir..<\/div>\n<div dir=\"auto\">Sahte bir olu\u015fum olan Evanjelistlerin olu\u015faca\u011f\u0131na inand\u0131klar\u0131 yedi a\u015fama \u015f\u00f6yledir:<\/div>\n<div dir=\"auto\">1 -Yahudilerin Filistin&#8217;e geri d\u00f6nmeleri;<\/div>\n<div dir=\"auto\">Hitler&#8217;in zulm\u00fcnden ka\u00e7arak Filistin&#8217;e d\u00f6nen Yahudilerin, 1948 y\u0131l\u0131nda \u0130srail Devleti&#8217;ni kurmalar\u0131 ve ard\u0131ndan 1967 y\u0131l\u0131nda Kud\u00fcs&#8217;\u00fcn tamam\u0131n\u0131 ele ge\u00e7irmeleri, Evanjelik Protestanlar taraf\u0131ndan Mesih&#8217;in geli\u015finin yakla\u015ft\u0131\u011f\u0131na dair g\u00fc\u00e7l\u00fc ipu\u00e7lar\u0131 olarak de\u011ferlendirilmektedir.<\/div>\n<div dir=\"auto\">2- B\u00fcy\u00fck \u0130srail&#8217;in kurulmas\u0131;<\/div>\n<div dir=\"auto\">&#8220;B\u00fcy\u00fck Ortado\u011fu&#8221; veya &#8220;Geni\u015fletilmi\u015f Ortado\u011fu&#8221;olarak adland\u0131r\u0131lan proje \u00e7er\u00e7evesinde Irak ve Afganistan&#8217;\u0131n i\u015fgal edilmesi, \u0130ran ve Suriye&#8217;yi de i\u015fgal etme planlar\u0131 ve Irak&#8217;\u0131n kuzeyi ile G\u00fcneydo\u011fu Anadolu b\u00f6lgemizi i\u00e7ine alan bir K\u00fcrt Devleti kurma haz\u0131rl\u0131klar\u0131n\u0131 da bu \u00e7er\u00e7evede de\u011ferlendirebiliriz.<\/div>\n<div dir=\"auto\">3- Yahudiler de dahil olmak \u00fczere t\u00fcm d\u00fcnya uluslar\u0131na \u0130ncil&#8217;in &#8220;m\u00fcjde&#8221; olarak vaaz edilmesi; Misyonerlik faaliyetleri bununla ba\u011flant\u0131l\u0131d\u0131r.<\/div>\n<div dir=\"auto\">Rice \u00dcniversitesi sosyoloji profes\u00f6r\u00fc William Martin&#8217;e g\u00f6re, &#8220;Yabanc\u0131 memleketlerde faaliyette bulunan Protestan misyonerlerin yakla\u015f\u0131k y\u00fczde 90&#8217;\u0131n\u0131 Fundamentalistler (k\u00f6ktendinci, radikal dindarlar) ve Evanjelikler olu\u015fturmaktad\u0131r.&#8221;<\/div>\n<div dir=\"auto\">T\u00fcrkiye\u2019de tutuklu bulunan ABD vatanda\u015f\u0131 papaz Andrew Craig Brunson meselesini ve ona sahip \u00e7\u0131kma ad\u0131na sesini y\u00fckselten Ba\u015fkan Donald Trump\u2019\u0131n duyarl\u0131l\u0131\u011f\u0131n\u0131 da bu ba\u011flamda d\u00fc\u015f\u00fcnmek gerekmektedir.<\/div>\n<div dir=\"auto\">4- Yedi y\u0131l s\u00fcrecek olan felaket d\u00f6nemi;<\/div>\n<div dir=\"auto\">T\u00fcrb\u00fclasyon (bir \u00e7e\u015fit k\u0131yamet senaryosunun ya\u015fanmas\u0131) veya kaos olarak da adland\u0131r\u0131lan bu d\u00f6nemde Yec\u00fcc ve Mec\u00fcc ordular\u0131 taraf\u0131ndan \u0130srail i\u015fgal edilecek ve ABD ile \u0130ngiltere \u0130srail&#8217;in yard\u0131m\u0131na geleceklerdir.<\/div>\n<div dir=\"auto\">Acaba bu inan\u0131\u015ftan yola \u00e7\u0131karak ABD ve \u0130ngiltere, \u0130srail&#8217;in yard\u0131m\u0131na kolayca ko\u015fabilmek i\u00e7in K\u0131br\u0131s&#8217;\u0131, Suudi Arabistan&#8217;\u0131n kuzeyindeki Dahran&#8217;\u0131 ve Kuzey Irak ile Kuzey Suriye\u2019yi \u00fcs olarak kullan\u0131yor olabilir mi?<\/div>\n<div dir=\"auto\">5- \u0130sa&#8217;n\u0131n ikinci kez d\u00fcnyaya geli\u015fi.<\/div>\n<div dir=\"auto\">6- Armageddon Sava\u015f\u0131.<\/div>\n<div dir=\"auto\">7- K\u0131yametin kopmas\u0131yla, \u0130ncil&#8217;e ve \u0130sa Mesih&#8217;e iman edenlerin cennete y\u00fckseltilmeleri:<\/div>\n<div dir=\"auto\">Sahte olu\u015fum Evanjelistlere g\u00f6re, insanl\u0131\u011f\u0131n kaderi ilahi bir senaryo ile \u00f6nceden belirlenmi\u015ftir ve herkes gibi Yahudiler de bu kozmik tiyatroda kendilerine bi\u00e7ilmi\u015f rol\u00fc (B\u00fcy\u00fck \u0130srail&#8217;i kurmak) oynamaktad\u0131rlar.<\/div>\n<div dir=\"auto\">Evanjelizm inanc\u0131 tutars\u0131zl\u0131k ve komikliklerle doludur.<\/div>\n<div dir=\"auto\">\u00d6rne\u011fin; sadece 150 bin kadar Yahudi \u0130sa&#8217;ya iman edece\u011fi i\u00e7in, bunun haricindeki yakla\u015f\u0131k 12,5 milyon Yahudi Armageddon Sava\u015f\u0131&#8217;nda yok edilecektir.<\/div>\n<div dir=\"auto\">Yani sava\u015ftan \u00f6len Evanjelik Hristiyanlardan sonra kala kala 150 bin Yahudi d\u00fcnyada kalmaktad\u0131r.<\/div>\n<div dir=\"auto\">Bu 150 bin Yahudi yakla\u015f\u0131k 6 milyar insan\u0131 yenerek yery\u00fcz\u00fcnden silecektir.<\/div>\n<div dir=\"auto\">Ve sava\u015ftan sonra \u0130sa, krall\u0131\u011f\u0131n\u0131 kurunca150 bin Yahudi\u2019yi bin y\u0131l boyunca y\u00f6netecektir. Sonra hep birlikte cennete gideceklerdir!<\/div>\n<div dir=\"auto\">\u0130kinci komik \u00f6rnek ise, kimi Evanjeliklere g\u00f6re, \u0130ncil&#8217;e ve Mesih&#8217;e iman edenler Armageddon Sava\u015f\u0131&#8217;ndan zaferle \u00e7\u0131kt\u0131ktan sonra cennete y\u00fckseltilmektedir.<\/div>\n<div dir=\"auto\">Bu durumda &#8220;Yeniden dirilerek yery\u00fcz\u00fcne d\u00f6nen \u0130sa, Davud&#8217;un taht\u0131na oturarak bin y\u0131l boyunca d\u00fcnyay\u0131 y\u00f6netecek oldu\u011fu krall\u0131\u011f\u0131n\u0131 kuracak&#8221; inanc\u0131ndan yola \u00e7\u0131karsak ve diyelim ki Armageddon Sava\u015f\u0131&#8217;ndan zaferle \u00e7\u0131kan Yahudi ve Evanjelistler g\u00f6\u011fe y\u00fckseltildiyse ve bunlar\u0131n haricindekiler de yok edildiyse d\u00fcnya \u00fczerinde kimse kalmam\u0131\u015f oluyor.<\/div>\n<div dir=\"auto\">\u00d6yleyse \u0130sa, tek ba\u015f\u0131na kald\u0131\u011f\u0131 d\u00fcnyada kendi kendinin kral\u0131 m\u0131 olacakt\u0131r?<\/div>\n<div dir=\"auto\">Yukar\u0131da sayd\u0131\u011f\u0131m\u0131z s\u00f6z konusu a\u015famalar, her bir Evanjeliste g\u00f6re kendi i\u00e7inde yer de\u011fi\u015ftirebilmektedir.<\/div>\n<div dir=\"auto\">Kimine g\u00f6re \u0130sa, belirli aral\u0131klarla \u0130ncil&#8217;e iman edenleri veya kendini Mesih olarak benimseyenleri cennete y\u00fckseltmek i\u00e7in yery\u00fcz\u00fcne gelip gidecekmi\u015f!<\/div>\n<div dir=\"auto\">Yani parti parti cennete sefer d\u00fczenleyecekmi\u015f!<\/div>\n<div dir=\"auto\">Hristiyan ve Yahudilerin benimsedi\u011fi bu ne komiklik ve hastal\u0131kl\u0131 bir zihniyettir!<\/div>\n<div dir=\"auto\">Alenen Tanr\u0131&#8217;yla, kutsal kitaplarla ve peygamberlerle dalga ge\u00e7ilmektedir<\/div>\n<div dir=\"auto\">Y\u00fcce \u0130slam dininin geli\u015fi ile birlikte asl\u0131 bozulmu\u015f olan Hristiyanl\u0131k ve Yahudilik YOK h\u00fckm\u00fcne girmi\u015ftir.<\/div>\n<div dir=\"auto\">Hristiyanl\u0131k ve Yahudilik nas\u0131l bozulmu\u015ftur?<\/div>\n<div dir=\"auto\">Frans\u0131zlar\u0131n Saint Paul dedikleri Pavlos ad\u0131nda bir Yahudi, peygamber Yahudilerden gelmedi diye, \u0130sevi g\u00f6r\u00fcn\u00fcp, kendini din \u00e2limi tan\u0131tt\u0131.<\/div>\n<div dir=\"auto\">Hazret-i \u0130sa\u2019dan sonra ilk i\u015fi, hakiki \u0130ncili yok ettirmek oldu.<\/div>\n<div dir=\"auto\">\u0130sa, Allah\u2019\u0131n o\u011flu dedi. \u015earab\u0131 ve domuzu helal etti. K\u0131blelerini K\u00e2be\u2019den g\u00fcne\u015fin do\u011fdu\u011fu tarafa d\u00f6nd\u00fcrd\u00fc. Allah hem bir hem \u00fc\u00e7 dedi.<\/div>\n<div dir=\"auto\">Yahudi d\u00f6nmesinin s\u00f6zleri ilk yaz\u0131lan d\u00f6rt \u0130ncil\u2019e, \u00f6zellikle Luka\u2019n\u0131n \u0130nciline kar\u0131\u015ft\u0131.<\/div>\n<div dir=\"auto\">Hazret-i \u0130sa\u2019n\u0131n sohbetinde bulunan, Hazret-i \u0130sa\u2019n\u0131n arkada\u015f\u0131, yard\u0131mc\u0131s\u0131 yani Havarilerden olan Barnabas, Hazret-i \u0130sa\u2019dan i\u015fittiklerini do\u011fru olarak yazd\u0131.<\/div>\n<div dir=\"auto\">Fakat bozuk d\u00f6rt \u0130ncillere aldananlar, f\u0131rka f\u0131rka ayr\u0131ld\u0131. Birbirine uymaz 72 f\u0131rka has\u0131l oldu.<\/div>\n<div dir=\"auto\">Pavlos\u2019un d\u00fc\u015fmanl\u0131\u011f\u0131 anla\u015f\u0131larak Kud\u00fcs\u2019te iki kere hapsedildi. Sonra Roma\u2019ya g\u00f6t\u00fcr\u00fcld\u00fc. Neron taraf\u0131ndan orada ba\u015f\u0131 kesildi.<\/div>\n<div dir=\"auto\">Pavlos\u2019un hayat\u0131 incelenirse, hep Havarileri k\u00f6t\u00fcledi\u011fi ve onlar\u0131 g\u00f6zden d\u00fc\u015f\u00fcrmeye \u00e7al\u0131\u015ft\u0131\u011f\u0131 a\u00e7\u0131k\u00e7a g\u00f6r\u00fcl\u00fcr.<\/div>\n<div dir=\"auto\">Pek \u00e7ok Hristiyan papaz\u0131, Pavlos\u2019u Hristiyanl\u0131\u011f\u0131n tek kurucusu kabul eder. \u00c7\u00fcnk\u00fc bu papazlara g\u00f6re, Hazret-i \u0130sa ve Havarileri iman ve ibadet bak\u0131m\u0131ndan Yahudili\u011fe, [Hazret-i Musa\u2019n\u0131n dinine] ba\u011fl\u0131 kalm\u0131\u015flard\u0131r.<\/div>\n<div dir=\"auto\">Pavlos buna kar\u015f\u0131 \u00e7\u0131km\u0131\u015f, Yahudilikteki b\u00fct\u00fcn ibadetleri terk ettirmi\u015f, b\u00f6ylece Hazret-i \u0130sa ve Havarilerin bildirdikleri dine z\u0131t bir din ortaya \u00e7\u0131karm\u0131\u015ft\u0131r.<\/div>\n<div dir=\"auto\">Bu din, Havari Petrus\u2019un, tebli\u011f etmeye \u00e7al\u0131\u015ft\u0131\u011f\u0131 Nasranili\u011fin d\u0131\u015f\u0131nda, Pavlos\u2019un fikirlerinden meydana gelen bir din oldu.<\/div>\n<div dir=\"auto\">Bizim inan\u0131\u015f\u0131m\u0131za g\u00f6re: Hz. \u0130sa, Cenab\u0131 Allah&#8217;\u0131n insanlara do\u011fru yolu g\u00f6stermek i\u00e7in g\u00f6nderdi\u011fi bir peygamberdir.<\/div>\n<div dir=\"auto\">Hz. \u0130sa; Ayn\u0131 zamanda g\u00fcn\u00fcm\u00fczde hakk\u0131nda en \u00e7ok konu\u015fulan Peygamberlerden birisidir.<\/div>\n<div dir=\"auto\">Bu konu\u015fulanlardan, neyin do\u011fru neyin yanl\u0131\u015f oldu\u011funu se\u00e7memize yarayacak kaynak ise, Allah&#8217;\u0131n korumas\u0131 alt\u0131nda bulunan tek \u0130lahi kitap olan Kuran\u0131 Kerimdir.<\/div>\n<div dir=\"auto\">\u0130sa Peygamber ile ilgili ger\u00e7ek bilgilere ula\u015fmak i\u00e7in Kuran\u2019a ba\u015fvurdu\u011fumuzda \u015funlar\u0131 g\u00f6r\u00fcr\u00fcz.:<\/div>\n<div dir=\"auto\">\u0130sa Peygamberi \u00f6ld\u00fcrmek i\u00e7in tuzak kuran ink\u00e2rc\u0131lar\u0131n onu kesinlikle \u00f6ld\u00fcremedikleri bir ayeti Kerimede \u015f\u00f6yle vurgulan\u0131r:<\/div>\n<div dir=\"auto\">\u201cVe : \u201cBiz, Allah&#8217;\u0131n Resul\u00fc Meryem o\u011flu Mesih \u0130say\u0131 ger\u00e7ekten \u00f6ld\u00fcrd\u00fck\u201d demeleri nedeniyle de (onlara b\u00f6yle bir ceza verdik) Oysa onu \u00f6ld\u00fcrmediler ve onu asmad\u0131lar. Ama onlara (onun) benzeri g\u00f6sterildi. Ger\u00e7ekten onun hakk\u0131nda anla\u015fmazl\u0131\u011fa d\u00fc\u015fenler, kesin bir \u015f\u00fcphe i\u00e7indedirler. Onlar\u0131n bir zanna uymaktan ba\u015fka buna ili\u015fkin hi\u00e7bir bilgileri yoktur. Onu kesin olarak \u00f6ld\u00fcrmediler.\u201d (Nisa Suresi, 157)<\/div>\n<div dir=\"auto\">Hz. \u0130sa&#8217;n\u0131n \u00f6lmedi\u011fi insanlar\u0131n ya\u015fad\u0131\u011f\u0131 boyuttan, Allah kat\u0131na y\u00fckseltildi\u011fini belirten ayet \u015f\u00f6yledir:<\/div>\n<div dir=\"auto\">\u201cHay\u0131r; Allah onu kendine y\u00fckseltti. Allah \u00fcst\u00fcn ve g\u00fc\u00e7l\u00fcd\u00fcr, h\u00fck\u00fcm ve hikmet sahibidir.\u201d (Nisa Suresi, 158)<\/div>\n<div dir=\"auto\">Kuran\u2019da verilen bir di\u011fer bilgi de Hz. \u0130sa\u2019n\u0131n \u00f6l\u00fcm\u00fcnden \u00f6nce t\u00fcm Ehli Kitap\u2019\u0131n kendisine iman edece\u011fi \u015feklindedir: \u201cAndolsun, Kitap Ehlinden, \u00f6lmeden \u00f6nce ona (Hz. \u0130sa\u2019ya) inanmayacak kimse yoktur. K\u0131yamet g\u00fcn\u00fc, o (Hz. \u0130sa) da onlar\u0131n aleyhine \u015fahit olacakt\u0131r.\u201d (Nisa Suresi, 159)<\/div>\n<div dir=\"auto\">Allah, inkarc\u0131lar\u0131n Hz. \u0130sa\u2019y\u0131 \u00f6ld\u00fcrmelerine izin vermemi\u015f, onu kendi kat\u0131na y\u00fckseltmi\u015ftir. Ve tekrar yery\u00fcz\u00fcne d\u00f6nece\u011fini insanlara m\u00fcjdelemi\u015ftir:<\/div>\n<div dir=\"auto\">\u201c\u0130nk\u00e2rc\u0131lar onu \u00f6ld\u00fcrmek i\u00e7in tuzak kurmu\u015flard\u0131r, ama Allah bu tuza\u011f\u0131 bozmu\u015ftur.\u201d (Al-i \u0130mran Suresi, 54)<\/div>\n<div dir=\"auto\">Kuran\u2019da Hz. \u0130sa\u2019n\u0131n durumunu a\u00e7\u0131klayan bir di\u011fer ayet ise Meryem Suresi\u2019nde ge\u00e7mektedir:<\/div>\n<div dir=\"auto\">\u201cSelam \u00fczerimedir; do\u011fdu\u011fum g\u00fcn, \u00f6lece\u011fim g\u00fcn ve diri olarak yeniden kald\u0131r\u0131laca\u011f\u0131m g\u00fcn de.\u201d (Meryem Suresi, 33)<\/div>\n<div dir=\"auto\">Bu ayette Hz. \u0130sa\u2019n\u0131n \u00f6lece\u011fi g\u00fcnden bahsedilmektedir.<\/div>\n<div dir=\"auto\">Hz. \u0130sa\u2019n\u0131n yery\u00fcz\u00fcne d\u00f6n\u00fc\u015f\u00fcne i\u015faret eden bir di\u011fer ayet \u015f\u00f6yledir:<\/div>\n<div dir=\"auto\">\u201cOna (Hz. \u0130sa\u2019ya) kitab\u0131, hikmeti, Tevrat\u2019\u0131 ve \u0130ncil\u2019i \u00f6\u011fretecek.\u201d (Al-i \u0130mran Suresi, 48)<\/div>\n<div dir=\"auto\">Al-i \u0130mran Suresi\u2019nin 59. ayetindeki \u201c\u015f\u00fcphesiz, Allah kat\u0131nda \u0130sa\u2019n\u0131n durumu, \u00c2dem\u2019in durumu gibidir\u201d ifadesi de olduk\u00e7a dikkat \u00e7ekicidir.<\/div>\n<div dir=\"auto\">Bu ayette iki peygamber aras\u0131ndaki baz\u0131 benzerliklere dikkat \u00e7ekilmi\u015f olabilir. Hem Hz. \u00c2dem hem de Hz. \u0130sa babas\u0131zd\u0131r.<\/div>\n<div dir=\"auto\">Ayr\u0131ca yukar\u0131daki ayette, Hz. \u00c2dem\u2019in cennetten yery\u00fcz\u00fcne indirilmesi, Hz. \u0130sa\u2019n\u0131n Ahir Zaman\u2019da Allah kat\u0131ndan yery\u00fcz\u00fcne indirilmesine de benzetilmi\u015f olabilir.<\/div>\n<div dir=\"auto\">Kuran\u2019da Hz. \u0130sa ile ilgili \u015f\u00f6yle bir bilgi de verilmektedir: \u201c\u015e\u00fcphesiz o (Hz. \u0130sa) k\u0131yamet saati i\u00e7in bir ilimdir. \u00d6yleyse ondan (k\u0131yametten) yana hi\u00e7bir ku\u015fkuya kap\u0131lmay\u0131n ve bana uyun. Dosdo\u011fru yol budur.\u201d (Zuhruf Suresi, 61)<\/div>\n<div dir=\"auto\">Bir ara\u015ft\u0131rma dergisinde belirtildi\u011fi \u015fekliyle; Hz. \u0130sa, Kuran\u2019\u0131n indirili\u015finden alt\u0131 y\u00fczy\u0131l \u00f6nce ya\u015fam\u0131\u015ft\u0131r.<\/div>\n<div dir=\"auto\">Yukar\u0131daki ayette bildirilen, onun ilk hayat\u0131n\u0131n de\u011fil ahir zamandaki d\u00f6n\u00fc\u015f\u00fcn\u00fcn k\u0131yamet i\u00e7in bir bilgi kayna\u011f\u0131 olaca\u011f\u0131d\u0131r.<\/div>\n<div dir=\"auto\">Hz. \u0130sa\u2019n\u0131n ikinci geli\u015fi hem H\u0131ristiyan hem de \u0130slam d\u00fcnyas\u0131nda sab\u0131rs\u0131zl\u0131kla beklenmektedir.<\/div>\n<div dir=\"auto\">Bu kutlu misafirin yery\u00fcz\u00fcn\u00fc \u015fereflendirmesiyle de \u00e7ok \u00f6nemli bir k\u0131yamet alameti daha tecelli etmi\u015f olacakt\u0131r.<\/div>\n<div dir=\"auto\">Hz. \u0130sa\u2019n\u0131n gen\u00e7 bir ya\u015f olan otuz ya\u015f\u0131n\u0131n ba\u015flar\u0131nda g\u00f6\u011fe y\u00fckseldi\u011fini, yery\u00fcz\u00fcne indikten sonra k\u0131rk y\u0131l kalaca\u011f\u0131n\u0131 ifade eden ve \u0130bn-i Abbas\u2019tan rivayet edilen Hadis-i \u015eerifi kaynak g\u00f6steren \u0130slam \u00e2limleri, Hz. \u0130sa\u2019n\u0131n ya\u015fl\u0131l\u0131k d\u00f6neminin, tekrar d\u00fcnyaya geli\u015finden sonra olaca\u011f\u0131n\u0131, dolay\u0131s\u0131yla bu ayetin, Hz. \u0130sa\u2019n\u0131n yeniden yery\u00fcz\u00fcne geli\u015fine dair delil oldu\u011funu s\u00f6ylemektedir.<\/div>\n<div dir=\"auto\">Yine ayn\u0131 dergide bahsedildi\u011fi \u015fekliyle; Hz. Muhammed (sav) Allah\u2019\u0131n insanlara g\u00f6nderdi\u011fi son peygamberdir.<\/div>\n<div dir=\"auto\">Allah Peygamberimize Kuran\u2019\u0131 vahyetmi\u015f ve k\u0131yamete kadar t\u00fcm insanlar\u0131 Kuran\u2019a uymaktan sorumlu tutmu\u015ftur.<\/div>\n<div dir=\"auto\">Hz. \u0130sa da ahir zamanda bir mucize olarak d\u00fcnyaya gelecek, ancak Peygamberimizin de bildirdi\u011fi gibi, yeni bir din getirmeyecektir.<\/div>\n<div dir=\"auto\">Peygamberimiz taraf\u0131ndan insanl\u0131\u011fa \u00f6\u011fretilen hak din Kuran\u2019da bildirilen \u0130slam dinidir ve Hz. \u0130sa da yery\u00fcz\u00fcne ikinci geli\u015finde Kuran\u2019a tabi olacakt\u0131r.<\/div>\n<div dir=\"auto\">Yukarda arz etmeye \u00e7al\u0131\u015ft\u0131\u011f\u0131m Ayet-i Kerimelerden de anla\u015f\u0131laca\u011f\u0131 \u00fczere; Cenab\u0131 Allah, Hz. \u0130sa\u2019y\u0131 kendi kat\u0131na y\u00fckselterek Yahudilerin onu \u00f6ld\u00fcremediklerini beyan buyurmaktad\u0131r.<\/div>\n<div dir=\"auto\">Ayet-i Kerimede Hz. \u0130sa\u2019n\u0131n sa\u011f oldu\u011fu s\u00f6ylenmiyor, fakat Yahudilerin onu \u00f6ld\u00fcremedi\u011fi belirtiliyor.<\/div>\n<div dir=\"auto\">\u0130slam bilginleri bu konuyu enine boyuna ara\u015ft\u0131rm\u0131\u015flar ve kesin sonuca varm\u0131\u015flard\u0131r.<\/div>\n<div dir=\"auto\">\u00d6zetle s\u00f6ylemek gerekirse;<\/div>\n<div dir=\"auto\">Bir k\u0131s\u0131m \u0130slam bilginlerine g\u00f6re; Cenab\u0131 Allah onu Yahudilerin elinden kurtarm\u0131\u015f, Yahudiler Hz. \u0130sa\u2019y\u0131 \u00f6ld\u00fcrememi\u015fler, fakat eceliyle vefat etmi\u015ftir. Bedenen ve ruhen Allah kendi kat\u0131na y\u00fckseltmi\u015ftir.<\/div>\n<div dir=\"auto\">Baz\u0131 \u0130slam bilginlerine g\u00f6re ise; Cenab\u0131 Allah Hz. \u0130sa\u2019y\u0131 manevi semalar\u0131ndaki \u00f6zel yerine y\u00fckseltmi\u015ftir.<\/div>\n<div dir=\"auto\">\u0130sl\u00e2m\u2019a inanan insanlar\u0131m\u0131z Hz. \u0130sa dahil Allah\u2019\u0131n g\u00f6nderdi\u011fi b\u00fct\u00fcn Peygamberlere ve onlara indirilen b\u00fct\u00fcn kitaplara inanmaktad\u0131r.<\/div>\n<div dir=\"auto\">Ancak Hz. Muhammed (SAV)\u2019den \u00f6nce g\u00f6nderilen Peygamberler ve o Peygamberlere indirilen kitaplar belli ve \u00f6zel kavim ve topluluklara, belirli zamanlar i\u00e7in g\u00f6nderilmi\u015flerdir.<\/div>\n<div dir=\"auto\">Bu nedenle o Peygamberlerin ve kitaplar\u0131n h\u00fck\u00fcmleri belirli topluluklar ve muayyen zamanlar i\u00e7in ge\u00e7erlidir.<\/div>\n<div dir=\"auto\">Hz. Muhammed (SAV)\u2019in Peygamberli\u011fi ise hususi olmay\u0131p umumidir.<\/div>\n<div dir=\"auto\">Peygamberimiz belli toplumlara de\u011fil, b\u00fct\u00fcn insanl\u0131\u011fa g\u00f6nderilmi\u015ftir.<\/div>\n<div dir=\"auto\">Peygamberimizin tebli\u011f etti\u011fi M\u00fcsl\u00fcmanl\u0131k kendisinden \u00f6nce gelen dinlerin h\u00fck\u00fcmlerini ortadan kald\u0131rm\u0131\u015ft\u0131r.<\/div>\n<div dir=\"auto\">\u0130ncil; Hz. \u0130sa\u2019ya indirildi\u011fi \u015fekliyle muhafaza edilmi\u015f de\u011fildir.<\/div>\n<div dir=\"auto\">E\u011fer \u00f6yle olsayd\u0131 bug\u00fcn yery\u00fcz\u00fcnde birbirine uymayan 4 tane \u0130ncil bulunmazd\u0131. Bunlar Hz. \u0130sa\u2019dan en az 500 y\u0131l sonra yaz\u0131lm\u0131\u015f, birbirinden farkl\u0131 \u0130ncillerdir.<\/div>\n<div dir=\"auto\">Katil Hristiyan ve Yahudi alemi \u0130slam d\u00fc\u015fmanl\u0131\u011f\u0131 ad\u0131na evanjelizm ad\u0131yla bo\u015f bir inan\u00e7 pe\u015findedir<\/div>\n<div dir=\"auto\">Ho\u015f\u00e7a kal\u0131n\u0131z.<\/div>\n<div dir=\"auto\">Sorular\u0131n\u0131z i\u00e7in (\u00a0<a href=\"mailto:gazimert333@gmail.com\" target=\"_blank\" rel=\"noopener\">gazimert333@gmail.com<\/a>\u00a0)<\/div>\n<\/div>\n<div class=\"yj6qo\"><\/div>\n<div class=\"adL\"><\/div>\n<\/div>\n<\/div>\n<\/div>\n<div id=\"avWBGd-21\" class=\"WhmR8e\" data-hash=\"0\"><\/div>\n<\/div>\n<\/div>\n","protected":false},"excerpt":{"rendered":"<p>Bursa\u2019dan Say\u0131n \u0130brahim Turgay soruyor: SORU: Yakla\u015f\u0131k 20 g\u00fcnd\u00fcr ABD ve \u0130srail ikilisi ile \u0130ran sava\u015f halinde\u2026 ABD g\u00fcya Hristiyan \u0130srail ise g\u00fcya Yahudi\u2026 Hristiyan ve Yahudi dinine mensup ki\u015filer yeni bir olu\u015fum pe\u015finde Evanjelizm&#8230; Nedir Evanjelizm ya da nas\u0131l Evanjalist olunur? Ama\u00e7 ne? Tarihte devaml\u0131 birbiriyla sava\u015fan bu iki gurup Evanjelizm \u00e7at\u0131s\u0131 alt\u0131nda ni\u00e7in [&hellip;]<\/p>\n","protected":false},"author":11,"featured_media":126869,"comment_status":"open","ping_status":"open","sticky":false,"template":"","format":"standard","meta":{"footnotes":""},"categories":[21],"tags":[],"class_list":["post-128113","post","type-post","status-publish","format-standard","has-post-thumbnail","hentry","category-gazi-mert"],"views":425,"_links":{"self":[{"href":"https:\/\/mersingazetesi.com\/index.php\/wp-json\/wp\/v2\/posts\/128113","targetHints":{"allow":["GET"]}}],"collection":[{"href":"https:\/\/mersingazetesi.com\/index.php\/wp-json\/wp\/v2\/posts"}],"about":[{"href":"https:\/\/mersingazetesi.com\/index.php\/wp-json\/wp\/v2\/types\/post"}],"author":[{"embeddable":true,"href":"https:\/\/mersingazetesi.com\/index.php\/wp-json\/wp\/v2\/users\/11"}],"replies":[{"embeddable":true,"href":"https:\/\/mersingazetesi.com\/index.php\/wp-json\/wp\/v2\/comments?post=128113"}],"version-history":[{"count":1,"href":"https:\/\/mersingazetesi.com\/index.php\/wp-json\/wp\/v2\/posts\/128113\/revisions"}],"predecessor-version":[{"id":128114,"href":"https:\/\/mersingazetesi.com\/index.php\/wp-json\/wp\/v2\/posts\/128113\/revisions\/128114"}],"wp:featuredmedia":[{"embeddable":true,"href":"https:\/\/mersingazetesi.com\/index.php\/wp-json\/wp\/v2\/media\/126869"}],"wp:attachment":[{"href":"https:\/\/mersingazetesi.com\/index.php\/wp-json\/wp\/v2\/media?parent=128113"}],"wp:term":[{"taxonomy":"category","embeddable":true,"href":"https:\/\/mersingazetesi.com\/index.php\/wp-json\/wp\/v2\/categories?post=128113"},{"taxonomy":"post_tag","embeddable":true,"href":"https:\/\/mersingazetesi.com\/index.php\/wp-json\/wp\/v2\/tags?post=128113"}],"curies":[{"name":"wp","href":"https:\/\/api.w.org\/{rel}","templated":true}]}}