{"id":127979,"date":"2026-03-15T15:01:44","date_gmt":"2026-03-15T12:01:44","guid":{"rendered":"https:\/\/mersingazetesi.com\/?p=127979"},"modified":"2026-03-15T15:01:44","modified_gmt":"2026-03-15T12:01:44","slug":"mersin-tarsus-adana-hizli-tren-hattinda-calismalar-hizlandi","status":"publish","type":"post","link":"https:\/\/mersingazetesi.com\/index.php\/2026\/03\/15\/mersin-tarsus-adana-hizli-tren-hattinda-calismalar-hizlandi\/","title":{"rendered":"Mersin\u2013Tarsus\u2013Adana H\u0131zl\u0131 Tren Hatt\u0131nda \u00c7al\u0131\u015fmalar H\u0131zland\u0131"},"content":{"rendered":"<p>Mersin\u2019i Adana\u2019ya ba\u011flayacak h\u0131zl\u0131 tren projesinin Mersin\u2013Tarsus\u2013Adana etab\u0131nda ray d\u00f6\u015feme \u00e7al\u0131\u015fmalar\u0131 s\u00fcr\u00fcyor. Proje kapsam\u0131nda hat say\u0131s\u0131 d\u00f6rde \u00e7\u0131kar\u0131l\u0131rken, sahada ray ta\u015flama makineleri aral\u0131ks\u0131z \u00e7al\u0131\u015f\u0131yor.<\/p>\n<p>Altyap\u0131 ve \u00fcstyap\u0131 \u00e7al\u0131\u015fmalar\u0131n\u0131n h\u0131z kazand\u0131\u011f\u0131 projede ekipler, yeni hatlar\u0131n d\u00f6\u015fenmesi ve mevcut hatlar\u0131n modernizasyonu i\u00e7in yo\u011fun mesai harc\u0131yor. \u00c7al\u0131\u015fmalar\u0131n tamamlanmas\u0131yla birlikte Mersin, Tarsus ve Adana aras\u0131ndaki demiryolu ula\u015f\u0131m\u0131n\u0131n daha h\u0131zl\u0131, g\u00fcvenli ve y\u00fcksek kapasiteli hale gelmesi hedefleniyor.<\/p>\n","protected":false},"excerpt":{"rendered":"<p>Mersin\u2019i Adana\u2019ya ba\u011flayacak h\u0131zl\u0131 tren projesinin Mersin\u2013Tarsus\u2013Adana etab\u0131nda ray d\u00f6\u015feme \u00e7al\u0131\u015fmalar\u0131 s\u00fcr\u00fcyor. Proje kapsam\u0131nda hat say\u0131s\u0131 d\u00f6rde \u00e7\u0131kar\u0131l\u0131rken, sahada ray ta\u015flama makineleri aral\u0131ks\u0131z \u00e7al\u0131\u015f\u0131yor. Altyap\u0131 ve \u00fcstyap\u0131 \u00e7al\u0131\u015fmalar\u0131n\u0131n h\u0131z kazand\u0131\u011f\u0131 projede ekipler, yeni hatlar\u0131n d\u00f6\u015fenmesi ve mevcut hatlar\u0131n modernizasyonu i\u00e7in yo\u011fun mesai harc\u0131yor. \u00c7al\u0131\u015fmalar\u0131n tamamlanmas\u0131yla birlikte Mersin, Tarsus ve Adana aras\u0131ndaki demiryolu ula\u015f\u0131m\u0131n\u0131n daha h\u0131zl\u0131, [&hellip;]<\/p>\n","protected":false},"author":2,"featured_media":127980,"comment_status":"open","ping_status":"open","sticky":false,"template":"","format":"standard","meta":{"footnotes":""},"categories":[1],"tags":[],"class_list":["post-127979","post","type-post","status-publish","format-standard","has-post-thumbnail","hentry","category-gundem"],"views":440,"_links":{"self":[{"href":"https:\/\/mersingazetesi.com\/index.php\/wp-json\/wp\/v2\/posts\/127979","targetHints":{"allow":["GET"]}}],"collection":[{"href":"https:\/\/mersingazetesi.com\/index.php\/wp-json\/wp\/v2\/posts"}],"about":[{"href":"https:\/\/mersingazetesi.com\/index.php\/wp-json\/wp\/v2\/types\/post"}],"author":[{"embeddable":true,"href":"https:\/\/mersingazetesi.com\/index.php\/wp-json\/wp\/v2\/users\/2"}],"replies":[{"embeddable":true,"href":"https:\/\/mersingazetesi.com\/index.php\/wp-json\/wp\/v2\/comments?post=127979"}],"version-history":[{"count":1,"href":"https:\/\/mersingazetesi.com\/index.php\/wp-json\/wp\/v2\/posts\/127979\/revisions"}],"predecessor-version":[{"id":127981,"href":"https:\/\/mersingazetesi.com\/index.php\/wp-json\/wp\/v2\/posts\/127979\/revisions\/127981"}],"wp:featuredmedia":[{"embeddable":true,"href":"https:\/\/mersingazetesi.com\/index.php\/wp-json\/wp\/v2\/media\/127980"}],"wp:attachment":[{"href":"https:\/\/mersingazetesi.com\/index.php\/wp-json\/wp\/v2\/media?parent=127979"}],"wp:term":[{"taxonomy":"category","embeddable":true,"href":"https:\/\/mersingazetesi.com\/index.php\/wp-json\/wp\/v2\/categories?post=127979"},{"taxonomy":"post_tag","embeddable":true,"href":"https:\/\/mersingazetesi.com\/index.php\/wp-json\/wp\/v2\/tags?post=127979"}],"curies":[{"name":"wp","href":"https:\/\/api.w.org\/{rel}","templated":true}]}}