{"id":127969,"date":"2026-03-15T12:58:26","date_gmt":"2026-03-15T09:58:26","guid":{"rendered":"https:\/\/mersingazetesi.com\/?p=127969"},"modified":"2026-03-15T12:58:26","modified_gmt":"2026-03-15T09:58:26","slug":"tarsusta-ahira-yildirim-dustu-5-kucukbas-hayvan-telef-oldu","status":"publish","type":"post","link":"https:\/\/mersingazetesi.com\/index.php\/2026\/03\/15\/tarsusta-ahira-yildirim-dustu-5-kucukbas-hayvan-telef-oldu\/","title":{"rendered":"Tarsus\u2019ta ah\u0131ra y\u0131ld\u0131r\u0131m d\u00fc\u015ft\u00fc: 5 k\u00fc\u00e7\u00fckba\u015f hayvan telef oldu"},"content":{"rendered":"<p>Mersin\u2019in Tarsus il\u00e7esinde sabah saatlerinde etkili olan sa\u011fanak ya\u011f\u0131\u015f s\u0131ras\u0131nda bir ah\u0131ra y\u0131ld\u0131r\u0131m d\u00fc\u015fmesi sonucu 5 k\u00fc\u00e7\u00fckba\u015f hayvan telef oldu.<br \/>\nEdinilen bilgiye g\u00f6re olay, Tarsus&#8217;un \u00c7avu\u015flu Mahallesi K\u0131zkalesi mevkiinde meydana geldi. Sabah saatlerinde etkili olan ya\u011f\u0131\u015f esnas\u0131nda ah\u0131ra y\u0131ld\u0131r\u0131m d\u00fc\u015ft\u00fc. Y\u0131ld\u0131r\u0131m d\u00fc\u015fmesinin ard\u0131ndan ah\u0131rda bulunan k\u00fc\u00e7\u00fckba\u015f hayvanlardan 5\u2019i telef oldu. Olay sonras\u0131 b\u00f6lgede k\u0131sa s\u00fcreli panik ya\u015fan\u0131rken, durum yetkililere bildirildi.<br \/>\nAh\u0131r\u0131n sahibi Adem \u00c7elik, ah\u0131rda yakla\u015f\u0131k 200 k\u00fc\u00e7\u00fckba\u015f hayvan bulundu\u011funu, y\u0131ld\u0131r\u0131m d\u00fc\u015fmesi sonucu 5 hayvan\u0131n telef oldu\u011funu belirterek destek talebinde bulundu.<\/p>\n","protected":false},"excerpt":{"rendered":"<p>Mersin\u2019in Tarsus il\u00e7esinde sabah saatlerinde etkili olan sa\u011fanak ya\u011f\u0131\u015f s\u0131ras\u0131nda bir ah\u0131ra y\u0131ld\u0131r\u0131m d\u00fc\u015fmesi sonucu 5 k\u00fc\u00e7\u00fckba\u015f hayvan telef oldu. Edinilen bilgiye g\u00f6re olay, Tarsus&#8217;un \u00c7avu\u015flu Mahallesi K\u0131zkalesi mevkiinde meydana geldi. Sabah saatlerinde etkili olan ya\u011f\u0131\u015f esnas\u0131nda ah\u0131ra y\u0131ld\u0131r\u0131m d\u00fc\u015ft\u00fc. Y\u0131ld\u0131r\u0131m d\u00fc\u015fmesinin ard\u0131ndan ah\u0131rda bulunan k\u00fc\u00e7\u00fckba\u015f hayvanlardan 5\u2019i telef oldu. Olay sonras\u0131 b\u00f6lgede k\u0131sa s\u00fcreli [&hellip;]<\/p>\n","protected":false},"author":2,"featured_media":127970,"comment_status":"open","ping_status":"open","sticky":false,"template":"","format":"standard","meta":{"footnotes":""},"categories":[1],"tags":[],"class_list":["post-127969","post","type-post","status-publish","format-standard","has-post-thumbnail","hentry","category-gundem"],"views":357,"_links":{"self":[{"href":"https:\/\/mersingazetesi.com\/index.php\/wp-json\/wp\/v2\/posts\/127969","targetHints":{"allow":["GET"]}}],"collection":[{"href":"https:\/\/mersingazetesi.com\/index.php\/wp-json\/wp\/v2\/posts"}],"about":[{"href":"https:\/\/mersingazetesi.com\/index.php\/wp-json\/wp\/v2\/types\/post"}],"author":[{"embeddable":true,"href":"https:\/\/mersingazetesi.com\/index.php\/wp-json\/wp\/v2\/users\/2"}],"replies":[{"embeddable":true,"href":"https:\/\/mersingazetesi.com\/index.php\/wp-json\/wp\/v2\/comments?post=127969"}],"version-history":[{"count":1,"href":"https:\/\/mersingazetesi.com\/index.php\/wp-json\/wp\/v2\/posts\/127969\/revisions"}],"predecessor-version":[{"id":127971,"href":"https:\/\/mersingazetesi.com\/index.php\/wp-json\/wp\/v2\/posts\/127969\/revisions\/127971"}],"wp:featuredmedia":[{"embeddable":true,"href":"https:\/\/mersingazetesi.com\/index.php\/wp-json\/wp\/v2\/media\/127970"}],"wp:attachment":[{"href":"https:\/\/mersingazetesi.com\/index.php\/wp-json\/wp\/v2\/media?parent=127969"}],"wp:term":[{"taxonomy":"category","embeddable":true,"href":"https:\/\/mersingazetesi.com\/index.php\/wp-json\/wp\/v2\/categories?post=127969"},{"taxonomy":"post_tag","embeddable":true,"href":"https:\/\/mersingazetesi.com\/index.php\/wp-json\/wp\/v2\/tags?post=127969"}],"curies":[{"name":"wp","href":"https:\/\/api.w.org\/{rel}","templated":true}]}}