{"id":127966,"date":"2026-03-15T12:47:22","date_gmt":"2026-03-15T09:47:22","guid":{"rendered":"https:\/\/mersingazetesi.com\/?p=127966"},"modified":"2026-03-15T12:47:22","modified_gmt":"2026-03-15T09:47:22","slug":"ilber-hocanin-ardindan","status":"publish","type":"post","link":"https:\/\/mersingazetesi.com\/index.php\/2026\/03\/15\/ilber-hocanin-ardindan\/","title":{"rendered":"\u0130LBER HOCANIN ARDINDAN\u2026"},"content":{"rendered":"<div>Geleneklerimiz gere\u011fi, \u00f6lenlerin arkas\u0131ndan k\u00f6t\u00fc konu\u015fmak ve ele\u015ftirmek ho\u015f kar\u015f\u0131lanm\u0131yor.<\/div>\n<div>Ancak, Einstein\u2019\u0131n dedi\u011fi gibi, \u201cger\u00e7ekleri konu\u015facaksak nezaketi kap\u0131n\u0131n d\u0131\u015f\u0131ndaki ask\u0131ya tak\u0131p\u201d, \u00a0ger\u00e7ekleri de g\u00f6rmemezlikten gelmememiz gerekiyor.<\/div>\n<div dir=\"ltr\"><\/div>\n<div>\u0130lber hoca tart\u0131\u015fmas\u0131z \u00e7ok de\u011ferli ve birikimli, se\u00e7kin bir akademisyen, \u00e7ok iyi bir Osmanl\u0131 Tarih\u00e7isi ve entelekt\u00fcel bilgi k\u00fcp\u00fcyd\u00fc. Osmanl\u0131 \u0130mparatorlu\u011fu&#8217;nun gizemli bir\u00e7ok olay\u0131n\u0131, ard\u0131ndaki ger\u00e7ekleri ondan \u00f6\u011frendik. Bu y\u00f6nlerini kimse tart\u0131\u015famaz.<\/div>\n<div>Ancak b\u00f6ylesine toplumda \u00f6ne \u00e7\u0131kan \u015fahsiyetlerin, toplumsal geli\u015fmeler ya\u015fan\u0131rken, durduklar\u0131 yer ve ili\u015fkileri \u00e7ok \u00f6nemlidir.<\/div>\n<div>Hele hele bir tarih\u00e7i ise, tarihin ak\u0131\u015f\u0131 i\u00e7inde do\u011fru tarafta durmalar\u0131 gerekir.<\/div>\n<div>\u00d6rne\u011fin, Osmanl\u0131 \u0130mparatorlu\u011fu&#8217;nun \u00e7\u00f6kerken \u00fclkemizde \u00e7ok de\u011ferli hoca profes\u00f6r, ayd\u0131nlar, yazarlar ve ulemalar yok muydu?<\/div>\n<div>Vard\u0131, ancak kurtulu\u015f sava\u015f\u0131 s\u00fcresince, bunlar\u0131n bir k\u0131sm\u0131(Halide Edip Ad\u0131var gibi) b\u00fcy\u00fck Sultanahmet Mitingi&#8217;ni d\u00fczenleyerek i\u015fgale kar\u015f\u0131 toplumsal fark\u0131ndal\u0131\u011f\u0131 art\u0131rd\u0131lar.<\/div>\n<div>Sonra, Anadolu&#8217;ya ge\u00e7ip Mustafa Kemal\u2019e destek verdiler. Ankara\u2019da, Rifat B\u00f6rek\u00e7i gibi din adamlar\u0131 kefen paralar\u0131n\u0131 verip destek olurken, bir\u00e7ok ayd\u0131n, medrese alimi, din adamlar\u0131, ulema ve hac\u0131 hoca tak\u0131m\u0131, gazeteciler saray\u0131n talimat\u0131na uydular, d\u00fc\u015fmanla i\u015fbirli\u011fi yapt\u0131lar. Bir\u00e7o\u011fu da konforlar\u0131n\u0131 bozmay\u0131p, \u0130stanbul\u2019da duyars\u0131z kald\u0131lar. Kurtulu\u015f sava\u015f\u0131 ve bo\u011faz bo\u011faza m\u00fccadele s\u00fcrerken bo\u011fazda rak\u0131 i\u00e7meyi tercih ettiler. Hatta baz\u0131lar\u0131 saray\u0131n yardak\u00e7\u0131s\u0131 olup, halk\u0131 kurtulu\u015f sava\u015f\u0131na k\u0131\u015fk\u0131rtan yaz\u0131lar yazd\u0131lar ve Mustafa Kemal ve arkada\u015flar\u0131na kar\u015f\u0131 isyanlara te\u015fvik ettiler.<\/div>\n<div dir=\"ltr\"><\/div>\n<div>\u0130lber hocan\u0131n vefat\u0131n\u0131 duyunca, ger\u00e7ekten \u00fcz\u00fcld\u00fcm.<\/div>\n<div>Ancak onun FET\u00d6 ile ili\u015fkisini ortaya koyan kendi a\u011fz\u0131ndan \u00e7e\u015fitli kanallarda ve Samanyolu TV&#8217;de program ve video ifadelerini g\u00f6r\u00fcnce, itiraf etmeliyim ki \u00e7ok \u015fa\u015f\u0131rd\u0131m ve \u00fcz\u00fcld\u00fcm.<\/div>\n<div>\u00c7\u00fcnk\u00fc, kendisi herhangi biri de\u011fildi. Mustafa Kemal\u2019in, Anayasaya laiklik ilkesini koymas\u0131n\u0131n nedenini \u00e7ok iyi bilen ki\u015fiydi. Y\u00fczy\u0131llard\u0131r yoksul ve \u00e7aresiz Anadolu insan\u0131n\u0131 din t\u00fcccarl\u0131\u011f\u0131 ile sofras\u0131na \u00e7\u00f6ken, s\u00f6m\u00fcren tarikatlar\u0131, dinimizde tanr\u0131 ile kul aras\u0131nda ruhban s\u0131n\u0131f\u0131n\u0131n olmad\u0131\u011f\u0131n\u0131, tekke ve zaviyeleri, kapatmas\u0131n\u0131n nedenlerini en iyi o biliyordu.<\/div>\n<div dir=\"ltr\"><\/div>\n<div>Bura ra\u011fmen, 15 Temmuz 2016 da darbe yaparak 250 asker\/sivil \u015fehit vermemize, ekonomimizin \u00e7\u00f6kmesine, halk\u0131m\u0131z\u0131n yoksulla\u015fmas\u0131na neden olan ilkokul mezunu m\u00fcezzin, ka\u00e7ak ter\u00f6rist ba\u015f\u0131 Fethullah G\u00fclen\u2019le periyodik olarak g\u00f6r\u00fc\u015ft\u00fc\u011f\u00fcn\u00fc, onu ABD de ziyaret etmi\u015f olmas\u0131, yurtd\u0131\u015f\u0131 okullar\u0131nda dersler, seminer ve konferanslar vermi\u015f olmas\u0131 ger\u00e7ekten bana g\u00f6re inan\u0131l\u0131r ve \u015fehitlerimiz an\u0131s\u0131na kabul edilir gibi de\u011fil.<\/div>\n<div dir=\"ltr\"><\/div>\n<div>Kanaatimce, sadece akademik tarih \u00e7al\u0131\u015fmalar\u0131 ve Osmanl\u0131 tarihine yapt\u0131\u011f\u0131 katk\u0131lar\u0131, kitaplar\u0131 ve yeti\u015ftirdi\u011fi \u00f6\u011frencileri dikkate alarak onun hakk\u0131nda toplam bir yarg\u0131ya var\u0131lacaksa bu yanl\u0131\u015f olur.<\/div>\n<div>Her fani insan gibi hatalar\u0131n\u0131n da var oldu\u011funu kabul etmemiz ve s\u00f6yleyebilmemiz gerekir. Unutmayal\u0131m ki, 15 Temmuz 2016 darbesinden sonra, sadece Bank Asya\u2019da para yat\u0131rmaktan ba\u015fka su\u00e7u \u00a0olmayan saf ve temiz yurtta\u015flar\u0131m\u0131z cezaland\u0131r\u0131ld\u0131. Devlette g\u00f6revli bir\u00e7o\u011fu, Bylock uygulamas\u0131 kulland\u0131\u011f\u0131 i\u00e7in i\u015ften at\u0131ld\u0131, aileleri da\u011f\u0131t\u0131ld\u0131. Askeri liseler kapat\u0131ld\u0131. \u0130ltisakl\u0131 olduklar\u0131 gerek\u00e7esiyle at\u0131ld\u0131, askeri liseli savc\u0131 ve memurlara hapis cezalar\u0131 da verildi.<\/div>\n<div>Bu nedenle, Adalet, hukuk ve vicdan muhasebesi kar\u015f\u0131s\u0131nda, adil olmayan farkl\u0131 bir yakla\u015f\u0131ma, toplumsal vicdan\u0131m\u0131z raz\u0131 olacak m\u0131?<\/div>\n<div dir=\"ltr\"><\/div>\n<div>Ancak, \u00a0yine de toplumsal geleneklerimiz, dini rit\u00fcellerimiz ve geleneklerimiz gere\u011fi vefat etmi\u015f ki\u015filer arkas\u0131ndan k\u00f6t\u00fc konu\u015fmak, ele\u015ftirmek ho\u015f olmuyor.<\/div>\n<div dir=\"ltr\"><\/div>\n<div>Hayat\u0131m\u0131z -do\u011fru ve yanl\u0131\u015flar\u0131m\u0131zla- bir bilan\u00e7odur. Geleneklerimiz gere\u011fi, musalla ta\u015f\u0131na yat\u0131r\u0131lan her yurtta\u015f\u0131m\u0131z gibi cenaze namaz\u0131 \u00f6ncesi, imam\u0131n \u00a0\u201cnas\u0131l bilirdiniz?\u201d sorusuna, tabi ki bizler de, de\u011ferli akademisyen \u00a0\u0130lber hocam\u0131z i\u00e7in de -yanl\u0131\u015flar\u0131n\u0131 da unutmadan-, olumlu yanlar\u0131n\u0131 d\u00fc\u015f\u00fcnerek \u201ciyi bilirdik\u201d diyece\u011fiz.<\/div>\n<div dir=\"ltr\"><\/div>\n<div>Bilim D\u00fcnyam\u0131za yapt\u0131\u011f\u0131 katk\u0131lar, yeti\u015ftirdi\u011fi \u00f6\u011frenciler ve emekleri i\u00e7in te\u015fekk\u00fcr ve dua ederken, her fani gibi Tanr\u0131 g\u00fcnahlar\u0131n\u0131 da affetsin diyerek yaz\u0131m\u0131 noktal\u0131yorum.<\/div>\n","protected":false},"excerpt":{"rendered":"<p>Geleneklerimiz gere\u011fi, \u00f6lenlerin arkas\u0131ndan k\u00f6t\u00fc konu\u015fmak ve ele\u015ftirmek ho\u015f kar\u015f\u0131lanm\u0131yor. Ancak, Einstein\u2019\u0131n dedi\u011fi gibi, \u201cger\u00e7ekleri konu\u015facaksak nezaketi kap\u0131n\u0131n d\u0131\u015f\u0131ndaki ask\u0131ya tak\u0131p\u201d, \u00a0ger\u00e7ekleri de g\u00f6rmemezlikten gelmememiz gerekiyor. \u0130lber hoca tart\u0131\u015fmas\u0131z \u00e7ok de\u011ferli ve birikimli, se\u00e7kin bir akademisyen, \u00e7ok iyi bir Osmanl\u0131 Tarih\u00e7isi ve entelekt\u00fcel bilgi k\u00fcp\u00fcyd\u00fc. Osmanl\u0131 \u0130mparatorlu\u011fu&#8217;nun gizemli bir\u00e7ok olay\u0131n\u0131, ard\u0131ndaki ger\u00e7ekleri ondan \u00f6\u011frendik. Bu [&hellip;]<\/p>\n","protected":false},"author":13,"featured_media":126597,"comment_status":"open","ping_status":"open","sticky":false,"template":"","format":"standard","meta":{"footnotes":""},"categories":[28],"tags":[],"class_list":["post-127966","post","type-post","status-publish","format-standard","has-post-thumbnail","hentry","category-serdar-erkan"],"views":1416,"_links":{"self":[{"href":"https:\/\/mersingazetesi.com\/index.php\/wp-json\/wp\/v2\/posts\/127966","targetHints":{"allow":["GET"]}}],"collection":[{"href":"https:\/\/mersingazetesi.com\/index.php\/wp-json\/wp\/v2\/posts"}],"about":[{"href":"https:\/\/mersingazetesi.com\/index.php\/wp-json\/wp\/v2\/types\/post"}],"author":[{"embeddable":true,"href":"https:\/\/mersingazetesi.com\/index.php\/wp-json\/wp\/v2\/users\/13"}],"replies":[{"embeddable":true,"href":"https:\/\/mersingazetesi.com\/index.php\/wp-json\/wp\/v2\/comments?post=127966"}],"version-history":[{"count":2,"href":"https:\/\/mersingazetesi.com\/index.php\/wp-json\/wp\/v2\/posts\/127966\/revisions"}],"predecessor-version":[{"id":127968,"href":"https:\/\/mersingazetesi.com\/index.php\/wp-json\/wp\/v2\/posts\/127966\/revisions\/127968"}],"wp:featuredmedia":[{"embeddable":true,"href":"https:\/\/mersingazetesi.com\/index.php\/wp-json\/wp\/v2\/media\/126597"}],"wp:attachment":[{"href":"https:\/\/mersingazetesi.com\/index.php\/wp-json\/wp\/v2\/media?parent=127966"}],"wp:term":[{"taxonomy":"category","embeddable":true,"href":"https:\/\/mersingazetesi.com\/index.php\/wp-json\/wp\/v2\/categories?post=127966"},{"taxonomy":"post_tag","embeddable":true,"href":"https:\/\/mersingazetesi.com\/index.php\/wp-json\/wp\/v2\/tags?post=127966"}],"curies":[{"name":"wp","href":"https:\/\/api.w.org\/{rel}","templated":true}]}}