{"id":127961,"date":"2026-03-15T12:14:28","date_gmt":"2026-03-15T09:14:28","guid":{"rendered":"https:\/\/mersingazetesi.com\/?p=127961"},"modified":"2026-03-15T12:14:28","modified_gmt":"2026-03-15T09:14:28","slug":"tip-bayrami-nedir-islamin-tip-alanina-ne-gibi-katkisi-vardir","status":"publish","type":"post","link":"https:\/\/mersingazetesi.com\/index.php\/2026\/03\/15\/tip-bayrami-nedir-islamin-tip-alanina-ne-gibi-katkisi-vardir\/","title":{"rendered":"TIP BAYRAMI NED\u0130R? \u0130SLAM\u2019IN TIP ALANINA NE G\u0130B\u0130 KATKISI VARDIR?"},"content":{"rendered":"<div class=\"gs\">\n<div class=\"\">\n<div id=\":nh\" class=\"ii gt\">\n<div id=\":mr\" class=\"a3s aiL\">\n<div id=\"avWBGd-48\">\n<div dir=\"ltr\">\n<div dir=\"auto\">\u0130stanbul\u2019dan Say\u0131n TUNCER \u00d6ZT\u00dcRK soruyor:<\/div>\n<div dir=\"auto\">SORU: Bizler \u0130stanbul \u00dcniversitesi\u2019nde okuyan \u00f6\u011frencileriz.<\/div>\n<div dir=\"auto\">Ayn\u0131 evde kald\u0131\u011f\u0131m\u0131z T\u0131p Fak\u00fcltesi \u00f6\u011frencisi arkada\u015f\u0131m\u0131z\u0131n kitaplar\u0131n\u0131 da okuyoruz.<\/div>\n<div dir=\"auto\">Orada baz\u0131 \u0130slam bilginlerinin t\u0131p alan\u0131ndaki bulu\u015flar\u0131ndan s\u00f6z ediliyor.<\/div>\n<div dir=\"auto\">Hatta \u00fcniversitelerde baz\u0131 \u0130slam bilginlerinin kitaplar\u0131n\u0131n ders kitab\u0131 olarak okundu\u011fu s\u00f6yleniyor.<\/div>\n<div dir=\"auto\">\u0130slam dini hastal\u0131klar\u0131n tedavisi i\u00e7in ne gibi tavsiyelerde bulunmu\u015ftur?<\/div>\n<div dir=\"auto\">Peygamberimizin sa\u011fl\u0131kla ilgili \u00f6nerileri var m\u0131d\u0131r?<\/div>\n<div dir=\"auto\">\u0130slam\u2019\u0131n T\u0131p ilmine bak\u0131\u015f\u0131 nas\u0131ld\u0131r?<\/div>\n<div dir=\"auto\">T\u0131p bayram\u0131 nedir? T\u0131p bayram\u0131 ile ilgili bilgi verir misiniz?<\/div>\n<div dir=\"auto\">CEVAP:<\/div>\n<div dir=\"auto\">\u00d6ncelikle t\u00fcm doktorlar\u0131m\u0131z\u0131n, hem\u015firelerimizin ve t\u00fcm sa\u011fl\u0131k personelinin T\u0131p bayramlar\u0131n\u0131 kutluyorum.<\/div>\n<div dir=\"auto\">T\u0131p Bayram\u0131, 14 Mart\u2019ta T\u00fcrkiye&#8217;de sa\u011fl\u0131k alan\u0131nda g\u00f6rev yapan doktorlar ve t\u00fcm sa\u011fl\u0131k \u00e7al\u0131\u015fanlar\u0131n\u0131n emeklerini anmak ve onurland\u0131rmak i\u00e7in kutlanm\u0131\u015ft\u0131r.<\/div>\n<div dir=\"auto\">Osmanl\u0131 d\u00f6nemine kadar uzanan bu gelenek, modern t\u0131bb\u0131n \u00fclkemizdeki geli\u015fimiyle birlikte anlam kazanm\u0131\u015ft\u0131r.<\/div>\n<div dir=\"auto\">Her y\u0131l 14 Mart&#8217;ta, hastalar\u0131n iyile\u015fmesi ve toplum sa\u011fl\u0131\u011f\u0131 i\u00e7in fedak\u00e2rca \u00e7al\u0131\u015fan t\u00fcm sa\u011fl\u0131k emek\u00e7ilerine te\u015fekk\u00fcr etmek ve de\u011ferlerini hat\u0131rlatmak amac\u0131yla \u00e7e\u015fitli etkinlikler d\u00fczenlenmektedir.<\/div>\n<div dir=\"auto\">T\u00fcrkiye&#8217;de 14 Mart T\u0131p Bayram\u0131&#8217;n\u0131n k\u00f6keni, 1827 y\u0131l\u0131nda Osmanl\u0131 \u0130mparatorlu\u011fu&#8217;nda kurulan T\u0131bhane-i \u00c2mire ve ard\u0131ndan modern t\u0131bb\u0131n geli\u015fimiyle ilgilidir.<\/div>\n<div dir=\"auto\">14 Mart 1827&#8217;de, II. Mahmud d\u00f6neminde, Hekimba\u015f\u0131 Mustafa Beh\u00e7et&#8217;in \u00f6nerisiyle ilk cerrahhane, \u015eehzadeba\u015f\u0131&#8217;daki Tulumbac\u0131ba\u015f\u0131 Kona\u011f\u0131&#8217;nda T\u0131phane-i Amire ve Cerrahhane-i Amire ad\u0131yla kurulmu\u015ftur.<\/div>\n<div dir=\"auto\">Okulun kurulu\u015f g\u00fcn\u00fc olan 14 Mart, &#8220;T\u0131p Bayram\u0131&#8221; olarak kutlanmaktad\u0131r.<\/div>\n<div dir=\"auto\">1976&#8217;dan beri sadece 14 Mart g\u00fcn\u00fc de\u011fil, 14 Mart&#8217;\u0131 i\u00e7ine alan hafta boyunca kutlama yap\u0131lmakta ve bu hafta T\u0131p Haftas\u0131 olarak kabul edilmektedir.<\/div>\n<div dir=\"auto\">14 Mart 1919&#8217;da \u0130stanbul&#8217;daki T\u0131p Fak\u00fcltesi&#8217;nde hekimlerin bir araya gelerek mesleklerini ve bilimi kutlamas\u0131yla ba\u015flayan gelenek, 1929&#8217;dan itibaren resmi olarak &#8220;T\u0131p Bayram\u0131&#8221; ad\u0131yla kutlanmaya ba\u015flam\u0131\u015ft\u0131r.<\/div>\n<div dir=\"auto\">Bu tarih hem t\u0131p e\u011fitiminin modernle\u015fmesini hem de sa\u011fl\u0131k alan\u0131nda \u00e7al\u0131\u015fanlar\u0131n toplumdaki \u00f6nemini simgeler.<\/div>\n<div dir=\"auto\">T\u0131p Bayram\u0131, sadece doktorlar\u0131 de\u011fil, hem\u015fireleri, sa\u011fl\u0131k teknikerlerini ve sa\u011fl\u0131k sisteminde g\u00f6rev yapan t\u00fcm emek\u00e7ileri kapsar.<\/div>\n<div dir=\"auto\">Bug\u00fcn, sa\u011fl\u0131k \u00e7al\u0131\u015fanlar\u0131n\u0131n toplum sa\u011fl\u0131\u011f\u0131 i\u00e7in yapt\u0131\u011f\u0131 \u00f6zverili \u00e7al\u0131\u015fmalar\u0131 takdir etme ve te\u015fekk\u00fcr etme f\u0131rsat\u0131 sunar ve T\u00fcrkiye genelinde \u00e7e\u015fitli etkinliklerle kutlan\u0131r.<\/div>\n<div dir=\"auto\">\u00dcniversitelerde t\u00f6renler, sa\u011fl\u0131k kurumlar\u0131nda kutlamalar ve \u00e7e\u015fitli panel, konferans gibi faaliyetlerle sa\u011fl\u0131k \u00e7al\u0131\u015fanlar\u0131n\u0131n \u00f6nemi vurgulan\u0131r. Ayn\u0131 zamanda halk, sosyal medya ve mesajlarla doktorlara ve sa\u011fl\u0131k \u00e7al\u0131\u015fanlar\u0131na te\u015fekk\u00fcrlerini iletir.<\/div>\n<div dir=\"auto\">Peygamberimiz hastal\u0131klar\u0131n tedavisine b\u00fcy\u00fck \u00f6nem vermi\u015ftir.<\/div>\n<div dir=\"auto\">Peygamberimiz hastaland\u0131\u011f\u0131 zaman tedavi olmu\u015f ve ashab\u0131na da hastaland\u0131klar\u0131 zaman tedavi olmalar\u0131n\u0131 emretmi\u015ftir.<\/div>\n<div dir=\"auto\">Peygamberimizin tedavi konusundaki s\u00f6zleri T\u0131bbu\u2019n-Nebev\u00ee ad\u0131yla hadis ilminin alt kategorisini te\u015fkil eden bir bilim dal\u0131 haline gelmi\u015ftir.<\/div>\n<div dir=\"auto\">Tedavinin insanlar\u0131n f\u0131tr\u00ee bir ihtiyac\u0131 ve dinin de te\u015fvik etti\u011fi bir husus olmas\u0131 sebebiyle M\u00fcsl\u00fcmanlar erken zamanda t\u0131p konusuna \u00f6nem vermi\u015flerdir.<\/div>\n<div dir=\"auto\">Peygamberimizin vefat\u0131ndan y\u00fcz y\u0131l sonra her tarafta hastaneler kurulmaya, t\u0131p medreseleri a\u00e7\u0131lmaya ba\u015flanm\u0131\u015ft\u0131r.<\/div>\n<div dir=\"auto\">Mil\u00e2d\u00ee onuncu asra gelindi\u011finde Ba\u011fdat\u2019ta ki\u015fi ba\u015f\u0131na d\u00fc\u015fen hekim say\u0131s\u0131 neredeyse T\u00fcrkiye\u2019nin iki binli y\u0131llarda ki\u015fi ba\u015f\u0131na d\u00fc\u015fen hekim say\u0131s\u0131na e\u015fit gibiydi.<\/div>\n<div dir=\"auto\">\u0130slamiyet t\u0131p konusunda genel kaideler ve temel esaslar getirmi\u015ftir.<\/div>\n<div dir=\"auto\">Er-Razi, ibni Abbas, \u0130bn-i Cezzar, Ali bin \u0130sa gibi \u00fcnl\u00fc bilginler, t\u0131p bilginleri yeti\u015ftirmi\u015ftir.<\/div>\n<div dir=\"auto\">Eski S\u00fcmerler, M\u0131s\u0131rl\u0131lar, Yunanl\u0131lar ve Romal\u0131lar taraf\u0131ndan geli\u015ftirilen T\u0131p ilmi, M\u00fcsl\u00fcman bilginler taraf\u0131ndan en \u00fcst noktaya getirilmi\u015ftir.<\/div>\n<div dir=\"auto\">T\u0131p konusunda TEM\u0130ZL\u0130K temel kaide olarak ortaya konmu\u015ftur.<\/div>\n<div dir=\"auto\">Profes\u00f6r jacgues Risier\u2019in belirtti\u011fine g\u00f6re M\u00fcsl\u00fcman doktorlar 622-661 tarihleri aras\u0131nda yaralara pansuman yapmay\u0131, da\u011flamay\u0131, kan almay\u0131 biliyorlard\u0131.<\/div>\n<div dir=\"auto\">Tarihte ilk dispanserleri, ilk eczaneleri a\u00e7anlar M\u00fcsl\u00fcmanlar olmu\u015f, bug\u00fcnk\u00fc modern t\u0131bb\u0131n temellerini M\u00fcsl\u00fcmanlar atm\u0131\u015flard\u0131r.<\/div>\n<div dir=\"auto\">\u00c7i\u00e7ek ve k\u0131zam\u0131k hastal\u0131klar\u0131na kar\u015f\u0131 \u0130slam doktorlar\u0131n\u0131n yapt\u0131klar\u0131 tedavi \u015fekline g\u00fcn\u00fcm\u00fczde herhangi bir ekleme yap\u0131lmamaktad\u0131r.<\/div>\n<div dir=\"auto\">Ameliyatlarda uyutma y\u00f6ntemi ilk defa M\u00fcsl\u00fcman doktorlar taraf\u0131ndan ortaya konmu\u015ftur.<\/div>\n<div dir=\"auto\">Mafsal Romatizmas\u0131, b\u00f6brek ta\u015flar\u0131, \u00e7ocuk hastal\u0131ktan, kalp hastal\u0131klar\u0131 ile ilgili el-Razi\u2019nin ortaya koydu\u011fu g\u00f6r\u00fc\u015fler Avrupal\u0131lar\u0131n \u00fcniversitelerinde okutulmu\u015ftur.<\/div>\n<div dir=\"auto\">Hayvan kursa\u011f\u0131n\u0131n cerrahi diki\u015f maddesi olarak kullan\u0131lmas\u0131 yine onun bulu\u015fudur.<\/div>\n<div dir=\"auto\">Avrupa\u2019da\u201d Doktorlar\u0131n kral\u0131\u201d olarak an\u0131lan \u0130bn-i Sina\u2019n\u0131n uyu\u015fturucu ila\u00e7 kullanma, \u015feker hastalar\u0131n\u0131 idrar yolu ile ke\u015ffetme, Al ve Akyuvarlar, \u015earbon hastal\u0131\u011f\u0131 ile \u0130lgili bulu\u015flar\u0131 on yedinci y\u00fczy\u0131la kadar Avrupa \u00dcniversitelerinde ders olarak anlat\u0131lm\u0131\u015ft\u0131r.<\/div>\n<div dir=\"auto\">\u0130bn-i Sina\u2019n\u0131n yazd\u0131\u011f\u0131 \u201cKanun-u fi\u2019t-t\u0131p\u201d isimli eseri ders kitab\u0131 olarak okutulmu\u015ftur.<\/div>\n<div dir=\"auto\">Ebul- Kas\u0131m\u2019\u0131n kad\u0131n hastal\u0131klar\u0131 \u00fczerindeki \u00e7al\u0131\u015fmalar\u0131, cerrahi alan\u0131ndaki bulu\u015flar\u0131, ameliyattaki diki\u015f usulleri bug\u00fcn aynen devam etmektedir.<\/div>\n<div dir=\"auto\">\u0130bn-i Zuhr\u2019un akci\u011fer ameliyatlar\u0131, \u0130bn-i R\u00fc\u015fd\u2019\u00fcn zehirli ve ate\u015fli hastal\u0131klar, \u00eebn\u2019\u00fcl- Cezzar\u2019\u0131n i\u00e7 hastal\u0131klar, Ali bin \u0130sa\u2019n\u0131n g\u00f6z alan\u0131ndaki bulu\u015flar\u0131 Bat\u0131l\u0131 t\u0131p bilginlerine \u00f6rnek olmu\u015ftur.<\/div>\n<div dir=\"auto\">Ge\u00e7mi\u015f d\u00f6nemlerde yap\u0131lanlarla \u00f6v\u00fcnmek yeterli de\u011fildir.<\/div>\n<div dir=\"auto\">Bug\u00fcn T\u0131p alan\u0131nda pek \u00e7ok bulu\u015flar yap\u0131lmaktad\u0131r.<\/div>\n<div dir=\"auto\">M\u00fcsl\u00fcman T\u00fcrk doktorlar\u0131na d\u00fc\u015fen g\u00f6revlerin oldu\u011funa inan\u0131yoruz.<\/div>\n<div dir=\"auto\">Mektubunuzda belirtti\u011finiz gibi T\u0131p alan\u0131nda \u015fu anda Avrupal\u0131lardan geride kal\u0131\u015f\u0131m\u0131z\u0131n nedenini \u0130slam\u2019da aramak yanl\u0131\u015ft\u0131r.<\/div>\n<div dir=\"auto\">Kur\u2019an-\u0131 Kerim sadece bir T\u0131p kitab\u0131 de\u011fildir.<\/div>\n<div dir=\"auto\">M\u00fcsl\u00fcman doktorlar\u0131n Kur\u2019an ve Hadislerde i\u015faret edilen hususlardan hareketle yeni bulu\u015flar yapmas\u0131 en b\u00fcy\u00fck temennimizdir.<\/div>\n<div dir=\"auto\">Ho\u015f\u00e7a kal\u0131n\u0131z.<\/div>\n<div dir=\"auto\">Sorular\u0131n\u0131z i\u00e7in: (\u00a0<a href=\"mailto:gazimert333@gmail.com\" target=\"_blank\" rel=\"noopener\">gazimert333@gmail.com<\/a>\u00a0)<\/div>\n<\/div>\n<div class=\"yj6qo\"><\/div>\n<div class=\"adL\"><\/div>\n<\/div>\n<\/div>\n<\/div>\n<div id=\"avWBGd-49\" class=\"WhmR8e\" data-hash=\"0\"><\/div>\n<\/div>\n<\/div>\n","protected":false},"excerpt":{"rendered":"<p>\u0130stanbul\u2019dan Say\u0131n TUNCER \u00d6ZT\u00dcRK soruyor: SORU: Bizler \u0130stanbul \u00dcniversitesi\u2019nde okuyan \u00f6\u011frencileriz. Ayn\u0131 evde kald\u0131\u011f\u0131m\u0131z T\u0131p Fak\u00fcltesi \u00f6\u011frencisi arkada\u015f\u0131m\u0131z\u0131n kitaplar\u0131n\u0131 da okuyoruz. Orada baz\u0131 \u0130slam bilginlerinin t\u0131p alan\u0131ndaki bulu\u015flar\u0131ndan s\u00f6z ediliyor. Hatta \u00fcniversitelerde baz\u0131 \u0130slam bilginlerinin kitaplar\u0131n\u0131n ders kitab\u0131 olarak okundu\u011fu s\u00f6yleniyor. \u0130slam dini hastal\u0131klar\u0131n tedavisi i\u00e7in ne gibi tavsiyelerde bulunmu\u015ftur? Peygamberimizin sa\u011fl\u0131kla ilgili \u00f6nerileri var [&hellip;]<\/p>\n","protected":false},"author":11,"featured_media":126869,"comment_status":"open","ping_status":"open","sticky":false,"template":"","format":"standard","meta":{"footnotes":""},"categories":[21],"tags":[],"class_list":["post-127961","post","type-post","status-publish","format-standard","has-post-thumbnail","hentry","category-gazi-mert"],"views":406,"_links":{"self":[{"href":"https:\/\/mersingazetesi.com\/index.php\/wp-json\/wp\/v2\/posts\/127961","targetHints":{"allow":["GET"]}}],"collection":[{"href":"https:\/\/mersingazetesi.com\/index.php\/wp-json\/wp\/v2\/posts"}],"about":[{"href":"https:\/\/mersingazetesi.com\/index.php\/wp-json\/wp\/v2\/types\/post"}],"author":[{"embeddable":true,"href":"https:\/\/mersingazetesi.com\/index.php\/wp-json\/wp\/v2\/users\/11"}],"replies":[{"embeddable":true,"href":"https:\/\/mersingazetesi.com\/index.php\/wp-json\/wp\/v2\/comments?post=127961"}],"version-history":[{"count":1,"href":"https:\/\/mersingazetesi.com\/index.php\/wp-json\/wp\/v2\/posts\/127961\/revisions"}],"predecessor-version":[{"id":127962,"href":"https:\/\/mersingazetesi.com\/index.php\/wp-json\/wp\/v2\/posts\/127961\/revisions\/127962"}],"wp:featuredmedia":[{"embeddable":true,"href":"https:\/\/mersingazetesi.com\/index.php\/wp-json\/wp\/v2\/media\/126869"}],"wp:attachment":[{"href":"https:\/\/mersingazetesi.com\/index.php\/wp-json\/wp\/v2\/media?parent=127961"}],"wp:term":[{"taxonomy":"category","embeddable":true,"href":"https:\/\/mersingazetesi.com\/index.php\/wp-json\/wp\/v2\/categories?post=127961"},{"taxonomy":"post_tag","embeddable":true,"href":"https:\/\/mersingazetesi.com\/index.php\/wp-json\/wp\/v2\/tags?post=127961"}],"curies":[{"name":"wp","href":"https:\/\/api.w.org\/{rel}","templated":true}]}}