{"id":127958,"date":"2026-03-15T12:13:20","date_gmt":"2026-03-15T09:13:20","guid":{"rendered":"https:\/\/mersingazetesi.com\/?p=127958"},"modified":"2026-03-15T12:13:20","modified_gmt":"2026-03-15T09:13:20","slug":"mersinde-tarim-mudurlugunde-skandal-iddialari-lojman-tartismasi-bitmeden-at-eti-gundemi","status":"publish","type":"post","link":"https:\/\/mersingazetesi.com\/index.php\/2026\/03\/15\/mersinde-tarim-mudurlugunde-skandal-iddialari-lojman-tartismasi-bitmeden-at-eti-gundemi\/","title":{"rendered":"Mersin\u2019de Tar\u0131m M\u00fcd\u00fcrl\u00fc\u011f\u00fc\u2019nde Skandal \u0130ddialar\u0131:   Lojman Tart\u0131\u015fmas\u0131 Bitmeden \u201cAt Eti\u201d G\u00fcndemi!"},"content":{"rendered":"<p>Mersin\u2019de kamuoyunu sarsan iddialar giderek b\u00fcy\u00fcyor. Mersin \u0130l Tar\u0131m ve Orman M\u00fcd\u00fcrl\u00fc\u011f\u00fc\u2019nde g\u00f6rev yapan yakla\u015f\u0131k 8 personelin \u00e7al\u0131\u015ft\u0131\u011f\u0131 ofisin devlet b\u00fct\u00e7esi kullan\u0131larak \u0130l M\u00fcd\u00fcr\u00fc i\u00e7in s\u0131f\u0131rdan lojmana d\u00f6n\u00fc\u015ft\u00fcr\u00fcld\u00fc\u011f\u00fc y\u00f6n\u00fcndeki tart\u0131\u015fmalar hen\u00fcz g\u00fcndemden d\u00fc\u015fmemi\u015fken, kurum bu kez de \u201cat eti\u201d skandal\u0131yla yeniden konu\u015fulmaya ba\u015fland\u0131.<\/p>\n<p>\u0130ddialara g\u00f6re, Mersin B\u00fcy\u00fck\u015fehir Belediyesi ba\u015fta olmak \u00fczere baz\u0131 kurum ve kurulu\u015flara verilen etlerle ilgili ortaya \u00e7\u0131kan \u201cat eti\u201d skandal\u0131 sonras\u0131 g\u00f6zler yeniden \u0130l Tar\u0131m M\u00fcd\u00fcrl\u00fc\u011f\u00fc\u2019ne \u00e7evrildi. Kamuoyunda, denetimden sorumlu olan kurumun ba\u015f\u0131ndaki \u0130l M\u00fcd\u00fcr\u00fc hakk\u0131nda ciddi sorular soruluyor.<\/p>\n<p>&#8220;\u0130l m\u00fcd\u00fcr\u00fcn\u00fcn arkas\u0131nda kimler var?&#8221;<\/p>\n<div dir=\"ltr\"><\/div>\n<p>Vatanda\u015f ise tepkili:<\/p>\n<p>\u201cDevletin b\u00fct\u00e7esiyle yap\u0131lan lojman iddialar\u0131 a\u00e7\u0131kl\u0131\u011fa kavu\u015fmadan \u015fimdi bir de at eti skandal\u0131 g\u00fcndeme geliyor. Bu kadar b\u00fcy\u00fck bir olayda sorumluluk kimde? \u0130l m\u00fcd\u00fcr\u00fcn\u00fcn arkas\u0131nda kimler var?\u201d sorular\u0131 y\u00fcksek sesle dile getiriliyor.<\/p>\n<p>Kentte bir\u00e7ok ki\u015fi, iddialar\u0131n ba\u011f\u0131ms\u0131z ve \u015feffaf \u015fekilde ara\u015ft\u0131r\u0131lmas\u0131n\u0131 isterken, yetkililerden de net bir a\u00e7\u0131klama bekleniyor.<\/p>\n<p>Mersin kamuoyu \u015fimdi \u015fu sorunun yan\u0131t\u0131n\u0131 ar\u0131yor:<\/p>\n<p>Bu iddialar hakk\u0131nda bir soru\u015fturma a\u00e7\u0131lacak m\u0131, yoksa tart\u0131\u015fmalar yine cevaps\u0131z m\u0131 kalacak?<\/p>\n","protected":false},"excerpt":{"rendered":"<p>Mersin\u2019de kamuoyunu sarsan iddialar giderek b\u00fcy\u00fcyor. Mersin \u0130l Tar\u0131m ve Orman M\u00fcd\u00fcrl\u00fc\u011f\u00fc\u2019nde g\u00f6rev yapan yakla\u015f\u0131k 8 personelin \u00e7al\u0131\u015ft\u0131\u011f\u0131 ofisin devlet b\u00fct\u00e7esi kullan\u0131larak \u0130l M\u00fcd\u00fcr\u00fc i\u00e7in s\u0131f\u0131rdan lojmana d\u00f6n\u00fc\u015ft\u00fcr\u00fcld\u00fc\u011f\u00fc y\u00f6n\u00fcndeki tart\u0131\u015fmalar hen\u00fcz g\u00fcndemden d\u00fc\u015fmemi\u015fken, kurum bu kez de \u201cat eti\u201d skandal\u0131yla yeniden konu\u015fulmaya ba\u015fland\u0131. \u0130ddialara g\u00f6re, Mersin B\u00fcy\u00fck\u015fehir Belediyesi ba\u015fta olmak \u00fczere baz\u0131 kurum ve kurulu\u015flara [&hellip;]<\/p>\n","protected":false},"author":2,"featured_media":127959,"comment_status":"open","ping_status":"open","sticky":false,"template":"","format":"standard","meta":{"footnotes":""},"categories":[8,5],"tags":[],"class_list":["post-127958","post","type-post","status-publish","format-standard","has-post-thumbnail","hentry","category-mersin","category-saglik"],"views":2245,"_links":{"self":[{"href":"https:\/\/mersingazetesi.com\/index.php\/wp-json\/wp\/v2\/posts\/127958","targetHints":{"allow":["GET"]}}],"collection":[{"href":"https:\/\/mersingazetesi.com\/index.php\/wp-json\/wp\/v2\/posts"}],"about":[{"href":"https:\/\/mersingazetesi.com\/index.php\/wp-json\/wp\/v2\/types\/post"}],"author":[{"embeddable":true,"href":"https:\/\/mersingazetesi.com\/index.php\/wp-json\/wp\/v2\/users\/2"}],"replies":[{"embeddable":true,"href":"https:\/\/mersingazetesi.com\/index.php\/wp-json\/wp\/v2\/comments?post=127958"}],"version-history":[{"count":1,"href":"https:\/\/mersingazetesi.com\/index.php\/wp-json\/wp\/v2\/posts\/127958\/revisions"}],"predecessor-version":[{"id":127960,"href":"https:\/\/mersingazetesi.com\/index.php\/wp-json\/wp\/v2\/posts\/127958\/revisions\/127960"}],"wp:featuredmedia":[{"embeddable":true,"href":"https:\/\/mersingazetesi.com\/index.php\/wp-json\/wp\/v2\/media\/127959"}],"wp:attachment":[{"href":"https:\/\/mersingazetesi.com\/index.php\/wp-json\/wp\/v2\/media?parent=127958"}],"wp:term":[{"taxonomy":"category","embeddable":true,"href":"https:\/\/mersingazetesi.com\/index.php\/wp-json\/wp\/v2\/categories?post=127958"},{"taxonomy":"post_tag","embeddable":true,"href":"https:\/\/mersingazetesi.com\/index.php\/wp-json\/wp\/v2\/tags?post=127958"}],"curies":[{"name":"wp","href":"https:\/\/api.w.org\/{rel}","templated":true}]}}