{"id":127949,"date":"2026-03-15T11:16:07","date_gmt":"2026-03-15T08:16:07","guid":{"rendered":"https:\/\/mersingazetesi.com\/?p=127949"},"modified":"2026-03-15T11:16:07","modified_gmt":"2026-03-15T08:16:07","slug":"chpli-gulcan-kis-calisanlar-baski-altinda-sorularimiza-cevap-yok","status":"publish","type":"post","link":"https:\/\/mersingazetesi.com\/index.php\/2026\/03\/15\/chpli-gulcan-kis-calisanlar-baski-altinda-sorularimiza-cevap-yok\/","title":{"rendered":"CHP&#8217;li G\u00fclcan K\u0131\u015f: &#8220;\u00c7al\u0131\u015fanlar bask\u0131 alt\u0131nda, sorular\u0131m\u0131za cevap yok&#8221;"},"content":{"rendered":"<div>\n<div class=\"v1x_WordSection1\">\n<p class=\"v1x_MsoNormal\">TBMM\u00a0<b>Bay\u0131nd\u0131rl\u0131k, \u0130mar, Ula\u015ft\u0131rma ve Turizm Komisyonu \u00dcyesi<\/b>, CHP Mersin Milletvekili\u00a0<b>G\u00fclcan K\u0131\u015f<\/b>, T\u00fcrk Hava Yollar\u0131&#8217;nda (THY) \u00e7al\u0131\u015fma ko\u015fullar\u0131, sendikal s\u00fcre\u00e7ler ve y\u00f6netim ayr\u0131cal\u0131klar\u0131na ili\u015fkin iddialar\u0131n giderek artt\u0131\u011f\u0131n\u0131 belirterek, \u015firket i\u00e7inde ciddi bir y\u00f6netim\u2013\u00e7al\u0131\u015fan u\u00e7urumu olu\u015ftu\u011funu s\u00f6yledi.<\/p>\n<p class=\"v1x_MsoNormal\">K\u0131\u015f, THY \u00e7al\u0131\u015fanlar\u0131ndan gelen \u00e7ok say\u0131da ba\u015fvuruda a\u011f\u0131r \u00e7al\u0131\u015fma ko\u015fullar\u0131, sendikal s\u00fcre\u00e7lerde ya\u015fanan sorunlar ve \u00e7al\u0131\u015fanlar\u0131n ekonomik haklar\u0131na ili\u015fkin ciddi iddialar\u0131n yer ald\u0131\u011f\u0131n\u0131 ifade etti.<\/p>\n<p class=\"v1x_MsoNormal\">&#8220;T\u00fcrk Hava Yollar\u0131 bu \u00fclkenin bayrak ta\u015f\u0131y\u0131c\u0131s\u0131d\u0131r. Bu nedenle burada ya\u015fanan her geli\u015fme yaln\u0131zca bir \u015firket i\u00e7i mesele de\u011fildir. \u00c7al\u0131\u015fanlar\u0131n haklar\u0131, u\u00e7u\u015f g\u00fcvenli\u011fi ve kamu kaynaklar\u0131n\u0131n kullan\u0131m\u0131 do\u011frudan kamuoyunu ilgilendirir&#8221; dedi.<\/p>\n<p class=\"v1x_MsoNormal\">\n<p class=\"v1x_MsoNormal\"><b>&#8220;\u00c7ALI\u015eANLAR \u0130LE Y\u00d6NET\u0130M ARASINDA U\u00c7URUM VAR&#8221;<\/b><\/p>\n<p class=\"v1x_MsoNormal\">CHP&#8217;li K\u0131\u015f, \u015firket i\u00e7inde \u00fcst kademe y\u00f6neticiler i\u00e7in kullan\u0131lan &#8220;TK Ailesi&#8221; s\u00f6ylemine dikkat \u00e7ekerek \u00e7al\u0131\u015fanlar ile y\u00f6netim aras\u0131nda ciddi bir kopu\u015f olu\u015ftu\u011fu y\u00f6n\u00fcnde iddialar bulundu\u011funu s\u00f6yledi.<\/p>\n<p class=\"v1x_MsoNormal\">\u0130ddialara g\u00f6re \u00fcst kademe y\u00f6neticilerin sa\u011fl\u0131k imkanlar\u0131, u\u00e7u\u015f haklar\u0131, huzur hakk\u0131 \u00f6demeleri ve \u00e7e\u015fitli mali avantajlardan yararland\u0131\u011f\u0131, buna kar\u015f\u0131l\u0131k \u00e7al\u0131\u015fanlar\u0131n a\u011f\u0131r \u00e7al\u0131\u015fma ko\u015fullar\u0131 alt\u0131nda g\u00f6rev yapt\u0131\u011f\u0131 ifade ediliyor.<\/p>\n<p class=\"v1x_MsoNormal\">K\u0131\u015f, &#8220;Bize ula\u015fan iddialar \u00e7al\u0131\u015fanlar\u0131n ciddi bir bask\u0131 ortam\u0131 alt\u0131nda \u00e7al\u0131\u015ft\u0131\u011f\u0131n\u0131 g\u00f6steriyor. \u00c7al\u0131\u015fanlar\u0131n \u00f6nemli bir b\u00f6l\u00fcm\u00fc ya\u015fad\u0131klar\u0131 sorunlar\u0131 a\u00e7\u0131k \u015fekilde dile getirmekte zorland\u0131klar\u0131n\u0131 ifade ediyor&#8221; dedi.<\/p>\n<p class=\"v1x_MsoNormal\">\n<p class=\"v1x_MsoNormal\"><b>T\u0130S S\u00dcRE\u00c7LER\u0130 VE SEND\u0130KA TARTI\u015eMASI<\/b><\/p>\n<p class=\"v1x_MsoNormal\">T\u00fcrk Hava Yollar\u0131&#8217;nda \u00e7al\u0131\u015fanlar\u0131n en \u00e7ok tart\u0131\u015ft\u0131\u011f\u0131 konulardan birinin ise toplu i\u015f s\u00f6zle\u015fmesi s\u00fcre\u00e7leri oldu\u011funu belirten K\u0131\u015f, \u00e7al\u0131\u015fanlardan gelen \u015fik\u00e2yetlerin \u00f6zellikle bu ba\u015fl\u0131kta yo\u011funla\u015ft\u0131\u011f\u0131n\u0131 s\u00f6yledi.<\/p>\n<p class=\"v1x_MsoNormal\">\u0130ddialara g\u00f6re ilk toplu i\u015f s\u00f6zle\u015fmesi s\u00fcrecinde \u00e7al\u0131\u015fanlar\u0131n zaml\u0131 maa\u015flar\u0131n\u0131n \u00f6denmesi tart\u0131\u015fmal\u0131 bir s\u00fcre\u00e7 sonunda\u00a0<b>Nisan ay\u0131na kadar ertelendi<\/b>.<\/p>\n<p class=\"v1x_MsoNormal\">\u00c7al\u0131\u015fanlara s\u00f6z verilen\u00a0<b>ba\u015far\u0131 primlerinin ise farkl\u0131 kaynaklardan kar\u015f\u0131land\u0131\u011f\u0131<\/b>\u00a0y\u00f6n\u00fcnde iddialar g\u00fcndeme geldi.<\/p>\n<p class=\"v1x_MsoNormal\">Banka promosyon gelirlerinin bir b\u00f6l\u00fcm\u00fcn\u00fcn prim \u00f6demelerinde kullan\u0131ld\u0131\u011f\u0131 ileri s\u00fcr\u00fcl\u00fcrken, uzun y\u0131llard\u0131r uygulanan\u00a0<b>T\u0130S imza paras\u0131n\u0131n \u00f6denmemesi<\/b>\u00a0\u00e7al\u0131\u015fanlar aras\u0131nda tepki yaratt\u0131.<\/p>\n<p class=\"v1x_MsoNormal\">\n<p class=\"v1x_MsoNormal\"><b>\u0130K\u0130NC\u0130 T\u0130S S\u00dcREC\u0130NDE DE AYNI TARTI\u015eMALAR<\/b><\/p>\n<p class=\"v1x_MsoNormal\">Devam eden ikinci toplu i\u015f s\u00f6zle\u015fmesi s\u00fcrecinde de benzer tart\u0131\u015fmalar\u0131n s\u00fcrd\u00fc\u011f\u00fc ifade ediliyor.<\/p>\n<p class=\"v1x_MsoNormal\">\u00c7al\u0131\u015fanlar\u0131n en \u00e7ok merak etti\u011fi\u00a0<b>maa\u015f promosyonlar\u0131n\u0131n sendika taraf\u0131ndan g\u00fcndeme getirilmedi\u011fi<\/b>\u00a0y\u00f6n\u00fcnde ele\u015ftiriler bulunuyor.<\/p>\n<p class=\"v1x_MsoNormal\">Baz\u0131 \u00e7al\u0131\u015fanlar daha \u00f6nce s\u00f6z verilen ba\u015far\u0131 primlerinin yine banka promosyon gelirlerinden kar\u015f\u0131land\u0131\u011f\u0131n\u0131 iddia ederken, \u015firket i\u00e7inde bu kaynaklar\u0131n farkl\u0131 alanlarda de\u011ferlendirildi\u011fine ili\u015fkin \u00e7e\u015fitli iddialar da dile getiriliyor.<\/p>\n<p class=\"v1x_MsoNormal\">K\u0131\u015f, \u00e7al\u0131\u015fanlar aras\u0131nda sendikan\u0131n y\u00f6netimle uyumlu hareket etti\u011fi y\u00f6n\u00fcnde ele\u015ftirilerin de giderek artt\u0131\u011f\u0131n\u0131 s\u00f6yledi.<\/p>\n<p class=\"v1x_MsoNormal\">&#8220;\u00c7al\u0131\u015fanlar sendikan\u0131n kendilerini yeterince temsil etmedi\u011fini ifade ediyor. T\u0130S \u00f6ncesinde enflasyon art\u0131 enflasyonun y\u00fczde 10&#8217;u konu\u015fulurken, T\u0130S&#8217;te enflasyon art\u0131 y\u00fczde 3&#8217;e imza at\u0131lmas\u0131 \u00e7al\u0131\u015fanlar aras\u0131nda ciddi tepki yaratm\u0131\u015f durumda.&#8221;<\/p>\n<p class=\"v1x_MsoNormal\">\n<p class=\"v1x_MsoNormal\"><b>Y\u00d6NET\u0130M MAA\u015eLARI TARTI\u015eMA YARATIYOR<\/b><\/p>\n<p class=\"v1x_MsoNormal\">K\u0131\u015f, \u00e7al\u0131\u015fanlar\u0131n ekonomik haklar\u0131yla ilgili tart\u0131\u015fmalar s\u00fcrerken \u015firket y\u00f6netimine \u00f6denen maa\u015flar\u0131n da kamuoyunda dikkat \u00e7ekti\u011fini s\u00f6yledi.<\/p>\n<ul type=\"disc\">\n<li class=\"v1x_MsoNormal\">THY Y\u00f6netim Kurulu Ba\u015fkan\u0131\u00a0<b>Ahmet Bolat<\/b>\u00a0ayl\u0131k yakla\u015f\u0131k\u00a0<b>404 bin TL<\/b>,<\/li>\n<li class=\"v1x_MsoNormal\">THY Genel M\u00fcd\u00fcr\u00fc\u00a0<b>Bilal Ek\u015fi<\/b>\u00a0ayl\u0131k\u00a0<b>2 milyon 416 bin TL<\/b>,<\/li>\n<li class=\"v1x_MsoNormal\">Murat \u015eeker\u00a0<b>2 milyon 194 bin TL<\/b>,<\/li>\n<li class=\"v1x_MsoNormal\">Abdulkerim \u00c7ay ise\u00a0<b>1 milyon 994 bin TL<\/b>\u00a0maa\u015f al\u0131yor.<\/li>\n<\/ul>\n<p class=\"v1x_MsoNormal\">Toplamda\u00a0<b>15 ki\u015filik \u00fcst y\u00f6netimin devlete ayl\u0131k maliyetinin yakla\u015f\u0131k 21 milyon 115 bin TL<\/b>\u00a0oldu\u011fu ifade ediliyor.<\/p>\n<p class=\"v1x_MsoNormal\">K\u0131\u015f, &#8220;\u00c7al\u0131\u015fanlar banka promosyonu alamad\u0131klar\u0131n\u0131 ifade ederken y\u00f6netim maa\u015flar\u0131n\u0131n bu seviyelerde olmas\u0131 do\u011fal olarak ciddi tepki yarat\u0131yor&#8221; dedi.<\/p>\n<p class=\"v1x_MsoNormal\">\n<p class=\"v1x_MsoNormal\"><b>&#8220;U\u00c7U\u015e G\u00dcVENL\u0130\u011e\u0130 SORULARIMIZA CEVAP VER\u0130LMED\u0130&#8221;<\/b><\/p>\n<p class=\"v1x_MsoNormal\">CHP&#8217;li K\u0131\u015f, THY&#8217;de \u00e7al\u0131\u015fma ko\u015fullar\u0131 ve u\u00e7u\u015f g\u00fcvenli\u011fine ili\u015fkin iddialar \u00fczerine daha \u00f6nce Ula\u015ft\u0131rma ve Altyap\u0131 Bakan\u0131 Abdulkadir Uralo\u011flu&#8217;na\u00a0<b>18 maddelik yaz\u0131l\u0131 soru \u00f6nergesi<\/b>\u00a0verdi\u011fini de hat\u0131rlatt\u0131.<\/p>\n<p class=\"v1x_MsoNormal\">\u00d6nergede u\u00e7u\u015f ekiplerinde kronik yorgunluk olu\u015ftu\u011fu, teknik ar\u0131za kay\u0131tlar\u0131n\u0131n nas\u0131l de\u011ferlendirildi\u011fi, &#8220;Daily Check&#8221; kontrollerinin nas\u0131l yap\u0131ld\u0131\u011f\u0131 ve u\u00e7u\u015f planlamas\u0131na ili\u015fkin iddialar gibi bir\u00e7ok ba\u015fl\u0131k yer al\u0131yordu.<\/p>\n<p class=\"v1x_MsoNormal\">Ancak Bakanl\u0131k bu sorular\u0131n hi\u00e7birine yan\u0131t vermek yerine yaln\u0131zca THY&#8217;nin \u00f6zel hukuk t\u00fczel ki\u015fisi oldu\u011funa ili\u015fkin genel bir a\u00e7\u0131klama yapt\u0131.<\/p>\n<p class=\"v1x_MsoNormal\">K\u0131\u015f bu duruma tepki g\u00f6stererek \u015funlar\u0131 s\u00f6yledi:<\/p>\n<p class=\"v1x_MsoNormal\">&#8220;Ben \u015firketin ticari stat\u00fcs\u00fcn\u00fc sormad\u0131m. U\u00e7u\u015f g\u00fcvenli\u011fini sordum. \u00c7al\u0131\u015fanlar\u0131n \u00e7al\u0131\u015fma ko\u015fullar\u0131n\u0131 sordum. 18 sorunun hi\u00e7birine yan\u0131t verilmedi. Bu yakla\u015f\u0131m Meclis denetimini ciddiye almamakt\u0131r.&#8221;<\/p>\n<p class=\"v1x_MsoNormal\">\n<p class=\"v1x_MsoNormal\"><b>&#8220;THY&#8217;YE S\u0130YAS\u0130 KALKAN MI VAR?&#8221;<\/b><\/p>\n<p class=\"v1x_MsoNormal\">CHP&#8217;li K\u0131\u015f, T\u00fcrk Hava Yollar\u0131 Y\u00f6netim Kurulu Ba\u015fkan\u0131\u00a0<b>Ahmet Bolat&#8217;\u0131n Ticaret Bakan\u0131 \u00d6mer Bolat&#8217;\u0131n karde\u015fi oldu\u011funu<\/b>\u00a0hat\u0131rlatarak \u015fu soruyu y\u00f6neltti:<\/p>\n<p class=\"v1x_MsoNormal\">&#8220;Bu kadar ciddi iddia varken Ula\u015ft\u0131rma Bakanl\u0131\u011f\u0131 neden sessiz? U\u00e7u\u015f g\u00fcvenli\u011fi sorular\u0131na neden yan\u0131t verilmiyor? THY y\u00f6netimi siyasi bir koruma kalkan\u0131 alt\u0131nda m\u0131?&#8221;<\/p>\n<p class=\"v1x_MsoNormal\">\n<p class=\"v1x_MsoNormal\"><b>&#8220;BU KONUNUN TAK\u0130P\u00c7\u0130S\u0130 OLACA\u011eIZ&#8221;<\/b><\/p>\n<p class=\"v1x_MsoNormal\">G\u00fclcan K\u0131\u015f, T\u00fcrk Hava Yollar\u0131&#8217;n\u0131n yaln\u0131zca ticari bir \u015firket de\u011fil, T\u00fcrkiye&#8217;nin bayrak ta\u015f\u0131y\u0131c\u0131s\u0131 oldu\u011funu vurgulayarak \u015fu ifadeleri kulland\u0131:<\/p>\n<p class=\"v1x_MsoNormal\">&#8220;U\u00e7u\u015f g\u00fcvenli\u011fi, \u00e7al\u0131\u015fan haklar\u0131 ve kamu kaynaklar\u0131n\u0131n kullan\u0131m\u0131 hepimizi ilgilendirir. Bu kadar ciddi iddialar\u0131n \u00fczeri \u00f6rt\u00fclemez. Bu konunun Meclis&#8217;te ve kamuoyu \u00f6n\u00fcnde takip\u00e7isi olmaya devam edece\u011fiz.&#8221;<\/p>\n<p class=\"v1x_MsoNormal\">\n<\/div>\n<\/div>\n<div>\n<div class=\"v1x_WordSection1\">\n<p class=\"v1x_MsoNormal\">\n<p class=\"v1x_MsoNormal\">\n<\/div>\n<\/div>\n","protected":false},"excerpt":{"rendered":"<p>TBMM\u00a0Bay\u0131nd\u0131rl\u0131k, \u0130mar, Ula\u015ft\u0131rma ve Turizm Komisyonu \u00dcyesi, CHP Mersin Milletvekili\u00a0G\u00fclcan K\u0131\u015f, T\u00fcrk Hava Yollar\u0131&#8217;nda (THY) \u00e7al\u0131\u015fma ko\u015fullar\u0131, sendikal s\u00fcre\u00e7ler ve y\u00f6netim ayr\u0131cal\u0131klar\u0131na ili\u015fkin iddialar\u0131n giderek artt\u0131\u011f\u0131n\u0131 belirterek, \u015firket i\u00e7inde ciddi bir y\u00f6netim\u2013\u00e7al\u0131\u015fan u\u00e7urumu olu\u015ftu\u011funu s\u00f6yledi. K\u0131\u015f, THY \u00e7al\u0131\u015fanlar\u0131ndan gelen \u00e7ok say\u0131da ba\u015fvuruda a\u011f\u0131r \u00e7al\u0131\u015fma ko\u015fullar\u0131, sendikal s\u00fcre\u00e7lerde ya\u015fanan sorunlar ve \u00e7al\u0131\u015fanlar\u0131n ekonomik haklar\u0131na ili\u015fkin ciddi [&hellip;]<\/p>\n","protected":false},"author":2,"featured_media":127312,"comment_status":"open","ping_status":"open","sticky":false,"template":"","format":"standard","meta":{"footnotes":""},"categories":[1],"tags":[],"class_list":["post-127949","post","type-post","status-publish","format-standard","has-post-thumbnail","hentry","category-gundem"],"views":350,"_links":{"self":[{"href":"https:\/\/mersingazetesi.com\/index.php\/wp-json\/wp\/v2\/posts\/127949","targetHints":{"allow":["GET"]}}],"collection":[{"href":"https:\/\/mersingazetesi.com\/index.php\/wp-json\/wp\/v2\/posts"}],"about":[{"href":"https:\/\/mersingazetesi.com\/index.php\/wp-json\/wp\/v2\/types\/post"}],"author":[{"embeddable":true,"href":"https:\/\/mersingazetesi.com\/index.php\/wp-json\/wp\/v2\/users\/2"}],"replies":[{"embeddable":true,"href":"https:\/\/mersingazetesi.com\/index.php\/wp-json\/wp\/v2\/comments?post=127949"}],"version-history":[{"count":2,"href":"https:\/\/mersingazetesi.com\/index.php\/wp-json\/wp\/v2\/posts\/127949\/revisions"}],"predecessor-version":[{"id":127951,"href":"https:\/\/mersingazetesi.com\/index.php\/wp-json\/wp\/v2\/posts\/127949\/revisions\/127951"}],"wp:featuredmedia":[{"embeddable":true,"href":"https:\/\/mersingazetesi.com\/index.php\/wp-json\/wp\/v2\/media\/127312"}],"wp:attachment":[{"href":"https:\/\/mersingazetesi.com\/index.php\/wp-json\/wp\/v2\/media?parent=127949"}],"wp:term":[{"taxonomy":"category","embeddable":true,"href":"https:\/\/mersingazetesi.com\/index.php\/wp-json\/wp\/v2\/categories?post=127949"},{"taxonomy":"post_tag","embeddable":true,"href":"https:\/\/mersingazetesi.com\/index.php\/wp-json\/wp\/v2\/tags?post=127949"}],"curies":[{"name":"wp","href":"https:\/\/api.w.org\/{rel}","templated":true}]}}