{"id":127897,"date":"2026-03-14T16:27:05","date_gmt":"2026-03-14T13:27:05","guid":{"rendered":"https:\/\/mersingazetesi.com\/?p=127897"},"modified":"2026-03-14T16:27:05","modified_gmt":"2026-03-14T13:27:05","slug":"limonda-hasat-sonu-kadinlarin-yogun-mesaisi-suruyor","status":"publish","type":"post","link":"https:\/\/mersingazetesi.com\/index.php\/2026\/03\/14\/limonda-hasat-sonu-kadinlarin-yogun-mesaisi-suruyor\/","title":{"rendered":"Limonda hasat sonu: Kad\u0131nlar\u0131n yo\u011fun mesaisi s\u00fcr\u00fcyor"},"content":{"rendered":"<p>T\u00fcrkiye&#8217;nin limon deposu Mersin&#8217;in Erdemli il\u00e7esinde hasat sonuna yakla\u015f\u0131l\u0131rken, y\u00fczde 70&#8217;ini kad\u0131nlar\u0131n olu\u015fturdu\u011fu ayr\u0131\u015ft\u0131rma ve paketleme tesislerinde mesailer yo\u011funla\u015ft\u0131.<br \/>\nT\u00fcrkiye&#8217;de ya\u015f sebze ve meyve \u00fcretiminde \u00f6nemli bir yere sahip Mersin&#8217;de limon hasad\u0131n\u0131n sonuna gelindi. Limon deposu olarak bilinen Erdemli il\u00e7esinde hem hasatta hem de tesislerdeki ayr\u0131\u015ft\u0131rma ve paketleme de binlerce tar\u0131m i\u015f\u00e7isi \u00e7al\u0131\u015f\u0131yor. Eyl\u00fcl ay\u0131 ile birlikte hasad\u0131n ba\u015flad\u0131\u011f\u0131 b\u00f6lgede Mart ay\u0131nda sezon bitme a\u015famas\u0131na geliyor. Toplanan limonlar i\u00e7 ve d\u0131\u015f piyasaya sat\u0131l\u0131rken, \u00f6nemli bir b\u00f6l\u00fcm\u00fc de yaz\u0131n t\u00fcketilmek i\u00e7in so\u011fuk hava depolar\u0131na al\u0131n\u0131yor. Binlerce ailenin ekmek yedi\u011fi limonun yeti\u015ftirilmesinden, hasad\u0131na, ayr\u0131\u015ft\u0131rmas\u0131ndan paketlemesine kadar ki b\u00f6l\u00fcmde \u00e7al\u0131\u015fanlar\u0131n y\u00fczde 70&#8217;ini ise kad\u0131nlar olu\u015fturuyor.Ge\u00e7en y\u0131l sezonda bah\u00e7ede kilogram\u0131 5 ile 10 TL olan limon, bu sene 35 ile 50 TL aras\u0131nda al\u0131c\u0131 buldu.<\/p>\n<p>&#8220;Bir \u00e7ok \u00fclkeye ihra\u00e7 ediliyor&#8221;<br \/>\nLimon deposu Mersin&#8217;de hasat sonuna geldiklerini belirten \u00fcretici esnaflardan Murat Topal, son hasatlar\u0131n yap\u0131ld\u0131\u011f\u0131n\u0131 ancak tesislerde yo\u011fun mesainin s\u00fcrd\u00fc\u011f\u00fcn\u00fc s\u00f6yledi. Topal,&#8221; Hasat edilen depoya al\u0131nan \u00fcr\u00fcnler tesiste tek tek ayr\u0131\u015ft\u0131r\u0131l\u0131p ba\u015fta yurt i\u00e7inde \u0130stanbul&#8217;dan Diyarbak\u0131r&#8217;a Van&#8217;dan Ankara&#8217;ya kadar yurdun her yerine g\u00f6nderiliyor.Bunun yan\u0131 s\u0131ra Balkanlar&#8217;dan Rusya&#8217;ya ve Orta Do\u011fu\u2018ya bir \u00e7ok \u00fclkeye ihra\u00e7 ediliyor&#8221; dedi.<br \/>\nB\u00f6lgede yakla\u015f\u0131k 1 milyon ton limon \u00fcretimi yap\u0131ld\u0131\u011f\u0131na dikkat \u00e7eken Topal, Mersin&#8217;in T\u00fcrkiye&#8217;de limon \u00fcretiminde birinci s\u0131rada yer ald\u0131\u011f\u0131n\u0131n alt\u0131n\u0131 \u00e7izdi. Kad\u0131nlar\u0131n \u00fcretimdeki \u00f6nemine de vurgu yapan Topal,&#8221; Limon \u00fcretiminde dal\u0131ndan sofraya kadar olan s\u00fcre\u00e7te kad\u0131nlar yo\u011fun mesai harc\u0131yor. Narenciye paketleme fabrikalar\u0131nda \u00e7al\u0131\u015fan ve istihdam etti\u011fimiz personelin y\u00fczde 70&#8217;i kad\u0131nlardan olu\u015fuyor&#8221; diyerek s\u00f6zlerini tamamlad\u0131.<br \/>\nLimon hasad\u0131 yapan kad\u0131nlar, art\u0131k son bah\u00e7elere girdiklerini yakla\u015f\u0131k 10-15 g\u00fcn daha kesim i\u015fleri yapacaklar\u0131n\u0131 s\u00f6yledi. Limon ayr\u0131\u015ft\u0131rma ve paketleme de \u00e7al\u0131\u015fan kad\u0131nlarda, b\u00f6lgedeki her evden bir kad\u0131n\u0131n mutlaka \u00fcretimde yer ald\u0131\u011f\u0131n\u0131 s\u00f6yledi. Kad\u0131nlar,&#8221; Ailemizi, \u00e7ocuklar\u0131m\u0131z\u0131 ge\u00e7indirmek kolay de\u011fil. Kad\u0131nlar olarak \u00fcretimde yer al\u0131p \u00e7al\u0131\u015f\u0131yoruz&#8221; ifadelerini kulland\u0131.<\/p>\n","protected":false},"excerpt":{"rendered":"<p>T\u00fcrkiye&#8217;nin limon deposu Mersin&#8217;in Erdemli il\u00e7esinde hasat sonuna yakla\u015f\u0131l\u0131rken, y\u00fczde 70&#8217;ini kad\u0131nlar\u0131n olu\u015fturdu\u011fu ayr\u0131\u015ft\u0131rma ve paketleme tesislerinde mesailer yo\u011funla\u015ft\u0131. T\u00fcrkiye&#8217;de ya\u015f sebze ve meyve \u00fcretiminde \u00f6nemli bir yere sahip Mersin&#8217;de limon hasad\u0131n\u0131n sonuna gelindi. Limon deposu olarak bilinen Erdemli il\u00e7esinde hem hasatta hem de tesislerdeki ayr\u0131\u015ft\u0131rma ve paketleme de binlerce tar\u0131m i\u015f\u00e7isi \u00e7al\u0131\u015f\u0131yor. Eyl\u00fcl ay\u0131 [&hellip;]<\/p>\n","protected":false},"author":2,"featured_media":127898,"comment_status":"open","ping_status":"open","sticky":false,"template":"","format":"standard","meta":{"footnotes":""},"categories":[4,2],"tags":[],"class_list":["post-127897","post","type-post","status-publish","format-standard","has-post-thumbnail","hentry","category-ekonomi","category-kadin"],"views":6872,"_links":{"self":[{"href":"https:\/\/mersingazetesi.com\/index.php\/wp-json\/wp\/v2\/posts\/127897","targetHints":{"allow":["GET"]}}],"collection":[{"href":"https:\/\/mersingazetesi.com\/index.php\/wp-json\/wp\/v2\/posts"}],"about":[{"href":"https:\/\/mersingazetesi.com\/index.php\/wp-json\/wp\/v2\/types\/post"}],"author":[{"embeddable":true,"href":"https:\/\/mersingazetesi.com\/index.php\/wp-json\/wp\/v2\/users\/2"}],"replies":[{"embeddable":true,"href":"https:\/\/mersingazetesi.com\/index.php\/wp-json\/wp\/v2\/comments?post=127897"}],"version-history":[{"count":1,"href":"https:\/\/mersingazetesi.com\/index.php\/wp-json\/wp\/v2\/posts\/127897\/revisions"}],"predecessor-version":[{"id":127899,"href":"https:\/\/mersingazetesi.com\/index.php\/wp-json\/wp\/v2\/posts\/127897\/revisions\/127899"}],"wp:featuredmedia":[{"embeddable":true,"href":"https:\/\/mersingazetesi.com\/index.php\/wp-json\/wp\/v2\/media\/127898"}],"wp:attachment":[{"href":"https:\/\/mersingazetesi.com\/index.php\/wp-json\/wp\/v2\/media?parent=127897"}],"wp:term":[{"taxonomy":"category","embeddable":true,"href":"https:\/\/mersingazetesi.com\/index.php\/wp-json\/wp\/v2\/categories?post=127897"},{"taxonomy":"post_tag","embeddable":true,"href":"https:\/\/mersingazetesi.com\/index.php\/wp-json\/wp\/v2\/tags?post=127897"}],"curies":[{"name":"wp","href":"https:\/\/api.w.org\/{rel}","templated":true}]}}