{"id":127889,"date":"2026-03-14T10:10:21","date_gmt":"2026-03-14T07:10:21","guid":{"rendered":"https:\/\/mersingazetesi.com\/?p=127889"},"modified":"2026-03-14T10:10:21","modified_gmt":"2026-03-14T07:10:21","slug":"arslankoyde-ureticiler-konustu","status":"publish","type":"post","link":"https:\/\/mersingazetesi.com\/index.php\/2026\/03\/14\/arslankoyde-ureticiler-konustu\/","title":{"rendered":"ARSLANK\u00d6Y\u2019DE \u00dcRET\u0130C\u0130LER KONU\u015eTU:"},"content":{"rendered":"<p>Mersin\u2019in Arslank\u00f6y Mahallesi\u2019nde k\u00f6yde \u00fcretim yapan vatanda\u015flara \u201cK\u00f6yde \u00fcretim yapan kazanabiliyor mu?\u201d sorusu y\u00f6neltildi. \u00dcreticiler artan maliyetler ve d\u00fc\u015f\u00fck sat\u0131\u015f fiyatlar\u0131 nedeniyle ge\u00e7im sa\u011flaman\u0131n giderek zorla\u015ft\u0131\u011f\u0131n\u0131 dile getirdi.<\/p>\n<p>59 ya\u015f\u0131ndaki bir \u00e7ift\u00e7i, tar\u0131mda maliyetlerin \u00e7ok y\u00fckseldi\u011fini belirterek, \u201cA\u00e7\u0131k konu\u015fay\u0131m, kazanmak \u00e7ok zor. Mazot pahal\u0131, g\u00fcbre pahal\u0131, ila\u00e7 pahal\u0131. \u00dcr\u00fcn\u00fc satarken de istedi\u011fimiz fiyat\u0131 bulam\u0131yoruz. \u00dcreten \u00e7ok ama kazanan az\u201d dedi.<\/p>\n<p>44 ya\u015f\u0131ndaki hayvanc\u0131l\u0131kla u\u011fra\u015fan bir \u00fcretici ise yem fiyatlar\u0131n\u0131n b\u00fcy\u00fck y\u00fck olu\u015fturdu\u011funu ifade ederek, \u201cS\u00fct\u00fc sat\u0131yoruz ama masraf\u0131 kar\u015f\u0131lamak zor oluyor. Bazen \u2018bu i\u015fi b\u0131raksak m\u0131?\u2019 diye d\u00fc\u015f\u00fcnd\u00fc\u011f\u00fcm\u00fcz oluyor\u201d diye konu\u015ftu.<\/p>\n<p>Sebze \u00fcretimi yapan 37 ya\u015f\u0131ndaki bir \u00fcretici de tarladaki eme\u011fin kar\u015f\u0131l\u0131\u011f\u0131n\u0131 alamad\u0131klar\u0131n\u0131 belirterek, \u201cTarlada eme\u011fimiz \u00e7ok ama kazanc\u0131m\u0131z az. Bazen \u00fcr\u00fcn\u00fc pazara g\u00f6t\u00fcr\u00fcyoruz, fiyat d\u00fc\u015f\u00fcnce eme\u011fimiz bo\u015fa gidiyor. Bu y\u00fczden bir\u00e7ok ki\u015fi \u00fcretimden uzakla\u015f\u0131yor\u201d ifadelerini kulland\u0131.<\/p>\n<p>71 ya\u015f\u0131ndaki emekli bir \u00e7ift\u00e7i ise ge\u00e7mi\u015fle bug\u00fcn\u00fc k\u0131yaslayarak, \u201cEskiden k\u00f6yde \u00fcretim yapmak daha kolayd\u0131. \u015eimdi maliyetler artt\u0131. Gen\u00e7ler de bu y\u00fczden k\u00f6yde kalmak istemiyor\u201d dedi.<\/p>\n<p>Ar\u0131c\u0131l\u0131kla u\u011fra\u015fan 40 ya\u015f\u0131ndaki bir \u00fcretici de her y\u0131l masraflar\u0131n artt\u0131\u011f\u0131n\u0131 belirterek, \u201cBal \u00fcretmek kolay de\u011fil. Sat\u0131\u015f da her zaman istedi\u011fimiz gibi olmuyor\u201d \u015feklinde konu\u015ftu.<\/p>\n<p>Arslank\u00f6y\u2019de konu\u015fulan \u00fcreticiler, k\u00f6yde \u00fcretimin giderek zorla\u015ft\u0131\u011f\u0131n\u0131 ve artan maliyetlerin \u00fcreticiyi ciddi \u015fekilde etkiledi\u011fini dile getiriyor.<\/p>\n","protected":false},"excerpt":{"rendered":"<p>Mersin\u2019in Arslank\u00f6y Mahallesi\u2019nde k\u00f6yde \u00fcretim yapan vatanda\u015flara \u201cK\u00f6yde \u00fcretim yapan kazanabiliyor mu?\u201d sorusu y\u00f6neltildi. \u00dcreticiler artan maliyetler ve d\u00fc\u015f\u00fck sat\u0131\u015f fiyatlar\u0131 nedeniyle ge\u00e7im sa\u011flaman\u0131n giderek zorla\u015ft\u0131\u011f\u0131n\u0131 dile getirdi. 59 ya\u015f\u0131ndaki bir \u00e7ift\u00e7i, tar\u0131mda maliyetlerin \u00e7ok y\u00fckseldi\u011fini belirterek, \u201cA\u00e7\u0131k konu\u015fay\u0131m, kazanmak \u00e7ok zor. Mazot pahal\u0131, g\u00fcbre pahal\u0131, ila\u00e7 pahal\u0131. \u00dcr\u00fcn\u00fc satarken de istedi\u011fimiz fiyat\u0131 bulam\u0131yoruz. \u00dcreten [&hellip;]<\/p>\n","protected":false},"author":2,"featured_media":127890,"comment_status":"open","ping_status":"open","sticky":false,"template":"","format":"standard","meta":{"footnotes":""},"categories":[1],"tags":[],"class_list":["post-127889","post","type-post","status-publish","format-standard","has-post-thumbnail","hentry","category-gundem"],"views":354,"_links":{"self":[{"href":"https:\/\/mersingazetesi.com\/index.php\/wp-json\/wp\/v2\/posts\/127889","targetHints":{"allow":["GET"]}}],"collection":[{"href":"https:\/\/mersingazetesi.com\/index.php\/wp-json\/wp\/v2\/posts"}],"about":[{"href":"https:\/\/mersingazetesi.com\/index.php\/wp-json\/wp\/v2\/types\/post"}],"author":[{"embeddable":true,"href":"https:\/\/mersingazetesi.com\/index.php\/wp-json\/wp\/v2\/users\/2"}],"replies":[{"embeddable":true,"href":"https:\/\/mersingazetesi.com\/index.php\/wp-json\/wp\/v2\/comments?post=127889"}],"version-history":[{"count":1,"href":"https:\/\/mersingazetesi.com\/index.php\/wp-json\/wp\/v2\/posts\/127889\/revisions"}],"predecessor-version":[{"id":127891,"href":"https:\/\/mersingazetesi.com\/index.php\/wp-json\/wp\/v2\/posts\/127889\/revisions\/127891"}],"wp:featuredmedia":[{"embeddable":true,"href":"https:\/\/mersingazetesi.com\/index.php\/wp-json\/wp\/v2\/media\/127890"}],"wp:attachment":[{"href":"https:\/\/mersingazetesi.com\/index.php\/wp-json\/wp\/v2\/media?parent=127889"}],"wp:term":[{"taxonomy":"category","embeddable":true,"href":"https:\/\/mersingazetesi.com\/index.php\/wp-json\/wp\/v2\/categories?post=127889"},{"taxonomy":"post_tag","embeddable":true,"href":"https:\/\/mersingazetesi.com\/index.php\/wp-json\/wp\/v2\/tags?post=127889"}],"curies":[{"name":"wp","href":"https:\/\/api.w.org\/{rel}","templated":true}]}}