{"id":127885,"date":"2026-03-14T09:47:45","date_gmt":"2026-03-14T06:47:45","guid":{"rendered":"https:\/\/mersingazetesi.com\/?p=127885"},"modified":"2026-03-14T09:47:45","modified_gmt":"2026-03-14T06:47:45","slug":"mersin-buyuksehirin-ilaclama-ekipleri-kent-genelinde-hasere-mucadelesini-surduruyor","status":"publish","type":"post","link":"https:\/\/mersingazetesi.com\/index.php\/2026\/03\/14\/mersin-buyuksehirin-ilaclama-ekipleri-kent-genelinde-hasere-mucadelesini-surduruyor\/","title":{"rendered":"MERS\u0130N B\u00dcY\u00dcK\u015eEH\u0130R&#8217;\u0130N \u0130LA\u00c7LAMA EK\u0130PLER\u0130 KENT GENEL\u0130NDE HA\u015eERE M\u00dcCADELES\u0130N\u0130 S\u00dcRD\u00dcR\u00dcYOR"},"content":{"rendered":"<p>Mersin B\u00fcy\u00fck\u015fehir Belediyesi \u00c7evre Koruma ve Kontrol Dairesi Ba\u015fkanl\u0131\u011f\u0131 koordinesinde, kent genelinde vekt\u00f6rle m\u00fccadele \u00e7al\u0131\u015fmalar\u0131 y\u0131l\u0131n 365 g\u00fcn\u00fc aral\u0131ks\u0131z s\u00fcrd\u00fcr\u00fcl\u00fcyor. T\u00fcm y\u0131l boyunca 7\/24 esas\u0131na g\u00f6re y\u00fcr\u00fct\u00fclen ila\u00e7lama faaliyetleri, 134 ara\u00e7 ve 485 personel ile ger\u00e7ekle\u015ftiriliyor.<\/p>\n<p>&nbsp;<\/p>\n<p>T\u00fcrkiye Belediyeler Birli\u011fi ve Mersin B\u00fcy\u00fck\u015fehir Belediye Ba\u015fkan\u0131 Vahap Se\u00e7er&#8217;in \u00e7evre ve insan sa\u011fl\u0131\u011f\u0131na verdi\u011fi \u00f6nemle hizmetlerini \u00f6nceliklendiren B\u00fcy\u00fck\u015fehir Belediyesi, ya\u011f\u0131\u015fl\u0131 d\u00f6nemin ard\u0131ndan \u00f6zellikle k\u0131\u015flak alanlarda bulunan sivrisinekler ba\u015fta olmak \u00fczere \u00e7e\u015fitli ha\u015ferelere kar\u015f\u0131 m\u00fccadeleyi yo\u011funla\u015ft\u0131rd\u0131. B\u00fcy\u00fck\u015fehir ekipleri, kent genelinde belirlenen 115 binin \u00fczerindeki \u00fcreme kayna\u011f\u0131 noktas\u0131n\u0131 d\u00fczenli olarak kontrol ederek gerekli ila\u00e7lama uygulamalar\u0131n\u0131 titizlikle yap\u0131yor.<\/p>\n<p>&nbsp;<\/p>\n<p>Sivrisineklerin durgun sularda \u00fcremesi nedeniyle, su birikintileri, foseptikler, r\u00f6garlar, PTT kapaklar\u0131, menfezler, bodrumlar, dere yataklar\u0131 ve ye\u015fil alanlarda periyodik ila\u00e7lama faaliyetleri y\u00fcr\u00fct\u00fcl\u00fcyor. Yaz aylar\u0131nda ak\u015fam saatlerinde s\u0131cakl\u0131\u011f\u0131n belirli bir derecenin \u00fczerine \u00e7\u0131kmas\u0131yla birlikte gece u\u00e7kun ila\u00e7lama \u00e7al\u0131\u015fmalar\u0131 da devreye al\u0131n\u0131yor. B\u00fcy\u00fck\u015fehir Belediyesi&#8217;nin kent genelinde s\u00fcrd\u00fcrd\u00fc\u011f\u00fc kapsaml\u0131 ila\u00e7lama \u00e7al\u0131\u015fmalarla, halk sa\u011fl\u0131\u011f\u0131n\u0131n korunmas\u0131 ve ya\u015fam konforunun art\u0131r\u0131lmas\u0131 hedefleniyor<\/p>\n<p>&nbsp;<\/p>\n<p><strong>Uygun: &#8220;Mersin genelinde 115 binin \u00fczerinde kaynak noktas\u0131n\u0131 d\u00fczenli olarak ila\u00e7l\u0131yoruz&#8221;<\/strong><\/p>\n<p>Mersin B\u00fcy\u00fck\u015fehir Belediyesi \u00c7evre Koruma ve Kontrol Daire Ba\u015fkanl\u0131\u011f\u0131&#8217;nda g\u00f6rev yapan vekt\u00f6rle m\u00fccadele birim \u015fefi Zeynep Gizem Uygun, Mersin il genelinde ila\u00e7lama hizmetlerini 134 ara\u00e7, 485 personel ile 365 g\u00fcn aral\u0131ks\u0131z olarak s\u00fcrd\u00fcrd\u00fcklerini belirterek, &#8220;<strong>Ya\u011fmurlu bir d\u00f6nemden ge\u00e7tik. Havan\u0131n \u0131s\u0131nmas\u0131yla birlikte k\u0131\u015flak zamanda olan ba\u015fta sivrisinekler olmak \u00fczere, di\u011fer ha\u015ferelerin ortaya \u00e7\u0131karabilece\u011fi sorunlarla m\u00fccadele etmeye devam ediyoruz. Esas hedefimiz, \u00fcreme kayna\u011f\u0131 noktalar\u0131n\u0131n tamamen ortadan kald\u0131r\u0131lmas\u0131d\u0131r. Mersin il genelinde belirlemi\u015f oldu\u011fumuz 115 binin \u00fczerinde kaynak noktas\u0131na d\u00fczenli olarak giderek gerekli uygulamalar\u0131 yap\u0131yoruz&#8221;\u00a0<\/strong>dedi.<\/p>\n<p>&nbsp;<\/p>\n<p>Sivrisineklerin durgun sularda \u00fcredi\u011fini, yumurtalar\u0131n\u0131 durgun suya b\u0131rakarak larva ve u\u00e7kun d\u00f6nemine ge\u00e7tiklerini anlatan Uygun<strong>, &#8220;Yaz aylar\u0131nda havalar\u0131n ak\u015fam belli bir santigrat derecenin \u00fczerine \u00e7\u0131kmas\u0131yla birlikte de gece u\u00e7kun \u00e7al\u0131\u015fmam\u0131z\u0131 ba\u015flat\u0131yoruz. \u00d6zellikle yayla kesimlerindeki vatanda\u015flar\u0131m\u0131zdan bah\u00e7elerinde kovalarda su b\u0131rakmamalar\u0131, su birikintileri ve su at\u0131klar\u0131na m\u00fcsaade etmemelerini rica ediyoruz. \u00c7\u00f6plerini a\u011fz\u0131 ba\u011fl\u0131 ve kapal\u0131 bir \u015fekilde atmalar\u0131 konusunda bizlere destek vermelerini bekliyoruz. Foseptikler, r\u00f6garlar, PTT kapaklar\u0131, menfezler, bodrumlar, dere yataklar\u0131, ye\u015fil aksamlar gibi b\u00fct\u00fcn alanlarda ila\u00e7lama faaliyetlerini s\u00fcrd\u00fcr\u00fcyoruz. Vatanda\u015flar\u0131m\u0131z rahat olsunlar. Mersin B\u00fcy\u00fck\u015fehir Belediyesi \u00c7evre ve Koruma ve Kontrol Dairesi Ba\u015fkanl\u0131\u011f\u0131 olarak 7\/24 sahalarday\u0131z&#8221;\u00a0<\/strong>diye konu\u015ftu.<\/p>\n<p>&nbsp;<\/p>\n<p><strong>Ekici: &#8220;\u0130la\u00e7lama taleplerimiz acil \u015fekilde kar\u015f\u0131lan\u0131yor&#8221;<\/strong><\/p>\n<p>\u00c7ankaya Mahallesi Muhtar\u0131 Hatice Ekici, Ba\u015fkan Se\u00e7er&#8217;e yapt\u0131\u011f\u0131 hizmetlerden dolay\u0131 te\u015fekk\u00fcr ederek,<strong>\u00a0&#8220;\u0130la\u00e7lama konusunda da \u00e7ok \u015f\u00fck\u00fcr hi\u00e7bir \u015fekilde sorunumuz yok. Taleplerimiz acil bir \u015fekilde halloluyor. Depolar\u0131m\u0131z, s\u0131\u011f\u0131naklar\u0131m\u0131z, ila\u00e7lanmas\u0131 gereken yerler ila\u00e7lan\u0131yor. Hi\u00e7bir \u015fikayetimiz yok&#8221;\u00a0<\/strong>dedi.<\/p>\n<p>&nbsp;<\/p>\n<p>Vatanda\u015flar\u0131n da baz\u0131 konularda dikkatli olmas\u0131 gerekti\u011fini dikkat \u00e7eken Ekici,\u00a0 &#8220;<strong>Damlar\u0131nda, balkonlar\u0131nda su birikintisi oldu\u011fu zaman zaten sivrisine\u011fin kesilmesi m\u00fcmk\u00fcn de\u011fil. Belediyenin vermi\u015f oldu\u011fu katk\u0131yla \u00e7\u00f6z\u00fcm\u00fc hep beraber halletmemiz gerekiyor. Vatanda\u015fa birebir gidiyoruz, durumu izah ediyoruz. Su birikintisinin bir tek benim mahallem de\u011fil, Akdeniz&#8217;e yetecek kadar lavra \u00fcretebilece\u011fini kendilerine izah ediyoruz. \u00c7\u00f6z\u00fcm konusunda vatanda\u015f\u0131m\u0131z da duyarl\u0131 olursa b\u00f6yle bir sorunu bu sene ya\u015famayaca\u011f\u0131m\u0131z\u0131 \u00fcmit ediyoruz&#8221;\u00a0<\/strong>ifadelerine yer verdi.<\/p>\n<p>&nbsp;<\/p>\n<p><strong>Vatanda\u015flar ila\u00e7lama \u00e7al\u0131\u015fmalar\u0131ndan memnun<\/strong><\/p>\n<p>Vatanda\u015flardan H\u00fcseyin K\u00f6se, Ba\u015fkan Se\u00e7er&#8217;den ve hizmetlerinden \u00e7ok memnun oldu\u011funu anlatarak,\u00a0<strong>&#8220;Ben Mersin&#8217;e geleli 34 y\u0131l oldu. 34 y\u0131l zarf\u0131nda 4, 5 B\u00fcy\u00fck\u015fehir Belediye Ba\u015fkan\u0131 g\u00f6rd\u00fcm. Hi\u00e7birinin Vahap Ba\u015fkan gibi \u00e7al\u0131\u015ft\u0131\u011f\u0131n\u0131 g\u00f6rmedim. Vahap Ba\u015fkan yollar\u0131 desen d\u00f6rt d\u00f6rtl\u00fck yapt\u0131. K\u00f6ylere arabalar, otob\u00fcsler koydu. Yollar\u0131 geni\u015fletti. Ben k\u00f6ylerde \u00e7ok \u00e7al\u0131\u015ft\u0131m. Arabalar\u0131m\u0131z yolda kal\u0131yordu. \u0130la\u00e7lama \u00e7al\u0131\u015fmalar\u0131 da \u00e7ok g\u00fczel. Ben 50. Y\u0131l Mahallesi&#8217;nde oturuyorum. Ka\u00e7 senedir sinek g\u00f6rmedim&#8221;\u00a0<\/strong>dedi.<\/p>\n<p>&nbsp;<\/p>\n<p>Vatanda\u015flardan Ali Aktu\u011f ise\u00a0<strong>&#8220;B\u00fcy\u00fck\u015fehir Belediye Ba\u015fkan\u0131m\u0131z Vahap Se\u00e7er ger\u00e7ekten \u00e7ok g\u00fczel hizmetler veriyor ve \u00e7ok g\u00fczel \u00e7al\u0131\u015fmalar yap\u0131yor. Bir\u00e7ok projesi var. Vahap Bey&#8217;den \u00e7ok memnunuz. \u0130la\u00e7lama konusunda da \u00e7ok memnunuz. \u00c7ok g\u00fczel \u00e7al\u0131\u015fmalar yap\u0131l\u0131yor. Yaz\u0131n da rahat\u0131z. \u00c7\u00fcnk\u00fc yaz g\u00fcn\u00fc de her mahallede ila\u00e7lama oluyor. Bunun fark\u0131nday\u0131m, g\u00f6r\u00fcyorum&#8221;\u00a0<\/strong>diye konu\u015ftu.<\/p>\n","protected":false},"excerpt":{"rendered":"<p>Mersin B\u00fcy\u00fck\u015fehir Belediyesi \u00c7evre Koruma ve Kontrol Dairesi Ba\u015fkanl\u0131\u011f\u0131 koordinesinde, kent genelinde vekt\u00f6rle m\u00fccadele \u00e7al\u0131\u015fmalar\u0131 y\u0131l\u0131n 365 g\u00fcn\u00fc aral\u0131ks\u0131z s\u00fcrd\u00fcr\u00fcl\u00fcyor. T\u00fcm y\u0131l boyunca 7\/24 esas\u0131na g\u00f6re y\u00fcr\u00fct\u00fclen ila\u00e7lama faaliyetleri, 134 ara\u00e7 ve 485 personel ile ger\u00e7ekle\u015ftiriliyor. &nbsp; T\u00fcrkiye Belediyeler Birli\u011fi ve Mersin B\u00fcy\u00fck\u015fehir Belediye Ba\u015fkan\u0131 Vahap Se\u00e7er&#8217;in \u00e7evre ve insan sa\u011fl\u0131\u011f\u0131na verdi\u011fi \u00f6nemle hizmetlerini \u00f6nceliklendiren [&hellip;]<\/p>\n","protected":false},"author":2,"featured_media":127886,"comment_status":"open","ping_status":"open","sticky":false,"template":"","format":"standard","meta":{"footnotes":""},"categories":[1],"tags":[],"class_list":["post-127885","post","type-post","status-publish","format-standard","has-post-thumbnail","hentry","category-gundem"],"views":347,"_links":{"self":[{"href":"https:\/\/mersingazetesi.com\/index.php\/wp-json\/wp\/v2\/posts\/127885","targetHints":{"allow":["GET"]}}],"collection":[{"href":"https:\/\/mersingazetesi.com\/index.php\/wp-json\/wp\/v2\/posts"}],"about":[{"href":"https:\/\/mersingazetesi.com\/index.php\/wp-json\/wp\/v2\/types\/post"}],"author":[{"embeddable":true,"href":"https:\/\/mersingazetesi.com\/index.php\/wp-json\/wp\/v2\/users\/2"}],"replies":[{"embeddable":true,"href":"https:\/\/mersingazetesi.com\/index.php\/wp-json\/wp\/v2\/comments?post=127885"}],"version-history":[{"count":1,"href":"https:\/\/mersingazetesi.com\/index.php\/wp-json\/wp\/v2\/posts\/127885\/revisions"}],"predecessor-version":[{"id":127887,"href":"https:\/\/mersingazetesi.com\/index.php\/wp-json\/wp\/v2\/posts\/127885\/revisions\/127887"}],"wp:featuredmedia":[{"embeddable":true,"href":"https:\/\/mersingazetesi.com\/index.php\/wp-json\/wp\/v2\/media\/127886"}],"wp:attachment":[{"href":"https:\/\/mersingazetesi.com\/index.php\/wp-json\/wp\/v2\/media?parent=127885"}],"wp:term":[{"taxonomy":"category","embeddable":true,"href":"https:\/\/mersingazetesi.com\/index.php\/wp-json\/wp\/v2\/categories?post=127885"},{"taxonomy":"post_tag","embeddable":true,"href":"https:\/\/mersingazetesi.com\/index.php\/wp-json\/wp\/v2\/tags?post=127885"}],"curies":[{"name":"wp","href":"https:\/\/api.w.org\/{rel}","templated":true}]}}