{"id":127882,"date":"2026-03-14T09:46:22","date_gmt":"2026-03-14T06:46:22","guid":{"rendered":"https:\/\/mersingazetesi.com\/?p=127882"},"modified":"2026-03-14T09:46:22","modified_gmt":"2026-03-14T06:46:22","slug":"mezitlide-kadin-emegiyle-hazirlanan-sofralar-binleri-bulusturdu","status":"publish","type":"post","link":"https:\/\/mersingazetesi.com\/index.php\/2026\/03\/14\/mezitlide-kadin-emegiyle-hazirlanan-sofralar-binleri-bulusturdu\/","title":{"rendered":"MEZ\u0130TL\u0130&#8217;DE KADIN EME\u011e\u0130YLE HAZIRLANAN SOFRALAR B\u0130NLER\u0130 BULU\u015eTURDU"},"content":{"rendered":"<p class=\"v1MsoNormal\">Mezitli Belediyesi&#8217;nin d\u00fczenledi\u011fi iftar program\u0131nda binlerce vatanda\u015f ayn\u0131 sofrada bulu\u015ftu. Etkinli\u011fin en dikkat \u00e7eken y\u00f6nlerinden biri, Belediye Ba\u015fkan\u0131 Ahmet Serkan Tuncer&#8217;in kad\u0131n eme\u011fini g\u00f6r\u00fcn\u00fcr k\u0131lmak ve b\u00fct\u00e7elerine katk\u0131 sa\u011flamak amac\u0131yla yemeklerin \u00fcretici kad\u0131nlar taraf\u0131ndan haz\u0131rlanmas\u0131n\u0131 sa\u011flamas\u0131 oldu. B\u00fcy\u00fck kazanlarda kaynayan yemekler hem \u00fcreticilerin eme\u011fini \u00f6n plana \u00e7\u0131kard\u0131 hem de binlerce vatanda\u015f\u0131 ayn\u0131 sofrada bulu\u015fturdu.<\/p>\n<p class=\"v1MsoNormal\">\n<p class=\"v1MsoNormal\">Sabah\u0131n erken saatlerinden itibaren ba\u015flayan haz\u0131rl\u0131klar, b\u00fcy\u00fck kazanlarda kaynayan yemekler, ve kad\u0131nlar\u0131n el birli\u011fiyle y\u00fcr\u00fctt\u00fc\u011f\u00fc hummal\u0131 \u00e7al\u0131\u015fmalarla s\u00fcrd\u00fc. Mezitli Belediye Ba\u015fkan\u0131 Ahmet Serkan Tuncer&#8217;in hem kad\u0131n \u00fcreticilere destek olmak hem de iftar sofralar\u0131na bereket katmak amac\u0131yla d\u00fczenledi\u011fi Ramazan sofralar\u0131n\u0131n son dura\u011f\u0131 Kuyuluk oldu. Binlerce vatanda\u015f, kad\u0131nlar\u0131n eme\u011fiyle haz\u0131rlanan sofralarda bulu\u015ftu.\u00a0 Programa Mersin B\u00fcy\u00fck\u015fehir Belediye Ba\u015fkan\u0131 Vahap Se\u00e7er, e\u015fi Meral Se\u00e7er, Cumhuriyet Halk Partisi Mersin Milletvekili G\u00fclcan K\u0131\u015f ve \u00e7ok say\u0131da protokol\u00fcn yan\u0131 s\u0131ra mahalle muhtarlar\u0131 ve binlerce vatanda\u015f kat\u0131ld\u0131.<\/p>\n<p class=\"v1MsoNormal\">\n<p class=\"v1MsoNormal\"><b>&#8220;BU SOFRALAR SADECE YEMEK YED\u0130\u011e\u0130M\u0130Z B\u0130R YER DE\u011e\u0130L, EME\u011eE DE\u011eER G\u00d6STERMEN\u0130N YER\u0130D\u0130R&#8221;<\/b><\/p>\n<p class=\"v1MsoNormal\">\n<p class=\"v1MsoNormal\">Mezitli Belediye Ba\u015fkan\u0131 Ahmet Serkan Tuncer, yapt\u0131\u011f\u0131 konu\u015fmada, &#8220;Bug\u00fcn burada hem hem\u015fehrilerimizle bir araya geliyoruz hem de \u00fcretici kad\u0131nlar\u0131m\u0131z\u0131n eme\u011fini g\u00f6r\u00fcn\u00fcr k\u0131l\u0131yoruz. Bu sofrada birlik ve beraberli\u011fimizi payla\u015fmak bizler i\u00e7in b\u00fcy\u00fck bir mutluluk. Ramazan, payla\u015fman\u0131n ve dayan\u0131\u015fman\u0131n en g\u00fczel \u00f6rneklerini g\u00f6rd\u00fc\u011f\u00fcm\u00fcz bir d\u00f6nemdir. Bu sofralar sadece yemek yedi\u011fimiz bir yer de\u011fil; ayn\u0131 zamanda birlikte olman\u0131n, eme\u011fe sayg\u0131 g\u00f6stermenin yeridir. Bu ak\u015fam burada eme\u011fi ge\u00e7en t\u00fcm kad\u0131nlar\u0131m\u0131za, mahalle muhtarlar\u0131m\u0131za ve belediye ekiplerimize te\u015fekk\u00fcr ediyorum.&#8221; dedi.<\/p>\n<p class=\"v1MsoNormal\">\n<p class=\"v1MsoNormal\">Programda konu\u015fan Mersin B\u00fcy\u00fck\u015fehir Belediye Ba\u015fkan\u0131 Vahap Se\u00e7er, &#8220;Ahmet Ba\u015fkan hem kad\u0131nlar\u0131n eme\u011fini g\u00f6r\u00fcn\u00fcr k\u0131l\u0131yor hem de binleri sofrada bulu\u015fturuyor. Bu, sadece bir iftar de\u011fil, ayn\u0131 zamanda birlik ve dayan\u0131\u015fman\u0131n en g\u00fczel \u00f6rne\u011fi&#8221; dedi.<\/p>\n<p class=\"v1MsoNormal\">Milletvekili G\u00fclcan K\u0131\u015f ise etkinlikte yapt\u0131\u011f\u0131 konu\u015fmada, &#8220;Ba\u015fkan Ahmet Serkan Tuncer&#8217;e hem kad\u0131n \u00fcreticilere verdi\u011fi destek hem de vatanda\u015flar\u0131 bir araya getirdi\u011fi i\u00e7in te\u015fekk\u00fcr ediyorum&#8221; ifadelerini kulland\u0131.<\/p>\n<p class=\"v1MsoNormal\">\n<p class=\"v1MsoNormal\">Haz\u0131rl\u0131klara sabah\u0131n ilk \u0131\u015f\u0131klar\u0131nda ba\u015flayan kad\u0131n \u00fcretici, &#8220;Bug\u00fcn sofram\u0131zda sadece yemek yok, emek ve sevgi var. Herkes bir araya geliyor, birlik ve beraberlik duygusunu hissediyoruz. Belediye Ba\u015fkan\u0131m\u0131z Ahmet Serkan Tuncer eme\u011fimizi g\u00f6r\u00fcn\u00fcr k\u0131ld\u0131\u011f\u0131 ve b\u00fct\u00e7emize katk\u0131 sa\u011flad\u0131\u011f\u0131 i\u00e7in \u00e7ok mutluyuz&#8221; dedi.<\/p>\n","protected":false},"excerpt":{"rendered":"<p>Mezitli Belediyesi&#8217;nin d\u00fczenledi\u011fi iftar program\u0131nda binlerce vatanda\u015f ayn\u0131 sofrada bulu\u015ftu. Etkinli\u011fin en dikkat \u00e7eken y\u00f6nlerinden biri, Belediye Ba\u015fkan\u0131 Ahmet Serkan Tuncer&#8217;in kad\u0131n eme\u011fini g\u00f6r\u00fcn\u00fcr k\u0131lmak ve b\u00fct\u00e7elerine katk\u0131 sa\u011flamak amac\u0131yla yemeklerin \u00fcretici kad\u0131nlar taraf\u0131ndan haz\u0131rlanmas\u0131n\u0131 sa\u011flamas\u0131 oldu. B\u00fcy\u00fck kazanlarda kaynayan yemekler hem \u00fcreticilerin eme\u011fini \u00f6n plana \u00e7\u0131kard\u0131 hem de binlerce vatanda\u015f\u0131 ayn\u0131 sofrada bulu\u015fturdu. Sabah\u0131n [&hellip;]<\/p>\n","protected":false},"author":2,"featured_media":127883,"comment_status":"open","ping_status":"open","sticky":false,"template":"","format":"standard","meta":{"footnotes":""},"categories":[1],"tags":[],"class_list":["post-127882","post","type-post","status-publish","format-standard","has-post-thumbnail","hentry","category-gundem"],"views":317,"_links":{"self":[{"href":"https:\/\/mersingazetesi.com\/index.php\/wp-json\/wp\/v2\/posts\/127882","targetHints":{"allow":["GET"]}}],"collection":[{"href":"https:\/\/mersingazetesi.com\/index.php\/wp-json\/wp\/v2\/posts"}],"about":[{"href":"https:\/\/mersingazetesi.com\/index.php\/wp-json\/wp\/v2\/types\/post"}],"author":[{"embeddable":true,"href":"https:\/\/mersingazetesi.com\/index.php\/wp-json\/wp\/v2\/users\/2"}],"replies":[{"embeddable":true,"href":"https:\/\/mersingazetesi.com\/index.php\/wp-json\/wp\/v2\/comments?post=127882"}],"version-history":[{"count":1,"href":"https:\/\/mersingazetesi.com\/index.php\/wp-json\/wp\/v2\/posts\/127882\/revisions"}],"predecessor-version":[{"id":127884,"href":"https:\/\/mersingazetesi.com\/index.php\/wp-json\/wp\/v2\/posts\/127882\/revisions\/127884"}],"wp:featuredmedia":[{"embeddable":true,"href":"https:\/\/mersingazetesi.com\/index.php\/wp-json\/wp\/v2\/media\/127883"}],"wp:attachment":[{"href":"https:\/\/mersingazetesi.com\/index.php\/wp-json\/wp\/v2\/media?parent=127882"}],"wp:term":[{"taxonomy":"category","embeddable":true,"href":"https:\/\/mersingazetesi.com\/index.php\/wp-json\/wp\/v2\/categories?post=127882"},{"taxonomy":"post_tag","embeddable":true,"href":"https:\/\/mersingazetesi.com\/index.php\/wp-json\/wp\/v2\/tags?post=127882"}],"curies":[{"name":"wp","href":"https:\/\/api.w.org\/{rel}","templated":true}]}}