{"id":127879,"date":"2026-03-14T09:45:14","date_gmt":"2026-03-14T06:45:14","guid":{"rendered":"https:\/\/mersingazetesi.com\/?p=127879"},"modified":"2026-03-14T09:45:14","modified_gmt":"2026-03-14T06:45:14","slug":"secer-ramazan-sofrasinda-sinif-farki-yok","status":"publish","type":"post","link":"https:\/\/mersingazetesi.com\/index.php\/2026\/03\/14\/secer-ramazan-sofrasinda-sinif-farki-yok\/","title":{"rendered":"SE\u00c7ER: &#8220;RAMAZAN SOFRASINDA SINIF FARKI YOK&#8221;"},"content":{"rendered":"<p>T\u00fcrkiye Belediyeler Birli\u011fi (TBB) Ba\u015fkan Vekili ve Mersin B\u00fcy\u00fck\u015fehir Belediye Ba\u015fkan\u0131 Vahap Se\u00e7er ve Meral Se\u00e7er, Mezitli Belediyesi taraf\u0131ndan d\u00fczenlenen iftar program\u0131na kat\u0131larak yurtta\u015flarla birlikte, \u00fcretici kad\u0131nlar\u0131n pi\u015firdi\u011fi yemeklerle iftar ger\u00e7ekle\u015ftirdi. Ramazan ay\u0131n\u0131n birle\u015ftirici atmosferinde ger\u00e7ekle\u015ftirilen programda, her kesimden yurtta\u015f\u0131n bir araya gelerek iftar yapmas\u0131, kentin dayan\u0131\u015fma ve payla\u015fma k\u00fclt\u00fcr\u00fcn\u00fcn g\u00fc\u00e7l\u00fc g\u00f6stergelerinden biri oldu. Ba\u015fkan Se\u00e7er ve Meral Se\u00e7er&#8217;i Mezitli Mahalle Muhtarlar\u0131 \u00e7i\u00e7eklerle kar\u015f\u0131lad\u0131.<\/p>\n<p>&nbsp;<\/p>\n<p>Mezitli Belediyesi ev sahipli\u011finde, Kuyuluk \u00c7ankaya Mahallesi Futbol Sahas\u0131&#8217;nda ger\u00e7ekle\u015fen iftar program\u0131na; Mezitli Belediye Ba\u015fkan\u0131 Ahmet Serkan Tuncer, Cumhuriyet Halk Partisi (CHP) Mersin Milletvekili G\u00fclcan K\u0131\u015f, CHP Parti Meclis \u00dcyeleri Ozan Varal ile Emre Y\u0131lmaz, CHP Mersin \u0130l Ba\u015fkan\u0131 Koral \u00d6m\u00fcr, siyasi partilerin il\u00e7e ba\u015fkanlar\u0131 ve y\u00f6neticileri, belediye meclis \u00fcyeleri, muhtarlar, Mersin B\u00fcy\u00fck\u015fehir Belediyesi ve MESK\u0130 b\u00fcrokratlar\u0131 ile binlerce yurtta\u015f kat\u0131ld\u0131.<\/p>\n<p><strong>\u00a0<\/strong><\/p>\n<p><strong>Ba\u015fkan Se\u00e7er: &#8220;Sosyal belediyecilik anlay\u0131\u015f\u0131m\u0131zdan dolay\u0131, kad\u0131nlara \u00e7ok farkl\u0131 bir \u00f6nem veriyoruz&#8221;<\/strong><\/p>\n<p>Ba\u015fkan Se\u00e7er, Mezitli halk\u0131na\u00a0<strong><em>&#8216;Hay\u0131rl\u0131 Ramazanlar&#8217;<\/em>\u00a0<\/strong>dileyerek ba\u015flad\u0131\u011f\u0131 konu\u015fmas\u0131nda, tutulan oru\u00e7lar\u0131n ve edilen dualar\u0131n kabul olmas\u0131 dile\u011finde bulundu. Kuyuluk&#8217;ta, Mezitli Belediye Ba\u015fkan\u0131 Ahmet Serkan Tuncer&#8217;in ev sahipli\u011finde, yurtta\u015flarla beraber olmaktan dolay\u0131 duydu\u011fu mutlulu\u011fu ifade eden Se\u00e7er, yemekleri haz\u0131rlayan \u00fcretici kad\u0131nlara da te\u015fekk\u00fcrlerini iletti. Se\u00e7er, Ba\u015fkan Tuncer&#8217;in y\u00fcr\u00fctt\u00fc\u011f\u00fc \u00e7al\u0131\u015fmalar\u0131n \u00f6zellikle b\u00f6lgedeki kad\u0131nlara ekonomik katk\u0131 sa\u011flad\u0131\u011f\u0131n\u0131 ifade ederek, d\u00fczenlenen etkinlikler ve projeler arac\u0131l\u0131\u011f\u0131yla bir\u00e7ok kad\u0131na \u00e7al\u0131\u015fma imk\u00e2n\u0131 sunuldu\u011funu belirtti ve bu sayede kad\u0131nlar\u0131n emeklerinin kar\u015f\u0131l\u0131\u011f\u0131n\u0131 alarak, aile b\u00fct\u00e7elerine katk\u0131da bulundu\u011funu dile getirdi. Kad\u0131nlar\u0131n toplumdaki yerinin \u00f6nemine dikkat \u00e7eken Se\u00e7er,\u00a0 bu vurgunun yaln\u0131zca bir \u00f6vg\u00fc amac\u0131 ta\u015f\u0131mad\u0131\u011f\u0131n\u0131 belirterek, kad\u0131n eme\u011finin hem sosyal hem de ekonomik a\u00e7\u0131dan b\u00fcy\u00fck de\u011fer ta\u015f\u0131d\u0131\u011f\u0131n\u0131 s\u00f6yledi. Se\u00e7er,\u00a0<strong>&#8220;Partimizden ve sosyal belediyecilik anlay\u0131\u015f\u0131m\u0131zdan dolay\u0131 kad\u0131nlara \u00e7ok farkl\u0131 bir \u00f6nem veriyoruz. Kad\u0131nlar ayakta ve ekonomik hayatta olsun, ekonomik \u00f6zg\u00fcrl\u00fc\u011f\u00fc olsun, kimseye muhta\u00e7 olmas\u0131nlar, \u00e7ocuklar\u0131n\u0131n ge\u00e7imine ve e\u011fitimine katk\u0131 sunsunlar diye bir\u00e7ok projeler geli\u015ftiriliyor. Bunlar toplumun geli\u015fmesi ve kalk\u0131nmas\u0131 i\u00e7in son derece \u00f6nemli&#8221;\u00a0<\/strong>dedi. Kad\u0131nlar\u0131n evde gizli bir g\u00fc\u00e7 oldu\u011funun vurgusunu yaparak, onlar\u0131 emek ve \u00fcretim hayat\u0131na dahil ettiklerinden ve bu sayede de kad\u0131nlar\u0131n yapt\u0131klar\u0131 i\u015flerle kendilerine olan g\u00fcvenlerinin artt\u0131\u011f\u0131ndan s\u00f6z eden Se\u00e7er,\u00a0<strong>&#8220;Bu a\u00e7\u0131dan mutluyuz, huzurluyuz. Projelerimiz bug\u00fcne kadar oldu\u011fu gibi bundan sonra da devam eder ve umut ediyorum kad\u0131nlara katk\u0131lar\u0131m\u0131z her ge\u00e7en y\u0131l kat be kat artar. G\u00fczel sonu\u00e7lar elde ederiz&#8221;\u00a0<\/strong>diye belirtti.<\/p>\n<p>&nbsp;<\/p>\n<p><strong>&#8220;Ramazan sofras\u0131nda s\u0131n\u0131f fark\u0131 yok&#8221;<\/strong><\/p>\n<p>Ramazan ay\u0131n\u0131n en g\u00fczel \u00f6zelli\u011finin insanlar\u0131 bir araya getirmesi oldu\u011funun alt\u0131n\u0131 \u00e7izen Se\u00e7er,\u00a0<strong>&#8220;Ramazan vesile oldu ve milletin sofras\u0131nda ayn\u0131 yeme\u011fi ve lokmay\u0131 payla\u015ft\u0131k. Buran\u0131n en g\u00fczel \u00f6zelli\u011fi de s\u0131n\u0131f fark\u0131 yok. Zenginsin, fakirsin, erkeksin, kad\u0131ns\u0131n ya da \u00e7ocuksun, b\u00fcy\u00fcks\u00fcn, yeti\u015fkinsin yok. Herkes oturuyor, sofrada \u00f6n\u00fcm\u00fcze ne konduysa yeme\u011fimizi yiyoruz, orucumuzu a\u00e7\u0131yoruz&#8221;\u00a0<\/strong>ifadelerine yer verdi.<\/p>\n<p>&nbsp;<\/p>\n<p><strong>&#8220;B\u00f6lgemizdeki kan ve barut kokusu bir an \u00f6nce bitsin&#8221;<\/strong><\/p>\n<p>Yakla\u015fan Ramazan Bayram\u0131&#8217;n\u0131 da kutlayan Se\u00e7er, b\u00f6lgede s\u00fcren sava\u015flar\u0131n son bulmas\u0131 temennisinde bulunarak,\u00a0<strong>&#8220;Sava\u015f ortam\u0131 ortadan kalks\u0131n, \u00e7ocuklar, kad\u0131nlar g\u00fcnahs\u0131z yere \u00f6lmesin, analar a\u011flamas\u0131n. Dualar\u0131m\u0131z bu y\u00f6nde olsun. Asl\u0131nda t\u00fcm d\u00fcnyada bunu diliyoruz ama bug\u00fcnlerde b\u00f6lgemiz ate\u015f topu. Bu d\u00f6nem, birli\u011fin ve beraberli\u011fin en yo\u011fun ya\u015fanmas\u0131 gereken d\u00f6nem. E\u011fer b\u00f6lgemizde bir g\u00fcvenlik sorunu ve \u00fclkemizi tehdit eden bir sorun varsa, her \u015feyi bir tarafa b\u0131rakmam\u0131z laz\u0131m. Parti ve b\u00f6lge ayr\u0131m\u0131, etnik yap\u0131, inan\u00e7 grubu gibi konular bir kenara dursun; biz 86 milyon bir b\u00fct\u00fcn\u00fcz. Bu \u00fclkenin onurlu, \u015ferefli birer insan\u0131y\u0131z ve \u015fanl\u0131 al bayra\u011f\u0131n alt\u0131nda Mustafa Kemal Atat\u00fcrk&#8217;\u00fcn izinde gitmekten de onur ve \u015feref duyuyoruz&#8221;\u00a0<\/strong>dedi.<\/p>\n<p><strong>\u00a0<\/strong><\/p>\n<p><strong>Ba\u015fkan Tuncer: &#8220;Ramazan kavga de\u011fil, bir ve beraber olma zaman\u0131d\u0131r&#8221;<\/strong><\/p>\n<p>Ramazan ay\u0131n\u0131n manevi anlam\u0131na vurgu yapan Mezitli Belediye Ba\u015fkan\u0131 Ahmet Serkan Tuncer, bu ay\u0131n insanlar\u0131n bir araya gelmesine vesile oldu\u011funu belirterek,\u00a0<strong>&#8220;Ramazan ay\u0131; payla\u015fmak, birle\u015fmek, bar\u0131\u015fmak ve bir olmakt\u0131r&#8221;\u00a0<\/strong>dedi. B\u00f6lgedeki geli\u015fmelere de de\u011finen Tuncer, d\u00fcnyan\u0131n farkl\u0131 yerlerinde ya\u015fanan \u00e7at\u0131\u015fmalar\u0131n toplumlara verdi\u011fi zarara dikkat \u00e7ekti\u011fi konu\u015fmas\u0131nda,\u00a0<strong>&#8220;\u00dclkemizin i\u00e7inde bulundu\u011fu \u015fu halde, kom\u015fu \u00fclkelerimiz de yang\u0131n yeri. Binlerce sivil katlediliyor. Zaman bir ve beraber olma zaman\u0131d\u0131r&#8221;\u00a0<\/strong>diye konu\u015ftu. Farkl\u0131 siyasi g\u00f6r\u00fc\u015flerin veya kimliklerin toplumun ortak de\u011ferlerini g\u00f6lgelememesi gerekti\u011fini dile getiren Tuncer,\u00a0<strong>&#8220;Hangi siyasi g\u00f6r\u00fc\u015fte ve etnik kimlikte olursak olal\u0131m bir ve beraber olal\u0131m. \u00c7\u00fcnk\u00fc ba\u015fka T\u00fcrkiye yok. Yar\u0131n ya da ba\u015fka bir g\u00fcn bu sava\u015f\u0131n i\u00e7ine bizi dahil ederlerse hangi partili oldu\u011fumuzun \u00f6nemi olmayacak. Hep beraber siper olaca\u011f\u0131z, kar\u015f\u0131 duraca\u011f\u0131z&#8221;\u00a0<\/strong>ifadelerini kulland\u0131. Konu\u015fmas\u0131n\u0131n sonunda iftar program\u0131nda ba\u015fta kad\u0131nlar olmak \u00fczere eme\u011fi ge\u00e7enlere te\u015fekk\u00fcr eden Tuncer, Ramazan ay\u0131n\u0131n hay\u0131rlara vesile olmas\u0131n\u0131 temenni etti.<\/p>\n<p>&nbsp;<\/p>\n<p>Programda ayr\u0131ca, CHP Mersin Milletvekili G\u00fclcan K\u0131\u015f da bir konu\u015fma ger\u00e7ekle\u015ftirdi. Ezan\u0131n okunmas\u0131n\u0131n ard\u0131ndan iftarlar a\u00e7\u0131ld\u0131. Dualar\u0131n okunmas\u0131 ve protokol konu\u015fmalar\u0131n\u0131n ard\u0131ndan toplu foto\u011fraf \u00e7ekimi ile program sona erdi.<\/p>\n","protected":false},"excerpt":{"rendered":"<p>T\u00fcrkiye Belediyeler Birli\u011fi (TBB) Ba\u015fkan Vekili ve Mersin B\u00fcy\u00fck\u015fehir Belediye Ba\u015fkan\u0131 Vahap Se\u00e7er ve Meral Se\u00e7er, Mezitli Belediyesi taraf\u0131ndan d\u00fczenlenen iftar program\u0131na kat\u0131larak yurtta\u015flarla birlikte, \u00fcretici kad\u0131nlar\u0131n pi\u015firdi\u011fi yemeklerle iftar ger\u00e7ekle\u015ftirdi. Ramazan ay\u0131n\u0131n birle\u015ftirici atmosferinde ger\u00e7ekle\u015ftirilen programda, her kesimden yurtta\u015f\u0131n bir araya gelerek iftar yapmas\u0131, kentin dayan\u0131\u015fma ve payla\u015fma k\u00fclt\u00fcr\u00fcn\u00fcn g\u00fc\u00e7l\u00fc g\u00f6stergelerinden biri oldu. Ba\u015fkan [&hellip;]<\/p>\n","protected":false},"author":2,"featured_media":127880,"comment_status":"open","ping_status":"open","sticky":false,"template":"","format":"standard","meta":{"footnotes":""},"categories":[1],"tags":[],"class_list":["post-127879","post","type-post","status-publish","format-standard","has-post-thumbnail","hentry","category-gundem"],"views":318,"_links":{"self":[{"href":"https:\/\/mersingazetesi.com\/index.php\/wp-json\/wp\/v2\/posts\/127879","targetHints":{"allow":["GET"]}}],"collection":[{"href":"https:\/\/mersingazetesi.com\/index.php\/wp-json\/wp\/v2\/posts"}],"about":[{"href":"https:\/\/mersingazetesi.com\/index.php\/wp-json\/wp\/v2\/types\/post"}],"author":[{"embeddable":true,"href":"https:\/\/mersingazetesi.com\/index.php\/wp-json\/wp\/v2\/users\/2"}],"replies":[{"embeddable":true,"href":"https:\/\/mersingazetesi.com\/index.php\/wp-json\/wp\/v2\/comments?post=127879"}],"version-history":[{"count":1,"href":"https:\/\/mersingazetesi.com\/index.php\/wp-json\/wp\/v2\/posts\/127879\/revisions"}],"predecessor-version":[{"id":127881,"href":"https:\/\/mersingazetesi.com\/index.php\/wp-json\/wp\/v2\/posts\/127879\/revisions\/127881"}],"wp:featuredmedia":[{"embeddable":true,"href":"https:\/\/mersingazetesi.com\/index.php\/wp-json\/wp\/v2\/media\/127880"}],"wp:attachment":[{"href":"https:\/\/mersingazetesi.com\/index.php\/wp-json\/wp\/v2\/media?parent=127879"}],"wp:term":[{"taxonomy":"category","embeddable":true,"href":"https:\/\/mersingazetesi.com\/index.php\/wp-json\/wp\/v2\/categories?post=127879"},{"taxonomy":"post_tag","embeddable":true,"href":"https:\/\/mersingazetesi.com\/index.php\/wp-json\/wp\/v2\/tags?post=127879"}],"curies":[{"name":"wp","href":"https:\/\/api.w.org\/{rel}","templated":true}]}}