{"id":127873,"date":"2026-03-14T09:42:54","date_gmt":"2026-03-14T06:42:54","guid":{"rendered":"https:\/\/mersingazetesi.com\/?p=127873"},"modified":"2026-03-14T09:42:54","modified_gmt":"2026-03-14T06:42:54","slug":"mersinde-yasa-disi-bahis-operasyonu-12-tutuklama","status":"publish","type":"post","link":"https:\/\/mersingazetesi.com\/index.php\/2026\/03\/14\/mersinde-yasa-disi-bahis-operasyonu-12-tutuklama\/","title":{"rendered":"Mersin\u2019de yasa d\u0131\u015f\u0131 bahis operasyonu: 12 tutuklama"},"content":{"rendered":"<p>Mersin\u2019de yasa d\u0131\u015f\u0131 bahis ve su\u00e7 i\u015flemek amac\u0131yla \u00f6rg\u00fct kurma su\u00e7lar\u0131na y\u00f6nelik d\u00fczenlenen operasyonda g\u00f6zalt\u0131na al\u0131nan \u015f\u00fcphelilerden 12\u2019si tutukland\u0131.<br \/>\nMersin Cumhuriyet Ba\u015fsavc\u0131l\u0131\u011f\u0131n\u0131n talimatlar\u0131 do\u011frultusunda \u0130l Jandarma Komutanl\u0131\u011f\u0131 ekiplerince, &#8216;yasa d\u0131\u015f\u0131 bahis&#8217; ve &#8216;su\u00e7 i\u015flemek amac\u0131yla \u00f6rg\u00fct kurma&#8217; su\u00e7lar\u0131na y\u00f6nelik operasyon ger\u00e7ekle\u015ftirildi. Operasyon kapsam\u0131nda g\u00f6zalt\u0131na al\u0131nan \u015f\u00fcpheliler, i\u015flemlerinin ard\u0131ndan adliyeye sevk edildi. \u015e\u00fcphelilerden 12\u2019si Mersin Sulh Ceza Hakimli\u011fince tutukland\u0131.<\/p>\n","protected":false},"excerpt":{"rendered":"<p>Mersin\u2019de yasa d\u0131\u015f\u0131 bahis ve su\u00e7 i\u015flemek amac\u0131yla \u00f6rg\u00fct kurma su\u00e7lar\u0131na y\u00f6nelik d\u00fczenlenen operasyonda g\u00f6zalt\u0131na al\u0131nan \u015f\u00fcphelilerden 12\u2019si tutukland\u0131. Mersin Cumhuriyet Ba\u015fsavc\u0131l\u0131\u011f\u0131n\u0131n talimatlar\u0131 do\u011frultusunda \u0130l Jandarma Komutanl\u0131\u011f\u0131 ekiplerince, &#8216;yasa d\u0131\u015f\u0131 bahis&#8217; ve &#8216;su\u00e7 i\u015flemek amac\u0131yla \u00f6rg\u00fct kurma&#8217; su\u00e7lar\u0131na y\u00f6nelik operasyon ger\u00e7ekle\u015ftirildi. Operasyon kapsam\u0131nda g\u00f6zalt\u0131na al\u0131nan \u015f\u00fcpheliler, i\u015flemlerinin ard\u0131ndan adliyeye sevk edildi. \u015e\u00fcphelilerden 12\u2019si Mersin Sulh [&hellip;]<\/p>\n","protected":false},"author":2,"featured_media":127874,"comment_status":"open","ping_status":"open","sticky":false,"template":"","format":"standard","meta":{"footnotes":""},"categories":[1],"tags":[],"class_list":["post-127873","post","type-post","status-publish","format-standard","has-post-thumbnail","hentry","category-gundem"],"views":320,"_links":{"self":[{"href":"https:\/\/mersingazetesi.com\/index.php\/wp-json\/wp\/v2\/posts\/127873","targetHints":{"allow":["GET"]}}],"collection":[{"href":"https:\/\/mersingazetesi.com\/index.php\/wp-json\/wp\/v2\/posts"}],"about":[{"href":"https:\/\/mersingazetesi.com\/index.php\/wp-json\/wp\/v2\/types\/post"}],"author":[{"embeddable":true,"href":"https:\/\/mersingazetesi.com\/index.php\/wp-json\/wp\/v2\/users\/2"}],"replies":[{"embeddable":true,"href":"https:\/\/mersingazetesi.com\/index.php\/wp-json\/wp\/v2\/comments?post=127873"}],"version-history":[{"count":1,"href":"https:\/\/mersingazetesi.com\/index.php\/wp-json\/wp\/v2\/posts\/127873\/revisions"}],"predecessor-version":[{"id":127875,"href":"https:\/\/mersingazetesi.com\/index.php\/wp-json\/wp\/v2\/posts\/127873\/revisions\/127875"}],"wp:featuredmedia":[{"embeddable":true,"href":"https:\/\/mersingazetesi.com\/index.php\/wp-json\/wp\/v2\/media\/127874"}],"wp:attachment":[{"href":"https:\/\/mersingazetesi.com\/index.php\/wp-json\/wp\/v2\/media?parent=127873"}],"wp:term":[{"taxonomy":"category","embeddable":true,"href":"https:\/\/mersingazetesi.com\/index.php\/wp-json\/wp\/v2\/categories?post=127873"},{"taxonomy":"post_tag","embeddable":true,"href":"https:\/\/mersingazetesi.com\/index.php\/wp-json\/wp\/v2\/tags?post=127873"}],"curies":[{"name":"wp","href":"https:\/\/api.w.org\/{rel}","templated":true}]}}