{"id":127860,"date":"2026-03-13T17:50:57","date_gmt":"2026-03-13T14:50:57","guid":{"rendered":"https:\/\/mersingazetesi.com\/?p=127860"},"modified":"2026-03-13T17:50:57","modified_gmt":"2026-03-13T14:50:57","slug":"ortadogudaki-savasin-golgesi-avrupaya-mi-dusuyor","status":"publish","type":"post","link":"https:\/\/mersingazetesi.com\/index.php\/2026\/03\/13\/ortadogudaki-savasin-golgesi-avrupaya-mi-dusuyor\/","title":{"rendered":"Ortado\u011fu\u2019daki Sava\u015f\u0131n G\u00f6lgesi Avrupa\u2019ya m\u0131 D\u00fc\u015f\u00fcyor?"},"content":{"rendered":"<p>Ortado\u011fu\u2019da b\u00fcy\u00fcyen kriz art\u0131k sadece b\u00f6lgesel bir \u00e7at\u0131\u015fma olmaktan \u00e7\u0131k\u0131yor. \u0130ran ile ABD ve m\u00fcttefikleri aras\u0131nda t\u0131rmanan gerilim, Avrupa\u2019y\u0131 da do\u011frudan etkileyebilecek yeni bir g\u00fcvenlik tart\u0131\u015fmas\u0131n\u0131 g\u00fcndeme ta\u015f\u0131d\u0131. \u0130ran\u2019\u0131n Birle\u015fmi\u015f Milletler Daimi Temsilcisi Ali Bahreini\u2019nin yapt\u0131\u011f\u0131 a\u00e7\u0131klamalar, sava\u015f\u0131n co\u011frafi s\u0131n\u0131rlar\u0131n\u0131n geni\u015fleyebilece\u011fine dair \u00f6nemli bir i\u015faret olarak g\u00f6r\u00fcl\u00fcyor.<\/p>\n<p>Bahreini, Euronews\u2019e verdi\u011fi r\u00f6portajda olduk\u00e7a net bir mesaj verdi: \u0130ran\u2019a sald\u0131r\u0131larda kullan\u0131lan t\u00fcm askeri tesisler ve \u00fcsler me\u015fru hedef say\u0131labilir. Bu ifade, yaln\u0131zca Ortado\u011fu\u2019daki askeri noktalar\u0131 de\u011fil, potansiyel olarak Avrupa\u2019daki \u00fcsleri de kapsayabilecek bir \u00e7er\u00e7eve \u00e7iziyor. Avrupa\u2019daki askeri tesislerin de hedef olup olmayaca\u011f\u0131 soruldu\u011funda verilen temkinli yan\u0131t ise kap\u0131y\u0131 tamamen kapatm\u0131yor.<\/p>\n<p>\u00c7\u00fcnk\u00fc NATO \u00fcyesi \u00fclkelerin pek \u00e7o\u011funda ABD askeri tesisleri bulunuyor ve bu tesislerin bir b\u00f6l\u00fcm\u00fc Ortado\u011fu\u2019daki operasyonlarda kritik rol oynuyor.<\/p>\n<p>Sava\u015f\u0131n etkileri T\u00fcrkiye\u2019ye kadar uzanan bir gerilim hatt\u0131 da olu\u015fturmu\u015f durumda. T\u00fcrkiye\u2019de bulunan \u0130ncirlik Hava \u00dcss\u00fc, ABD ordusunun \u00f6nemli askeri merkezlerinden biri olarak biliniyor. NATO\u2019nun T\u00fcrkiye hava sahas\u0131na giren \u00fc\u00e7 \u0130ran f\u00fczesini engelledi\u011fine dair haberler, b\u00f6lgedeki gerilimin ne kadar h\u0131zl\u0131 t\u0131rmanabilece\u011fini g\u00f6steriyor. \u0130ran taraf\u0131 bu iddialar\u0131 reddetse de Ankara ile Tahran aras\u0131ndaki diplomatik temaslar durumun hassasiyetini ortaya koyuyor.<\/p>\n<p>Cumhurba\u015fkan\u0131 Recep Tayyip Erdo\u011fan\u2019\u0131n \u0130ran Cumhurba\u015fkan\u0131 Mesud Peze\u015fkiyan ile yapt\u0131\u011f\u0131 g\u00f6r\u00fc\u015fmede T\u00fcrkiye hava sahas\u0131n\u0131n ihlalinin kabul edilemez oldu\u011funu a\u00e7\u0131k\u00e7a ifade etmesi de bu gerilimin diplomatik boyutunu g\u00f6steriyor.<\/p>\n<p>\u00d6te yandan sava\u015f\u0131n Avrupa\u2019ya uzanan etkileri yaln\u0131zca diplomatik a\u00e7\u0131klamalarla s\u0131n\u0131rl\u0131 de\u011fil. Fransa Cumhurba\u015fkan\u0131 Emmanuel Macron\u2019un Irak K\u00fcrdistan B\u00f6lgesel Y\u00f6netimi\u2019nde d\u00fczenlenen bir sald\u0131r\u0131da bir Frans\u0131z askerinin hayat\u0131n\u0131 kaybetti\u011fini a\u00e7\u0131klamas\u0131, Avrupa\u2019n\u0131n bu \u00e7at\u0131\u015fmadan do\u011frudan etkilenmeye ba\u015flad\u0131\u011f\u0131n\u0131 g\u00f6steren \u00f6nemli bir geli\u015fme.<\/p>\n<p>Benzer \u015fekilde G\u00fcney K\u0131br\u0131s\u2019taki \u0130ngiliz RAF Akrotiri \u00fcss\u00fcne y\u00f6nelik insans\u0131z hava arac\u0131 sald\u0131r\u0131s\u0131 da sava\u015f\u0131n geni\u015fleme ihtimalinin bir ba\u015fka i\u015fareti olarak de\u011ferlendiriliyor. \u0130ngiltere Savunma Bakanl\u0131\u011f\u0131, sald\u0131r\u0131n\u0131n \u0130ran yanl\u0131s\u0131 milis gruplar taraf\u0131ndan ger\u00e7ekle\u015ftirilmi\u015f olabilece\u011fini belirtiyor.<\/p>\n<p>T\u00fcm bu geli\u015fmeler asl\u0131nda tek bir soruyu g\u00fcndeme getiriyor: Ortado\u011fu\u2019daki sava\u015f ger\u00e7ekten b\u00f6lgesel kalabilecek mi?<\/p>\n<p>Bug\u00fcne kadar bir\u00e7ok \u00e7at\u0131\u015fma \u00f6nce yerel bir kriz gibi ba\u015flam\u0131\u015f, ard\u0131ndan uluslararas\u0131 g\u00fc\u00e7lerin do\u011frudan m\u00fcdahil oldu\u011fu geni\u015f \u00e7apl\u0131 bir g\u00fcvenlik sorununa d\u00f6n\u00fc\u015fm\u00fc\u015ft\u00fc. Bug\u00fcn ya\u015fananlar da benzer bir tabloyu hat\u0131rlat\u0131yor.<\/p>\n<p>\u0130ran\u2019\u0131n \u201csald\u0131r\u0131da kullan\u0131lan t\u00fcm \u00fcsler hedef olabilir\u201d mesaj\u0131, yaln\u0131zca askeri bir tehdit de\u011fil; ayn\u0131 zamanda k\u00fcresel g\u00fc\u00e7lere verilen stratejik bir uyar\u0131. Bu nedenle Ortado\u011fu\u2019daki sava\u015f\u0131n gelece\u011fi, sadece b\u00f6lge \u00fclkelerinin de\u011fil Avrupa\u2019n\u0131n ve NATO\u2019nun g\u00fcvenlik hesaplar\u0131n\u0131 da yeniden \u015fekillendirebilir.<\/p>\n<p>K\u0131sacas\u0131 mesele art\u0131k sadece Ortado\u011fu\u2019daki bir sava\u015f de\u011fil. E\u011fer gerilim kontrol alt\u0131na al\u0131namazsa, bu \u00e7at\u0131\u015fman\u0131n g\u00f6lgesi \u00e7ok daha geni\u015f bir co\u011frafyaya yay\u0131labilir.<\/p>\n","protected":false},"excerpt":{"rendered":"<p>Ortado\u011fu\u2019da b\u00fcy\u00fcyen kriz art\u0131k sadece b\u00f6lgesel bir \u00e7at\u0131\u015fma olmaktan \u00e7\u0131k\u0131yor. \u0130ran ile ABD ve m\u00fcttefikleri aras\u0131nda t\u0131rmanan gerilim, Avrupa\u2019y\u0131 da do\u011frudan etkileyebilecek yeni bir g\u00fcvenlik tart\u0131\u015fmas\u0131n\u0131 g\u00fcndeme ta\u015f\u0131d\u0131. \u0130ran\u2019\u0131n Birle\u015fmi\u015f Milletler Daimi Temsilcisi Ali Bahreini\u2019nin yapt\u0131\u011f\u0131 a\u00e7\u0131klamalar, sava\u015f\u0131n co\u011frafi s\u0131n\u0131rlar\u0131n\u0131n geni\u015fleyebilece\u011fine dair \u00f6nemli bir i\u015faret olarak g\u00f6r\u00fcl\u00fcyor. Bahreini, Euronews\u2019e verdi\u011fi r\u00f6portajda olduk\u00e7a net bir mesaj [&hellip;]<\/p>\n","protected":false},"author":27,"featured_media":127861,"comment_status":"open","ping_status":"open","sticky":false,"template":"","format":"standard","meta":{"footnotes":""},"categories":[112],"tags":[],"class_list":["post-127860","post","type-post","status-publish","format-standard","has-post-thumbnail","hentry","category-umut-can-erkan"],"views":1092,"_links":{"self":[{"href":"https:\/\/mersingazetesi.com\/index.php\/wp-json\/wp\/v2\/posts\/127860","targetHints":{"allow":["GET"]}}],"collection":[{"href":"https:\/\/mersingazetesi.com\/index.php\/wp-json\/wp\/v2\/posts"}],"about":[{"href":"https:\/\/mersingazetesi.com\/index.php\/wp-json\/wp\/v2\/types\/post"}],"author":[{"embeddable":true,"href":"https:\/\/mersingazetesi.com\/index.php\/wp-json\/wp\/v2\/users\/27"}],"replies":[{"embeddable":true,"href":"https:\/\/mersingazetesi.com\/index.php\/wp-json\/wp\/v2\/comments?post=127860"}],"version-history":[{"count":1,"href":"https:\/\/mersingazetesi.com\/index.php\/wp-json\/wp\/v2\/posts\/127860\/revisions"}],"predecessor-version":[{"id":127862,"href":"https:\/\/mersingazetesi.com\/index.php\/wp-json\/wp\/v2\/posts\/127860\/revisions\/127862"}],"wp:featuredmedia":[{"embeddable":true,"href":"https:\/\/mersingazetesi.com\/index.php\/wp-json\/wp\/v2\/media\/127861"}],"wp:attachment":[{"href":"https:\/\/mersingazetesi.com\/index.php\/wp-json\/wp\/v2\/media?parent=127860"}],"wp:term":[{"taxonomy":"category","embeddable":true,"href":"https:\/\/mersingazetesi.com\/index.php\/wp-json\/wp\/v2\/categories?post=127860"},{"taxonomy":"post_tag","embeddable":true,"href":"https:\/\/mersingazetesi.com\/index.php\/wp-json\/wp\/v2\/tags?post=127860"}],"curies":[{"name":"wp","href":"https:\/\/api.w.org\/{rel}","templated":true}]}}