{"id":127836,"date":"2026-03-13T15:56:52","date_gmt":"2026-03-13T12:56:52","guid":{"rendered":"https:\/\/mersingazetesi.com\/?p=127836"},"modified":"2026-03-13T15:56:52","modified_gmt":"2026-03-13T12:56:52","slug":"turkiye-kktc-arasina-denizalti-tuneli","status":"publish","type":"post","link":"https:\/\/mersingazetesi.com\/index.php\/2026\/03\/13\/turkiye-kktc-arasina-denizalti-tuneli\/","title":{"rendered":"T\u00dcRK\u0130YE-KKTC ARASINA DEN\u0130ZALTI T\u00dcNEL\u0130"},"content":{"rendered":"<p>T\u00fcrkiye ile Kuzey K\u0131br\u0131s T\u00fcrk Cumhuriyeti\u2019ni denizin alt\u0131ndan ba\u011flayacak bir denizalt\u0131 t\u00fcneli projesi yeniden g\u00fcndeme geldi. Do\u011fu Akdeniz\u2019de \u00f6nerilen bu dev altyap\u0131 projesi, T\u00fcrkiye ile KKTC aras\u0131nda do\u011frudan bir kara ba\u011flant\u0131s\u0131 kurulmas\u0131n\u0131 hedefleyen iddial\u0131 bir vizyon olarak de\u011ferlendiriliyor.<\/p>\n<p>Akdeniz\u2019in alt\u0131ndan uzanmas\u0131 planlanan t\u00fcnelin, hayata ge\u00e7irilmesi halinde b\u00f6lgedeki ula\u015f\u0131m, enerji ve ticaret a\u011flar\u0131nda \u00f6nemli de\u011fi\u015fikliklere yol a\u00e7abilece\u011fi belirtiliyor.<\/p>\n<p>Enerji ve altyap\u0131 koridoru olabilir<\/p>\n<p>Projenin yaln\u0131zca ula\u015f\u0131m de\u011fil, ayn\u0131 zamanda enerji ve altyap\u0131 a\u00e7\u0131s\u0131ndan da stratejik bir rol \u00fcstlenmesi \u00f6ng\u00f6r\u00fcl\u00fcyor. T\u00fcnel arac\u0131l\u0131\u011f\u0131yla elektrik kablolar\u0131, boru hatlar\u0131 ve dijital ileti\u015fim altyap\u0131s\u0131n\u0131n ta\u015f\u0131nabilece\u011fi; b\u00f6ylece T\u00fcrkiye ile KKTC aras\u0131ndaki enerji i\u015f birli\u011finin g\u00fc\u00e7lenebilece\u011fi ifade ediliyor.<\/p>\n<p>Bu durumun Do\u011fu Akdeniz\u2019de enerji arz g\u00fcvenli\u011fini art\u0131rabilece\u011fi ve b\u00f6lgesel altyap\u0131 dayan\u0131kl\u0131l\u0131\u011f\u0131n\u0131 destekleyebilece\u011fi de\u011ferlendiriliyor.<\/p>\n<p>Ula\u015f\u0131m ve ticarette yeni d\u00f6nem<\/p>\n<p>Denizalt\u0131 t\u00fcnelinin ger\u00e7ekle\u015ftirilmesi halinde T\u00fcrkiye ile KKTC aras\u0131nda kesintisiz kara ula\u015f\u0131m\u0131 sa\u011flanabilece\u011fi, bunun da ticaret, turizm ve lojistik faaliyetlerini kolayla\u015ft\u0131rabilece\u011fi belirtiliyor. B\u00f6yle bir ba\u011flant\u0131n\u0131n deniz ve hava ula\u015f\u0131m\u0131na olan ba\u011f\u0131ml\u0131l\u0131\u011f\u0131 da azaltabilece\u011fi ifade ediliyor.<\/p>\n<p>Jeopolitik a\u00e7\u0131dan da dikkat \u00e7ekiyor<\/p>\n<p>Do\u011fu Akdeniz\u2019de enerji kaynaklar\u0131 ve deniz yetki alanlar\u0131 tart\u0131\u015fmalar\u0131n\u0131n s\u00fcrd\u00fc\u011f\u00fc bir d\u00f6nemde g\u00fcndeme gelen proje, uzmanlara g\u00f6re b\u00f6lgedeki stratejik dengeler a\u00e7\u0131s\u0131ndan da \u00f6nem ta\u015f\u0131yor. T\u00fcnelin, T\u00fcrkiye ile KKTC aras\u0131ndaki altyap\u0131 ve i\u015f birli\u011fini g\u00fc\u00e7lendirebilecek bir ad\u0131m olabilece\u011fi de\u011ferlendiriliyor.<\/p>\n<p>Hen\u00fcz resmi bir proje a\u015famas\u0131na ge\u00e7ilip ge\u00e7ilmeyece\u011fi netlik kazanmazken, \u00f6nerilen denizalt\u0131 t\u00fcneli Do\u011fu Akdeniz\u2019de m\u00fchendislik, enerji ve jeopolitik boyutlar\u0131yla dikkat \u00e7eken bir vizyon olarak \u00f6ne \u00e7\u0131k\u0131yor.<\/p>\n","protected":false},"excerpt":{"rendered":"<p>T\u00fcrkiye ile Kuzey K\u0131br\u0131s T\u00fcrk Cumhuriyeti\u2019ni denizin alt\u0131ndan ba\u011flayacak bir denizalt\u0131 t\u00fcneli projesi yeniden g\u00fcndeme geldi. Do\u011fu Akdeniz\u2019de \u00f6nerilen bu dev altyap\u0131 projesi, T\u00fcrkiye ile KKTC aras\u0131nda do\u011frudan bir kara ba\u011flant\u0131s\u0131 kurulmas\u0131n\u0131 hedefleyen iddial\u0131 bir vizyon olarak de\u011ferlendiriliyor. Akdeniz\u2019in alt\u0131ndan uzanmas\u0131 planlanan t\u00fcnelin, hayata ge\u00e7irilmesi halinde b\u00f6lgedeki ula\u015f\u0131m, enerji ve ticaret a\u011flar\u0131nda \u00f6nemli de\u011fi\u015fikliklere yol [&hellip;]<\/p>\n","protected":false},"author":2,"featured_media":127837,"comment_status":"open","ping_status":"open","sticky":false,"template":"","format":"standard","meta":{"footnotes":""},"categories":[3],"tags":[],"class_list":["post-127836","post","type-post","status-publish","format-standard","has-post-thumbnail","hentry","category-dunya"],"views":2233,"_links":{"self":[{"href":"https:\/\/mersingazetesi.com\/index.php\/wp-json\/wp\/v2\/posts\/127836","targetHints":{"allow":["GET"]}}],"collection":[{"href":"https:\/\/mersingazetesi.com\/index.php\/wp-json\/wp\/v2\/posts"}],"about":[{"href":"https:\/\/mersingazetesi.com\/index.php\/wp-json\/wp\/v2\/types\/post"}],"author":[{"embeddable":true,"href":"https:\/\/mersingazetesi.com\/index.php\/wp-json\/wp\/v2\/users\/2"}],"replies":[{"embeddable":true,"href":"https:\/\/mersingazetesi.com\/index.php\/wp-json\/wp\/v2\/comments?post=127836"}],"version-history":[{"count":1,"href":"https:\/\/mersingazetesi.com\/index.php\/wp-json\/wp\/v2\/posts\/127836\/revisions"}],"predecessor-version":[{"id":127838,"href":"https:\/\/mersingazetesi.com\/index.php\/wp-json\/wp\/v2\/posts\/127836\/revisions\/127838"}],"wp:featuredmedia":[{"embeddable":true,"href":"https:\/\/mersingazetesi.com\/index.php\/wp-json\/wp\/v2\/media\/127837"}],"wp:attachment":[{"href":"https:\/\/mersingazetesi.com\/index.php\/wp-json\/wp\/v2\/media?parent=127836"}],"wp:term":[{"taxonomy":"category","embeddable":true,"href":"https:\/\/mersingazetesi.com\/index.php\/wp-json\/wp\/v2\/categories?post=127836"},{"taxonomy":"post_tag","embeddable":true,"href":"https:\/\/mersingazetesi.com\/index.php\/wp-json\/wp\/v2\/tags?post=127836"}],"curies":[{"name":"wp","href":"https:\/\/api.w.org\/{rel}","templated":true}]}}