{"id":127834,"date":"2026-03-13T15:50:05","date_gmt":"2026-03-13T12:50:05","guid":{"rendered":"https:\/\/mersingazetesi.com\/?p=127834"},"modified":"2026-03-13T15:50:05","modified_gmt":"2026-03-13T12:50:05","slug":"erdemliden-de-limon-ithalatina-tepki","status":"publish","type":"post","link":"https:\/\/mersingazetesi.com\/index.php\/2026\/03\/13\/erdemliden-de-limon-ithalatina-tepki\/","title":{"rendered":"ERDEML\u0130&#8217;DEN DE L\u0130MON \u0130THALATINA TEPK\u0130!"},"content":{"rendered":"<p>Limonun \u00fcretim merkezi Mersin\u2019in Erdemli il\u00e7esinden de limon ithalat\u0131nda g\u00fcmr\u00fck vergisinin d\u00fc\u015f\u00fcr\u00fclmesine y\u00f6nelik tepkiler art\u0131yor. Prof. Dr. Adnan \u00d6zt\u00fcrk, limon ithalat\u0131ndaki g\u00fcmr\u00fck vergisinin y\u00fczde 54\u2019ten y\u00fczde 10\u2019a d\u00fc\u015f\u00fcr\u00fclmesine sert tepki g\u00f6sterdi.<\/p>\n<p>Erdemli\u2019nin kronikle\u015fen sorunlar\u0131na dikkat \u00e7eken \u00d6zt\u00fcrk, il\u00e7ede siyaset\u00e7ilerin daha \u00e7ok protokol ziyaretleri ve etkinliklerde g\u00f6r\u00fcnmesine kar\u015f\u0131n \u00fcreticinin temel sorunlar\u0131n\u0131n \u00e7\u00f6z\u00fclmedi\u011fini ifade etti. Trafik, su s\u0131k\u0131nt\u0131s\u0131 ve artan tar\u0131m maliyetleri gibi bir\u00e7ok sorunun bulundu\u011funu belirten \u00d6zt\u00fcrk, as\u0131l meselenin ise Erdemli ekonomisinin can damar\u0131 olan limon \u00fcretimi oldu\u011funu vurgulad\u0131.<\/p>\n<p>\u00d6zt\u00fcrk, y\u00fcksek maliyetlerle \u00fcretilen limonlar\u0131n b\u00fcy\u00fck emekle depoland\u0131\u011f\u0131n\u0131 ancak ithalat vergisinin d\u00fc\u015f\u00fcr\u00fclmesiyle yerli \u00fcreticinin zor durumda kalaca\u011f\u0131n\u0131 s\u00f6yledi. Karar\u0131n ard\u0131ndan Brezilya ve M\u0131s\u0131r gibi \u00fclkelerden gelecek ucuz limonun piyasay\u0131 etkileyebilece\u011fini dile getiren \u00d6zt\u00fcrk, bunun Erdemli\u2019deki \u00fcreticilerin \u00fcr\u00fcnlerini zarar\u0131na satmas\u0131na yol a\u00e7abilece\u011fini ifade etti.<\/p>\n<p>Yetkililere \u00e7a\u011fr\u0131da bulunan \u00d6zt\u00fcrk, limon \u00fcreticisinin sahipsiz b\u0131rak\u0131lmamas\u0131 gerekti\u011fini belirterek milletvekilleri, belediye ba\u015fkanlar\u0131, oda ve sivil toplum kurulu\u015flar\u0131n\u0131 \u00fcreticinin haklar\u0131n\u0131 savunmak i\u00e7in harekete ge\u00e7meye davet etti.<\/p>\n","protected":false},"excerpt":{"rendered":"<p>Limonun \u00fcretim merkezi Mersin\u2019in Erdemli il\u00e7esinden de limon ithalat\u0131nda g\u00fcmr\u00fck vergisinin d\u00fc\u015f\u00fcr\u00fclmesine y\u00f6nelik tepkiler art\u0131yor. Prof. Dr. Adnan \u00d6zt\u00fcrk, limon ithalat\u0131ndaki g\u00fcmr\u00fck vergisinin y\u00fczde 54\u2019ten y\u00fczde 10\u2019a d\u00fc\u015f\u00fcr\u00fclmesine sert tepki g\u00f6sterdi. Erdemli\u2019nin kronikle\u015fen sorunlar\u0131na dikkat \u00e7eken \u00d6zt\u00fcrk, il\u00e7ede siyaset\u00e7ilerin daha \u00e7ok protokol ziyaretleri ve etkinliklerde g\u00f6r\u00fcnmesine kar\u015f\u0131n \u00fcreticinin temel sorunlar\u0131n\u0131n \u00e7\u00f6z\u00fclmedi\u011fini ifade etti. Trafik, su [&hellip;]<\/p>\n","protected":false},"author":2,"featured_media":127646,"comment_status":"open","ping_status":"open","sticky":false,"template":"","format":"standard","meta":{"footnotes":""},"categories":[8],"tags":[],"class_list":["post-127834","post","type-post","status-publish","format-standard","has-post-thumbnail","hentry","category-mersin"],"views":1386,"_links":{"self":[{"href":"https:\/\/mersingazetesi.com\/index.php\/wp-json\/wp\/v2\/posts\/127834","targetHints":{"allow":["GET"]}}],"collection":[{"href":"https:\/\/mersingazetesi.com\/index.php\/wp-json\/wp\/v2\/posts"}],"about":[{"href":"https:\/\/mersingazetesi.com\/index.php\/wp-json\/wp\/v2\/types\/post"}],"author":[{"embeddable":true,"href":"https:\/\/mersingazetesi.com\/index.php\/wp-json\/wp\/v2\/users\/2"}],"replies":[{"embeddable":true,"href":"https:\/\/mersingazetesi.com\/index.php\/wp-json\/wp\/v2\/comments?post=127834"}],"version-history":[{"count":1,"href":"https:\/\/mersingazetesi.com\/index.php\/wp-json\/wp\/v2\/posts\/127834\/revisions"}],"predecessor-version":[{"id":127835,"href":"https:\/\/mersingazetesi.com\/index.php\/wp-json\/wp\/v2\/posts\/127834\/revisions\/127835"}],"wp:featuredmedia":[{"embeddable":true,"href":"https:\/\/mersingazetesi.com\/index.php\/wp-json\/wp\/v2\/media\/127646"}],"wp:attachment":[{"href":"https:\/\/mersingazetesi.com\/index.php\/wp-json\/wp\/v2\/media?parent=127834"}],"wp:term":[{"taxonomy":"category","embeddable":true,"href":"https:\/\/mersingazetesi.com\/index.php\/wp-json\/wp\/v2\/categories?post=127834"},{"taxonomy":"post_tag","embeddable":true,"href":"https:\/\/mersingazetesi.com\/index.php\/wp-json\/wp\/v2\/tags?post=127834"}],"curies":[{"name":"wp","href":"https:\/\/api.w.org\/{rel}","templated":true}]}}