{"id":127818,"date":"2026-03-13T14:54:01","date_gmt":"2026-03-13T11:54:01","guid":{"rendered":"https:\/\/mersingazetesi.com\/?p=127818"},"modified":"2026-03-13T14:54:01","modified_gmt":"2026-03-13T11:54:01","slug":"kafamin-yerde-ne-isi-var-diye-dusundum","status":"publish","type":"post","link":"https:\/\/mersingazetesi.com\/index.php\/2026\/03\/13\/kafamin-yerde-ne-isi-var-diye-dusundum\/","title":{"rendered":"KAFAMIN YERDE NE \u0130\u015e\u0130 VAR D\u0130YE D\u00dc\u015e\u00dcND\u00dcM"},"content":{"rendered":"<div dir=\"auto\">Be\u015f g\u00fcnd\u00fcr kafam\u0131 yerden kald\u0131ram\u0131yorum. Bir a\u011f\u0131rl\u0131k var \u00fcst\u00fcmde, sanki g\u00f6\u011fs\u00fcme bir ta\u015f oturmu\u015f, nefes alsam da ferahlayam\u0131yorum, itemiyorum o ta\u015f\u0131 derinlere. \u00c7ekiniyorum insanlar\u0131n y\u00fcz\u00fcne bakmaktan. G\u00f6z g\u00f6ze gelmek, birinin bak\u0131\u015flar\u0131nda kendimi g\u00f6rmek istemiyorum. Sanki herkes biliyor, sanki herkes yarg\u0131l\u0131yor.<\/div>\n<div dir=\"auto\">Bir namussuzluk, bir ahlaks\u0131zl\u0131k, bir terbiyesizlik yapt\u0131m, kesin. \u201cYapmam\u0131\u015fs\u0131nd\u0131r\u201d demeyin bana, size inanm\u0131yorum. \u0130\u00e7imdeki bu his, bu utan\u00e7 yalan s\u00f6ylemez. Baz\u0131 an g\u00fcd\u00fcler y\u00f6nlendirir insan\u0131. Atasal g\u00fcd\u00fclerime g\u00fcveniyorum, kendimi g\u00fcvende hissetme arzusu ile yan\u0131yor beynim. Niye oldu\u011funu bilmiyorum ama utan\u0131yorum. \u00d6yle bir utan\u00e7 ki, ne ba\u015f\u0131m\u0131 dik tutabiliyorum ne de aynada kendime bakabiliyorum.<\/div>\n<div dir=\"auto\">Bu his yeni de\u011fil asl\u0131nda. Daha \u00f6nce de gelip \u00e7\u00f6reklenmi\u015fti i\u00e7ime. Ama bu sefer farkl\u0131, bu sefer daha a\u011f\u0131r. Belki bir s\u00f6z s\u00f6yledim, belki bir \u015fey yapt\u0131m, belki de yapmad\u0131\u011f\u0131m bir \u015fey y\u00fcz\u00fcnden kendimi su\u00e7luyorum. Bilmiyorum. Kafam\u0131n i\u00e7i kar\u0131\u015f\u0131k, d\u00fc\u015f\u00fcncelerim birbirine dola\u015fm\u0131\u015f ipler gibi. \u00c7\u00f6zmeye \u00e7al\u0131\u015fsam daha \u00e7ok d\u00fc\u011f\u00fcm oluyor. Tek bildi\u011fim, kendimi kirli hissediyorum. Sanki \u00fcst\u00fcmde g\u00f6r\u00fcnmez bir leke var ve ne kadar y\u0131kasam da \u00e7\u0131km\u0131yor.<\/div>\n<div dir=\"auto\">D\u0131\u015far\u0131 \u00e7\u0131k\u0131yorum bazen, mecburen. \u0130nsanlar\u0131n aras\u0131nda dola\u015f\u0131rken ba\u015f\u0131m\u0131 \u00f6ne e\u011fiyorum. G\u00f6zlerimi yere dikiyorum ki kimseyle kar\u015f\u0131la\u015fmayay\u0131m. Ama bu bile yetmiyor. Sanki herkesin akl\u0131ndan ge\u00e7enleri duyuyorum: \u201cBu ne yapt\u0131 acaba? Niye b\u00f6yle?\u201d Paranoyak m\u0131y\u0131m bilmiyorum, ama i\u00e7imdeki ses susmuyor. \u201cHata sende,\u201d diyor, \u201csen bir yanl\u0131\u015f yapt\u0131n.\u201d Ne oldu\u011funu bulam\u0131yorum ama o sesi susturam\u0131yorum da. Belki birine haks\u0131zl\u0131k ettim, belki birinin kalbini k\u0131rd\u0131m. Belki de kendime kar\u015f\u0131 d\u00fcr\u00fcst olamad\u0131m. Bilmiyorum. Tek bildi\u011fim, bu utanc\u0131n beni yiyip bitirdi\u011fi.<\/div>\n<div dir=\"auto\">Bazen d\u00fc\u015f\u00fcn\u00fcyorum, \u201cAcaba abart\u0131yor muyum?\u201d diye. Belki de yapt\u0131\u011f\u0131m \u015fey o kadar b\u00fcy\u00fck bir \u015fey de\u011fildir. Belki ba\u015fkalar\u0131 i\u00e7in \u00f6nemsizdir, ama benim i\u00e7imde b\u00fcy\u00fcy\u00fcp devle\u015fiyor. Vicdan\u0131m m\u0131 bu kadar hassas, yoksa ben mi kendime fazla y\u00fckleniyorum? Bilmiyorum. Ama \u015funu biliyorum: Bu his ger\u00e7ek. Bu utan\u00e7, bu a\u011f\u0131rl\u0131k, bu ka\u00e7\u0131\u015f iste\u011fi\u2026 Hepsi ger\u00e7ek. Kimseye anlatam\u0131yorum da. Anlatsam ne diyece\u011fim ki? \u201cKendimi k\u00f6t\u00fc hissediyorum ama niye bilmiyorum,\u201d mu diyece\u011fim? G\u00fclerler herhalde. Ya da daha k\u00f6t\u00fcs\u00fc, anlamazlar. Anlamalar\u0131n\u0131 da beklemiyorum zaten. Bu benim sava\u015f\u0131m, benim i\u00e7imde d\u00f6n\u00fcp duran bir f\u0131rt\u0131na.<\/div>\n<div dir=\"auto\">Gece olunca daha da zorla\u015f\u0131yor. Yatakta d\u00f6n\u00fcp duruyorum, uyku gelmiyor. G\u00f6zlerimi kapatsam bile o his pe\u015fimi b\u0131rakm\u0131yor. Kafam\u0131n i\u00e7inde bir mahkeme kuruluyor sanki. H\u00e2kim de benim, san\u0131k da benim. Su\u00e7umu bulmaya \u00e7al\u0131\u015f\u0131yorum ama delil yok. Yine de cezay\u0131 kesiyorum kendime: Utan\u00e7.<\/div>\n<div dir=\"auto\">\u00a0Sabah kalkt\u0131\u011f\u0131mda ise hi\u00e7bir \u015fey de\u011fi\u015fmemi\u015f oluyor. Aynaya bak\u0131yorum, g\u00f6zlerimin alt\u0131 morarm\u0131\u015f. \u201cNas\u0131ls\u0131n?\u201d diye soran olursa \u201c\u0130yiyim\u201d diyorum, ama i\u00e7imden \u201cYalan\u201d diye ba\u011f\u0131r\u0131yorum. Kimse fark etsin istemiyorum. Kimse sorsun da istemiyorum. Ama bir yandan da biri fark etse, \u201cNe oldu sana?\u201d dese, belki anlat\u0131r\u0131m diye d\u00fc\u015f\u00fcn\u00fcyorum. Belki o zaman hafiflerim. Ama olmuyor. Kimse sormuyor, ben de s\u00f6ylemiyorum.<\/div>\n<div dir=\"auto\">Bu utan\u00e7 nerden geldi, bilmiyorum. Belki \u00e7ocuklu\u011fumdan bir \u015fey ta\u015f\u0131yorum, belki ge\u00e7mi\u015fte bir yerlerde unuttu\u011fum bir yara kan\u0131yor. Belki de sadece insan oldu\u011fum i\u00e7in b\u00f6yle hissediyorum. Hepimiz hata yapm\u0131yor muyuz? Hepimiz zaman zaman kendimizi su\u00e7lu hissetmiyor muyuz? Ama benimki farkl\u0131. Benimki i\u00e7imi kemiriyor. Sanki bir yerlerde bir \u00e7izgiyi a\u015ft\u0131m ve geri d\u00f6nemiyorum. O \u00e7izgi neydi, ne zaman ge\u00e7ti, hat\u0131rlam\u0131yorum bile. Ama ge\u00e7ti\u011fimi biliyorum. Hissediyorum.<\/div>\n<div dir=\"auto\">D\u00fcn bir an kendimi d\u0131\u015far\u0131 att\u0131m. Parkta oturdum, insanlar\u0131 izledim. \u00c7ocuklar ko\u015fturuyordu, birileri kahkahalar at\u0131yordu. Onlar \u00f6yle mutlu, \u00f6yle rahat g\u00f6r\u00fcn\u00fcyordu ki, i\u00e7imde bir k\u0131skan\u00e7l\u0131k hissettim. \u201cBen niye b\u00f6yle olam\u0131yorum?\u201d dedim kendi kendime. Niye benim i\u00e7imde bu karanl\u0131k hal\u00e2 var? Niye ben kendimi affedemiyorum? Belki de affetmeyi bilmiyorum. Belki de kendime kar\u015f\u0131 \u00e7ok kat\u0131y\u0131m. Ama ba\u015fka t\u00fcrl\u00fcs\u00fcn\u00fc de bilmiyorum ki. Hep b\u00f6yleydim. Hep kendimi sorgulad\u0131m, hep kendimi eksik buldum. Bu utan\u00e7 da belki o eksiklikten do\u011fuyor. Belki ben kendimi tamamlayam\u0131yorum.<\/div>\n<div dir=\"auto\">Bir yan\u0131m \u201cToparlan,\u201d diyor, \u201ckalk, silkelen.\u201d Ama di\u011fer yan\u0131m \u201cHakl\u0131s\u0131n,\u201d diyor, \u201csen bunu hak ediyorsun.\u201d Hangisine inanay\u0131m bilmiyorum. Ama \u015funu biliyorum: Bu hisle ya\u015famak zor. Her ad\u0131mda kendimi yarg\u0131lamak, her nefeste kendimi su\u00e7lamak\u2026 Yoruldum. Belki de bir g\u00fcn bu utan\u00e7 ge\u00e7er. Belki bir g\u00fcn ba\u015f\u0131m\u0131 kald\u0131r\u0131p insanlar\u0131n g\u00f6z\u00fcne bakabilirim. Belki bir g\u00fcn kendime \u201cTamam, ge\u00e7ti,\u201d diyebilirim. Ama o g\u00fcn bug\u00fcn de\u011fil. Bug\u00fcn sadece utan\u0131yorum. Bug\u00fcn sadece ba\u015f\u0131m \u00f6nde.<\/div>\n<div dir=\"auto\">Biliyorum, bu yaz\u0131y\u0131 okuyanlar aras\u0131nda \u201cAbartma,\u201d diyenler olacak. \u201cHerkes hata yapar,\u201d diyenler olacak. Hakl\u0131s\u0131n\u0131z belki. Ama bu benim can\u0131m\u0131 kan\u0131rtan hissim. Bu benim ger\u00e7e\u011fim. Ve ben \u015fu an bu ger\u00e7ekle ya\u015f\u0131yorum. Niye oldu\u011funu bilmiyorum ama utan\u0131yorum. Belki bir g\u00fcn nedenini bulurum. Belki bir g\u00fcn kendimi affederim. Ama \u015fimdilik sadece bunu yazabiliyorum. Kafam\u0131 yerden kald\u0131ram\u0131yorum. \u00c7ekiniyorum insanlar\u0131n y\u00fcz\u00fcne bakmaktan. Ve bu utan\u00e7la, bir \u015fekilde, ya\u015famaya devam ediyorum.<\/div>\n<div dir=\"auto\">Sizlere Gelecekte G\u00f6r\u00fc\u015fmek \u00dczerine Meydan Okuyorum.<\/div>\n<div dir=\"auto\">O Arada G\u00f6r\u00fc\u015felim\u2026<\/div>\n<div dir=\"auto\"><\/div>\n<div dir=\"auto\"><\/div>\n<div dir=\"auto\"><\/div>\n","protected":false},"excerpt":{"rendered":"<p>Be\u015f g\u00fcnd\u00fcr kafam\u0131 yerden kald\u0131ram\u0131yorum. Bir a\u011f\u0131rl\u0131k var \u00fcst\u00fcmde, sanki g\u00f6\u011fs\u00fcme bir ta\u015f oturmu\u015f, nefes alsam da ferahlayam\u0131yorum, itemiyorum o ta\u015f\u0131 derinlere. \u00c7ekiniyorum insanlar\u0131n y\u00fcz\u00fcne bakmaktan. G\u00f6z g\u00f6ze gelmek, birinin bak\u0131\u015flar\u0131nda kendimi g\u00f6rmek istemiyorum. Sanki herkes biliyor, sanki herkes yarg\u0131l\u0131yor. Bir namussuzluk, bir ahlaks\u0131zl\u0131k, bir terbiyesizlik yapt\u0131m, kesin. \u201cYapmam\u0131\u015fs\u0131nd\u0131r\u201d demeyin bana, size inanm\u0131yorum. \u0130\u00e7imdeki bu [&hellip;]<\/p>\n","protected":false},"author":17,"featured_media":127819,"comment_status":"open","ping_status":"open","sticky":false,"template":"","format":"standard","meta":{"footnotes":""},"categories":[37],"tags":[],"class_list":["post-127818","post","type-post","status-publish","format-standard","has-post-thumbnail","hentry","category-safak-genc"],"views":1035,"_links":{"self":[{"href":"https:\/\/mersingazetesi.com\/index.php\/wp-json\/wp\/v2\/posts\/127818","targetHints":{"allow":["GET"]}}],"collection":[{"href":"https:\/\/mersingazetesi.com\/index.php\/wp-json\/wp\/v2\/posts"}],"about":[{"href":"https:\/\/mersingazetesi.com\/index.php\/wp-json\/wp\/v2\/types\/post"}],"author":[{"embeddable":true,"href":"https:\/\/mersingazetesi.com\/index.php\/wp-json\/wp\/v2\/users\/17"}],"replies":[{"embeddable":true,"href":"https:\/\/mersingazetesi.com\/index.php\/wp-json\/wp\/v2\/comments?post=127818"}],"version-history":[{"count":1,"href":"https:\/\/mersingazetesi.com\/index.php\/wp-json\/wp\/v2\/posts\/127818\/revisions"}],"predecessor-version":[{"id":127820,"href":"https:\/\/mersingazetesi.com\/index.php\/wp-json\/wp\/v2\/posts\/127818\/revisions\/127820"}],"wp:featuredmedia":[{"embeddable":true,"href":"https:\/\/mersingazetesi.com\/index.php\/wp-json\/wp\/v2\/media\/127819"}],"wp:attachment":[{"href":"https:\/\/mersingazetesi.com\/index.php\/wp-json\/wp\/v2\/media?parent=127818"}],"wp:term":[{"taxonomy":"category","embeddable":true,"href":"https:\/\/mersingazetesi.com\/index.php\/wp-json\/wp\/v2\/categories?post=127818"},{"taxonomy":"post_tag","embeddable":true,"href":"https:\/\/mersingazetesi.com\/index.php\/wp-json\/wp\/v2\/tags?post=127818"}],"curies":[{"name":"wp","href":"https:\/\/api.w.org\/{rel}","templated":true}]}}