{"id":127812,"date":"2026-03-13T13:50:10","date_gmt":"2026-03-13T10:50:10","guid":{"rendered":"https:\/\/mersingazetesi.com\/?p=127812"},"modified":"2026-03-13T13:52:24","modified_gmt":"2026-03-13T10:52:24","slug":"yerel-medya-sehrin-hafizasidir","status":"publish","type":"post","link":"https:\/\/mersingazetesi.com\/index.php\/2026\/03\/13\/yerel-medya-sehrin-hafizasidir\/","title":{"rendered":"&#8216;YEREL MEDYA \u015eEHR\u0130N HAFIZASIDIR&#8217;"},"content":{"rendered":"<p>Cumhuriyet Halk Partisi (CHP) Genel Ba\u015fkan Yard\u0131mc\u0131s\u0131\u00a0Burhanettin Bulut, Adana\u2019da d\u00fczenlenen\u00a0\u201cDo\u011fu Akdeniz Yerel Medya Bulu\u015fmas\u0131\u201d kapsam\u0131nda b\u00f6lge illerinden gelen gazetecilerle bir araya geldi. Toplant\u0131ya Adana, Mersin, Hatay, Osmaniye, Gaziantep, Kilis, Ni\u011fde ve Kahramanmara\u015f\u2019tan yerel medya temsilcileri kat\u0131ld\u0131. Ulusal bas\u0131ndan gazetecilerin de yer ald\u0131\u011f\u0131 bulu\u015fmada, yerel medyan\u0131n sorunlar\u0131, gazetecili\u011fin gelece\u011fi ve bas\u0131n \u00f6zg\u00fcrl\u00fc\u011f\u00fc konular\u0131 ele al\u0131nd\u0131. Bulut, toplant\u0131n\u0131n T\u00fcrkiye genelinde yap\u0131lmas\u0131 planlanan medya bulu\u015fmalar\u0131n\u0131n be\u015fincisi oldu\u011funu belirterek \u015funlar\u0131 s\u00f6yledi:<\/p>\n<p>\u201cT\u00fcrkiye\u2019nin d\u00f6rt bir yan\u0131nda bu toplant\u0131lar\u0131 yapmay\u0131 planl\u0131yoruz. Hep ayr\u0131l\u0131klar konu\u015fulur ama biz ortakla\u015fmay\u0131 ar\u0131yoruz. Ege\u2019deki gazetecilerin sorunlar\u0131yla do\u011fudaki gazetecilerin sorunlar\u0131 nas\u0131l ortakla\u015ft\u0131r\u0131labilir, bunu tart\u0131\u015f\u0131yoruz.\u00a0T\u00fcrkiye\u2019de gazetecilik olmas\u0131 gereken mesleki niteli\u011finden uzakla\u015ft\u0131. Bas\u0131n iki kutuplu bir yap\u0131 i\u00e7inde s\u0131k\u0131\u015ft\u0131. Bug\u00fcn gazetecilik, birilerinin sahipli\u011finde yap\u0131lan i\u015f gibi g\u00f6r\u00fcl\u00fcyor. Bir holding gazetecili\u011fi ya da iki kutup aras\u0131nda s\u0131k\u0131\u015fm\u0131\u015f bir medya anlay\u0131\u015f\u0131 olu\u015ftu. Bir taraf sadece kendi medyas\u0131n\u0131, di\u011fer taraf kendi medyas\u0131n\u0131 izliyor. Oysa gazetecilik bu de\u011fildir.\u00a0Yerel medya<span style=\"line-height: 1.5;\">\u00a0kentlerin haf\u0131zas\u0131n\u0131 olu\u015fturur.&#8221;<\/span><\/p>\n<p>&nbsp;<\/p>\n<p>&#8221;Ba\u011f\u0131ml\u0131l\u0131k gazetecilik hizmetinin ortadan kalkmas\u0131 demektir&#8221;<\/p>\n<p>&nbsp;<\/p>\n<p>Yerel bas\u0131n\u0131n kar\u015f\u0131 kar\u015f\u0131ya oldu\u011fu sorunlar\u0131n gazeteciler taraf\u0131ndan tart\u0131\u015f\u0131lmas\u0131 gerekti\u011fini s\u00f6yleyen Bulut, \u00f6zellikle iki ba\u015fl\u0131\u011f\u0131n \u00f6ne \u00e7\u0131kt\u0131\u011f\u0131n\u0131 belirtti. &#8216;Ekonomik ba\u011f\u0131ms\u0131zl\u0131k ve Mesleki \u00f6rg\u00fctlenme&#8217; Bulut, bu iki sorun \u00e7\u00f6z\u00fclmeden ba\u011f\u0131ms\u0131z gazetecilik yap\u0131lamayaca\u011f\u0131n\u0131 dile getirerek, \u201cBir medya kurulu\u015fu ekonomik olarak ba\u011f\u0131ms\u0131z de\u011filse birine ba\u011fl\u0131 hale gelir. Bu ister iktidar ister ba\u015fka bir g\u00fc\u00e7 olsun fark etmez. Ba\u011f\u0131ml\u0131l\u0131k gazetecilik hizmetinin ortadan kalkmas\u0131 demektir. Bas\u0131n \u00f6zg\u00fcrl\u00fc\u011f\u00fc yaln\u0131zca gazetecilerin de\u011fil toplumun hakk\u0131d\u0131r. \u00a0Bas\u0131n hizmeti anayasal bir hak. Nas\u0131l bar\u0131nma hakk\u0131 anayasal bir haksa, g\u00fcvenlik devletin y\u00fck\u00fcml\u00fcl\u00fc\u011f\u00fcyse, bas\u0131n hizmeti de bir kamu hizmetidir. Vatanda\u015f\u0131n haber alma hakk\u0131 vard\u0131r. Bu hak ortadan kalkarsa demokrasi de ortadan kalkar. Gazetecilerin tutuklanmas\u0131 da T\u00fcrkiye\u2019de demokrasinin zay\u0131flad\u0131\u011f\u0131n\u0131n g\u00f6stergesi. T\u00fcrkiye medya \u00f6zg\u00fcrl\u00fc\u011f\u00fc a\u00e7\u0131s\u0131ndan karanl\u0131k bir d\u00f6nemden ge\u00e7iyor. Gazetecilerin cezaevine konulmas\u0131 yaln\u0131zca bas\u0131n sorunu de\u011fildir. Bu demokrasinin erozyona u\u011frad\u0131\u011f\u0131n\u0131n g\u00f6stergesidir.\u201d \u015feklinde konu\u015ftu.<\/p>\n<p>&nbsp;<\/p>\n<p>&#8216;Gazeteler zorla birle\u015ftirilmeye \u00e7al\u0131\u015f\u0131yor&#8221;<\/p>\n<p>&nbsp;<\/p>\n<p>Bulut, konu\u015fmas\u0131nda medya alan\u0131ndaki baz\u0131 kamu kurumlar\u0131n\u0131 da ele\u015ftirdi. \u00d6zellikle \u00fc\u00e7 kurumu i\u015faret eden Bulut, &#8220;Bas\u0131n \u0130lan Kurumu,\u00a0Cumhurba\u015fkanl\u0131\u011f\u0131 \u0130leti\u015fim Ba\u015fkanl\u0131\u011f\u0131 ve\u00a0RT\u00dcK\u00a0bas\u0131n\u0131 desteklemek yerine bask\u0131 arac\u0131 olarak kullan\u0131l\u0131yor.\u00a0Bas\u0131n \u0130lan Kurumu yerel medyan\u0131n ayakta kalmas\u0131n\u0131 sa\u011flamas\u0131 gerekirken gazeteleri zorla birle\u015ftirmeye \u00e7al\u0131\u015f\u0131yor. RT\u00dcK ise yay\u0131n \u00f6zg\u00fcrl\u00fc\u011f\u00fcn\u00fc korumak yerine televizyon kanallar\u0131n\u0131 kapatma tehdidiyle kar\u015f\u0131 kar\u015f\u0131ya b\u0131rak\u0131yor. Baz\u0131 gazetelerin man\u015fetleri ayn\u0131 merkezden \u00fcretilerek medyada tek seslilik art\u0131yor.\u00a0Bir gazeteye bak\u0131yorsunuz, sonra di\u011ferine bak\u0131yorsunuz. Ayn\u0131 man\u015fet, ayn\u0131 paragraf, ayn\u0131 foto\u011fraf. Bu gazetecilik de\u011fil; toplumun y\u00f6nlendirilmesidir.Yerel medya bulu\u015fmalar\u0131 farkl\u0131 b\u00f6lgelerde devam edecek. Bu toplant\u0131lardan \u00e7\u0131kan sonu\u00e7lar bir rapora d\u00f6n\u00fc\u015ft\u00fcr\u00fclecek.\u00a0Gazeteciler sorunlar\u0131n\u0131 kendileri tart\u0131\u015facak. Biz de bunlar\u0131 dinleyece\u011fiz. T\u00fcrkiye\u2019nin d\u00f6rt bir yan\u0131nda yap\u0131lacak toplant\u0131lar\u0131n ard\u0131ndan \u0130stanbul\u2019da b\u00fcy\u00fck bir bulu\u015fma ger\u00e7ekle\u015ftirece\u011fiz ve ortaya \u00e7\u0131kan sonu\u00e7lar\u0131 parti program\u0131m\u0131za dahil edece\u011fiz.\u201d ifadelerini kulland\u0131.<\/p>\n<p>&nbsp;<\/p>\n","protected":false},"excerpt":{"rendered":"<p>Cumhuriyet Halk Partisi (CHP) Genel Ba\u015fkan Yard\u0131mc\u0131s\u0131\u00a0Burhanettin Bulut, Adana\u2019da d\u00fczenlenen\u00a0\u201cDo\u011fu Akdeniz Yerel Medya Bulu\u015fmas\u0131\u201d kapsam\u0131nda b\u00f6lge illerinden gelen gazetecilerle bir araya geldi. Toplant\u0131ya Adana, Mersin, Hatay, Osmaniye, Gaziantep, Kilis, Ni\u011fde ve Kahramanmara\u015f\u2019tan yerel medya temsilcileri kat\u0131ld\u0131. Ulusal bas\u0131ndan gazetecilerin de yer ald\u0131\u011f\u0131 bulu\u015fmada, yerel medyan\u0131n sorunlar\u0131, gazetecili\u011fin gelece\u011fi ve bas\u0131n \u00f6zg\u00fcrl\u00fc\u011f\u00fc konular\u0131 ele al\u0131nd\u0131. Bulut, [&hellip;]<\/p>\n","protected":false},"author":2,"featured_media":127814,"comment_status":"open","ping_status":"open","sticky":false,"template":"","format":"standard","meta":{"footnotes":""},"categories":[4,8],"tags":[],"class_list":["post-127812","post","type-post","status-publish","format-standard","has-post-thumbnail","hentry","category-ekonomi","category-mersin"],"views":6678,"_links":{"self":[{"href":"https:\/\/mersingazetesi.com\/index.php\/wp-json\/wp\/v2\/posts\/127812","targetHints":{"allow":["GET"]}}],"collection":[{"href":"https:\/\/mersingazetesi.com\/index.php\/wp-json\/wp\/v2\/posts"}],"about":[{"href":"https:\/\/mersingazetesi.com\/index.php\/wp-json\/wp\/v2\/types\/post"}],"author":[{"embeddable":true,"href":"https:\/\/mersingazetesi.com\/index.php\/wp-json\/wp\/v2\/users\/2"}],"replies":[{"embeddable":true,"href":"https:\/\/mersingazetesi.com\/index.php\/wp-json\/wp\/v2\/comments?post=127812"}],"version-history":[{"count":4,"href":"https:\/\/mersingazetesi.com\/index.php\/wp-json\/wp\/v2\/posts\/127812\/revisions"}],"predecessor-version":[{"id":127817,"href":"https:\/\/mersingazetesi.com\/index.php\/wp-json\/wp\/v2\/posts\/127812\/revisions\/127817"}],"wp:featuredmedia":[{"embeddable":true,"href":"https:\/\/mersingazetesi.com\/index.php\/wp-json\/wp\/v2\/media\/127814"}],"wp:attachment":[{"href":"https:\/\/mersingazetesi.com\/index.php\/wp-json\/wp\/v2\/media?parent=127812"}],"wp:term":[{"taxonomy":"category","embeddable":true,"href":"https:\/\/mersingazetesi.com\/index.php\/wp-json\/wp\/v2\/categories?post=127812"},{"taxonomy":"post_tag","embeddable":true,"href":"https:\/\/mersingazetesi.com\/index.php\/wp-json\/wp\/v2\/tags?post=127812"}],"curies":[{"name":"wp","href":"https:\/\/api.w.org\/{rel}","templated":true}]}}