{"id":127802,"date":"2026-03-13T13:32:54","date_gmt":"2026-03-13T10:32:54","guid":{"rendered":"https:\/\/mersingazetesi.com\/?p=127802"},"modified":"2026-03-13T13:32:54","modified_gmt":"2026-03-13T10:32:54","slug":"hiranur-icin-bir-kez-daha-adalet-cagrisi","status":"publish","type":"post","link":"https:\/\/mersingazetesi.com\/index.php\/2026\/03\/13\/hiranur-icin-bir-kez-daha-adalet-cagrisi\/","title":{"rendered":"H\u0130RANUR \u0130\u00c7\u0130N B\u0130R KEZ DAHA ADALET \u00c7A\u011eRISI"},"content":{"rendered":"<p class=\"v1MsoNormal\">Mersin&#8217;de ruhsats\u0131z ate\u015fli silahla vurularak \u00f6ld\u00fcr\u00fclen Hiranur Aygar&#8217;\u0131n (16) \u00f6l\u00fcm\u00fcyle ilgili davan\u0131n \u00fc\u00e7\u00fcnc\u00fc duru\u015fmas\u0131 13 Mart 2026 tarihinde Mersin 5. A\u011f\u0131r Ceza Mahkemesi&#8217;nde g\u00f6r\u00fcld\u00fc.<\/p>\n<p class=\"v1MsoNormal\">Duru\u015fmaya Mersin Barosu Ba\u015fkan\u0131 Av. Gazi \u00d6zdemir, Ba\u015fkan Yard\u0131mc\u0131s\u0131 Av. Kaz\u0131m Y\u00fcksel, Y\u00f6netim Kurulu \u00dcyesi Av. Cemil Yeral, Mersin Barosu \u00c7ocuk Haklar\u0131 Merkezi Ba\u015fkan\u0131 Av. Duygu Akat \u00d6zkale, Mersin Barosu Kad\u0131n Haklar\u0131 Merkezi \u00dcyesi Av. Hatice Us, \u00d6nce \u00c7ocuklar ve Kad\u0131nlar Derne\u011fi ile Mersin Kad\u0131n Dayan\u0131\u015fma Komitesi g\u00f6n\u00fcll\u00fc Avukat\u0131 Av. Derya Demir, avukatlar, dernek temsilcileri, Mersin Kad\u0131n Dayan\u0131\u015fma Komitesi ve Hiranur&#8217;un ailesi ve arkada\u015flar\u0131 kat\u0131ld\u0131.<\/p>\n<p class=\"v1MsoNormal\">San\u0131klar H\u00fcseyin Arda \u015e. (19), Mustafa Z. (27) ve Nazmi \u00c7. (20) tutuklu bulunduklar\u0131 cezaevinden ses ve g\u00f6r\u00fcnt\u00fc bili\u015fim sistemi (SEGB\u0130S) arac\u0131l\u0131\u011f\u0131yla kat\u0131ld\u0131. San\u0131klar\u0131n dinlenmesiyle ba\u015flayan duru\u015fmada mahkeme heyeti, san\u0131klar\u0131n tutukluluk halinin devam etmesine karar verdi. Duru\u015fma 24 Nisan 2025 tarihine ertelendi.<\/p>\n<p class=\"v1MsoNormal\">\u00d6ZDEM\u0130R: &#8220;ADALET YER\u0130N\u0130 BULANA KADAR \u00dcZER\u0130M\u0130ZE D\u00dc\u015eEN SORUMLULU\u011eU YER\u0130NE GET\u0130RECE\u011e\u0130Z&#8221;<\/p>\n<p class=\"v1MsoNormal\">Mersin Barosu Ba\u015fkan\u0131 Av. Gazi \u00d6zdemir, Mersin Barosu Kad\u0131n Haklar\u0131 ve \u00c7ocuk Haklar\u0131 Merkezi olarak Hiranur dosyas\u0131n\u0131n sonuna kadar takip\u00e7isi olacaklar\u0131n\u0131 ifade ederek, &#8220;Duru\u015fmaya m\u00fcdahil olma talebimiz her ne kadar mahkeme heyeti taraf\u0131ndan kabul edilmediyse de \u00e7ocuk haklar\u0131 ve kad\u0131n haklar\u0131 merkezlerimiz dosyay\u0131 g\u00f6zlemci s\u0131fat\u0131yla takip etmeye devam edecektir. \u00c7ocuklara ve kad\u0131nlara y\u00f6nelik \u015fiddet olaylar\u0131nda adalet yerini bulana kadar dosyalar\u0131n takip\u00e7isi olaca\u011f\u0131m\u0131z\u0131, \u00fczerimize d\u00fc\u015fen sorumlulu\u011fumuzu yerine getirece\u011fimizi kamuoyuna sayg\u0131yla duyuruyoruz&#8221; diye konu\u015ftu.<\/p>\n<p class=\"v1MsoNormal\">DEM\u0130R: &#8220;BU DOSYANIN PE\u015e\u0130N\u0130 BIRAKMAYA H\u0130\u00c7 N\u0130YET\u0130M\u0130Z YOK&#8221;<\/p>\n<p class=\"v1MsoNormal\">Duru\u015fma sonras\u0131 Mersin Adliyesi bah\u00e7esinde yap\u0131lan bas\u0131n a\u00e7\u0131klamas\u0131nda konu\u015fan \u00d6nce \u00c7ocuklar ve Kad\u0131nlar Derne\u011fi ile Mersin Kad\u0131n Dayan\u0131\u015fma Komitesi g\u00f6n\u00fcll\u00fc Avukat\u0131 Av. Derya Demir, &#8220;Hiranur i\u00e7in adalet aray\u0131\u015f\u0131m\u0131z \u00e7ok \u00f6nemli. \u00c7\u00fcnk\u00fc 16 ya\u015f\u0131ndaki k\u0131z \u00e7ocu\u011fumuz \u00f6ld\u00fcr\u00fcld\u00fc; bu \u00fc\u00e7 san\u0131k da s\u00fcrekli ger\u00e7e\u011fe ayk\u0131r\u0131 beyanlarla su\u00e7un \u00fcst\u00fcn\u00fc \u00f6rtmeye \u00e7al\u0131\u015fmaya kaza s\u00fcs\u00fc vermeye devam ediyorlar. San\u0131klardan H\u00fcseyn&#8217;in uyu\u015fturucu ticareti yapt\u0131\u011f\u0131, t\u00fcm dosya kapsam\u0131nda yer al\u0131yor. Hiranur&#8217;un ailesi de bizler de en ba\u015f\u0131ndan beri Hiranur&#8217;un bir \u00e7ete taraf\u0131ndan \u00f6ld\u00fcr\u00fclm\u00fc\u015f olma ihtimali \u00fczerine duruyoruz. Maalesef savc\u0131l\u0131k ve soru\u015fturma a\u015famas\u0131nda hi\u00e7bir delilin toplanmamas\u0131, hi\u00e7bir ara\u015ft\u0131rman\u0131n yap\u0131lmamas\u0131, mahkeme heyetini de bizi de \u00e7ok zor durumda b\u0131rakt\u0131. \u00c7\u00fcnk\u00fc biz s\u0131f\u0131rdan delil toplamaya \u00e7al\u0131\u015f\u0131yoruz. 31 A\u011fustos 2025 tarihinde olan cinayetin \u00fczerinden aylar ge\u00e7mesine ra\u011fmen hala deliller tam olarak toplanm\u0131\u015f de\u011fil. Hala su\u00e7un nas\u0131l i\u015flendi\u011fine dair b\u00fcy\u00fck \u015f\u00fcpheler devam ediyor. Dolay\u0131s\u0131yla bu soru\u015fturma makamlar\u0131n\u0131n eksikli\u011finin cezas\u0131n\u0131 asl\u0131nda adalet aray\u0131\u015f\u0131nda olan bizler ve aileler \u00e7ekiyor. Bu dosyan\u0131n pe\u015fini b\u0131rakmaya hi\u00e7 niyetimiz yok. 24 Nisan&#8217;da olacak duru\u015fmaya yine kamuoyunun \u00e7ok deste\u011fine ihtiyac\u0131m\u0131z var. T\u00fcm \u00e7ocuklar\u0131n yan\u0131nda olmaya devam edece\u011fiz&#8221; diye konu\u015ftu.<\/p>\n<p class=\"v1MsoNormal\">\u00d6ZKALE: &#8220;EKS\u0130K DEL\u0130LLERLE Y\u00dcR\u00dcT\u00dcLEN B\u0130R YARGILAMA, ADALET\u0130N YER\u0130N\u0130 BULMASINI ENGELLER&#8221;<\/p>\n<p class=\"v1MsoNormal\">Daha sonra konu\u015fma yapan Mersin Barosu \u00c7ocuk Haklar\u0131 Merkezi Ba\u015fkan\u0131 Av. Duygu Akat \u00d6zkale, 16 ya\u015f\u0131ndaki Hiranur Nilg\u00fcn Aygar&#8217;\u0131n davas\u0131nda adaletin tecellisi i\u00e7in burada olduklar\u0131n\u0131 belirterek, &#8220;Hiranur \u0130\u00e7in adalet, \u00e7ocuklar i\u00e7in g\u00fcvenli gelecek. Mersin Barosu olarak kat\u0131lma talebimiz mahkemece kabul edilmedi. Ancak biz, \u00e7ocuklar\u0131n \u00fcst\u00fcn yarar\u0131n\u0131 korumak ad\u0131na g\u00f6zlemci s\u0131fat\u0131yla davan\u0131n sonuna kadar takip\u00e7isiyiz. Hiranur&#8217;un \u00f6l\u00fcm\u00fcyle ilgili bu yarg\u0131lamada b\u00fcy\u00fck eksikler vard\u0131r. Temel deliller dosyaya tam olarak girmemi\u015ftir. Soru\u015fturma tamamlanmadan kovu\u015fturma a\u015famas\u0131na ge\u00e7ilmi\u015ftir. Eksik delillerle y\u00fcr\u00fct\u00fclen bir yarg\u0131lama, adaletin yerini bulmas\u0131n\u0131 engeller.<\/p>\n<p class=\"v1MsoNormal\">\n<p class=\"v1MsoNormal\">&#8220;\u00c7OCUKLARIN YA\u015eAM HAKKINI \u00d6NEMSEMEYEN H\u0130\u00c7B\u0130R S\u0130STEM AD\u0130L DE\u011e\u0130LD\u0130R&#8221;<\/p>\n<p class=\"v1MsoNormal\">Unutulmamal\u0131d\u0131r ki; devletin en temel g\u00f6revi, \u00e7ocuklar\u0131n en kutsal hakk\u0131 olan ya\u015fam hakk\u0131n\u0131 ko\u015fulsuz korumakt\u0131r. \u00c7ocuk koruma sistemi, sadece su\u00e7 i\u015flendikten sonra devreye giren bir mekanizma de\u011fildir. Devletin as\u0131l sorumlulu\u011fu, bireysel silahlanmaya kar\u015f\u0131 durmak ve \u00f6nleyici tedbirleri alarak \u00e7ocuklar\u0131m\u0131z\u0131 ya\u015fatmakt\u0131r. \u00c7ocuklar\u0131n ya\u015fam hakk\u0131n\u0131 \u00f6nemsemeyen hi\u00e7bir sistem adil de\u011fildir. Hiranur i\u00e7in adalet sa\u011flanana kadar buraday\u0131z. T\u00fcm \u00e7ocuklar\u0131m\u0131z i\u00e7in g\u00fcvenli bir gelecek istiyoruz. M\u00fccadelemiz kararl\u0131l\u0131kla s\u00fcrecektir&#8221; \u015feklinde konu\u015ftu.<\/p>\n<p class=\"v1MsoNormal\">US: &#8220;T\u00dcM DOSYALARDA KADINLARIN VE \u00c7OCUKLARIN YANINDA OLACA\u011eIZ&#8221;<\/p>\n<p class=\"v1MsoNormal\">Mersin Barosu Kad\u0131n Haklar\u0131 Merkezi \u00dcyesi Av. Hatice Us konu\u015fmas\u0131nda, &#8220;Kad\u0131n hakk\u0131 ve \u00e7ocuk hakk\u0131, insan hakk\u0131d\u0131r. \u0130lk ba\u011flamda soru\u015fturma a\u015famas\u0131nda bu t\u00fcr ma\u011fdurlar\u0131n bulundu\u011fu t\u00fcm dosyalar\u0131n \u00f6zenle ve titizlikle soru\u015fturma a\u015famas\u0131na ge\u00e7ilip, yarg\u0131lama a\u015famas\u0131nda ma\u011fdur ve su\u00e7tan zarar g\u00f6rme ihtimaline binaen bu konuda g\u00f6rev yapan t\u00fcm kamu kurum ve kurulu\u015flar\u0131 ile derneklerin duru\u015fmaya m\u00fcdahillik talebinin kabul\u00fcne karar verilmesi gerekmektedir. M\u00fccadelemizi s\u00fcrd\u00fcrece\u011fiz. Daha bir dosyan\u0131n yarg\u0131lamas\u0131 devam ederken, bir ba\u015fka kad\u0131n\u0131n katledildi\u011fini biliyoruz. Biz t\u00fcm dosyalarda kad\u0131nlar\u0131n ve \u00e7ocuklar\u0131n yan\u0131nda olaca\u011f\u0131z&#8221; ifadelerini kulland\u0131.<\/p>\n","protected":false},"excerpt":{"rendered":"<p>Mersin&#8217;de ruhsats\u0131z ate\u015fli silahla vurularak \u00f6ld\u00fcr\u00fclen Hiranur Aygar&#8217;\u0131n (16) \u00f6l\u00fcm\u00fcyle ilgili davan\u0131n \u00fc\u00e7\u00fcnc\u00fc duru\u015fmas\u0131 13 Mart 2026 tarihinde Mersin 5. A\u011f\u0131r Ceza Mahkemesi&#8217;nde g\u00f6r\u00fcld\u00fc. Duru\u015fmaya Mersin Barosu Ba\u015fkan\u0131 Av. Gazi \u00d6zdemir, Ba\u015fkan Yard\u0131mc\u0131s\u0131 Av. Kaz\u0131m Y\u00fcksel, Y\u00f6netim Kurulu \u00dcyesi Av. Cemil Yeral, Mersin Barosu \u00c7ocuk Haklar\u0131 Merkezi Ba\u015fkan\u0131 Av. Duygu Akat \u00d6zkale, Mersin Barosu Kad\u0131n [&hellip;]<\/p>\n","protected":false},"author":2,"featured_media":127803,"comment_status":"open","ping_status":"open","sticky":false,"template":"","format":"standard","meta":{"footnotes":""},"categories":[2],"tags":[],"class_list":["post-127802","post","type-post","status-publish","format-standard","has-post-thumbnail","hentry","category-kadin"],"views":2160,"_links":{"self":[{"href":"https:\/\/mersingazetesi.com\/index.php\/wp-json\/wp\/v2\/posts\/127802","targetHints":{"allow":["GET"]}}],"collection":[{"href":"https:\/\/mersingazetesi.com\/index.php\/wp-json\/wp\/v2\/posts"}],"about":[{"href":"https:\/\/mersingazetesi.com\/index.php\/wp-json\/wp\/v2\/types\/post"}],"author":[{"embeddable":true,"href":"https:\/\/mersingazetesi.com\/index.php\/wp-json\/wp\/v2\/users\/2"}],"replies":[{"embeddable":true,"href":"https:\/\/mersingazetesi.com\/index.php\/wp-json\/wp\/v2\/comments?post=127802"}],"version-history":[{"count":2,"href":"https:\/\/mersingazetesi.com\/index.php\/wp-json\/wp\/v2\/posts\/127802\/revisions"}],"predecessor-version":[{"id":127805,"href":"https:\/\/mersingazetesi.com\/index.php\/wp-json\/wp\/v2\/posts\/127802\/revisions\/127805"}],"wp:featuredmedia":[{"embeddable":true,"href":"https:\/\/mersingazetesi.com\/index.php\/wp-json\/wp\/v2\/media\/127803"}],"wp:attachment":[{"href":"https:\/\/mersingazetesi.com\/index.php\/wp-json\/wp\/v2\/media?parent=127802"}],"wp:term":[{"taxonomy":"category","embeddable":true,"href":"https:\/\/mersingazetesi.com\/index.php\/wp-json\/wp\/v2\/categories?post=127802"},{"taxonomy":"post_tag","embeddable":true,"href":"https:\/\/mersingazetesi.com\/index.php\/wp-json\/wp\/v2\/tags?post=127802"}],"curies":[{"name":"wp","href":"https:\/\/api.w.org\/{rel}","templated":true}]}}