{"id":127752,"date":"2026-03-13T09:31:13","date_gmt":"2026-03-13T06:31:13","guid":{"rendered":"https:\/\/mersingazetesi.com\/?p=127752"},"modified":"2026-03-13T09:31:13","modified_gmt":"2026-03-13T06:31:13","slug":"mevlana-ile-ilgili-bilinmesi-gerekenler-nelerdir","status":"publish","type":"post","link":"https:\/\/mersingazetesi.com\/index.php\/2026\/03\/13\/mevlana-ile-ilgili-bilinmesi-gerekenler-nelerdir\/","title":{"rendered":"MEVL\u00c2NA \u0130LE \u0130LG\u0130L\u0130 B\u0130L\u0130NMES\u0130 GEREKENLER NELERD\u0130R?"},"content":{"rendered":"<div class=\"gs\">\n<div class=\"\">\n<div id=\":nm\" class=\"ii gt\">\n<div id=\":mq\" class=\"a3s aiL\">\n<div id=\"avWBGd-75\">\n<div dir=\"ltr\">\n<div dir=\"auto\">Ankara\u2019dan Bayan Emine \u00d6ZSOY\u2019un sorusu Mavl\u00e2na ile ilgili\u2026<\/div>\n<div dir=\"auto\">SORU:<\/div>\n<div dir=\"auto\">Her y\u0131l aral\u0131k ay\u0131 i\u00e7inde Mevl\u00e2na\u2019n\u0131n Vuslat y\u0131ld\u00f6n\u00fcm\u00fc Uluslararas\u0131 anma g\u00fcnleri ve pek \u00e7ok Sem\u00e2 ayinleri yap\u0131lmaktad\u0131r.<\/div>\n<div dir=\"auto\">Bu y\u0131l da yakla\u015f\u0131k \u00fc\u00e7 ay \u00f6nce 7 &#8211; 17 Aral\u0131k tarihleri aras\u0131nda b\u00fct\u00fcn il ve \u0130l\u00e7elerde Semazen g\u00f6sterileri ve \u00e7e\u015fitli etkinlikler yap\u0131lm\u0131\u015ft\u0131r.<\/div>\n<div dir=\"auto\">Her y\u0131l Konya\u2019da y\u00fcz binlerce ki\u015finin ziyaret etti\u011fi Mevl\u00e2na T\u00fcrk m\u00fcd\u00fcr?<\/div>\n<div dir=\"auto\">Nerede do\u011fmu\u015f, nerelerde ya\u015fam\u0131\u015ft\u0131r?<\/div>\n<div dir=\"auto\">Mesnev\u00ee adl\u0131 kitab\u0131n\u0131 Fars\u00e7a yazd\u0131\u011f\u0131 s\u00f6yleniyor.<\/div>\n<div dir=\"auto\">T\u00fcrk ise ni\u00e7in kitab\u0131n\u0131 T\u00fcrk\u00e7e yazmam\u0131\u015ft\u0131r?<\/div>\n<div dir=\"auto\">Sadece din ilimleriyle mi u\u011fra\u015fm\u0131\u015ft\u0131r?<\/div>\n<div dir=\"auto\">M\u00fcspet ilimlerle ilgisi var m\u0131d\u0131r?<\/div>\n<div dir=\"auto\">M\u00fcsl\u00fcman olmayan binlerce ki\u015fi ni\u00e7in yurt d\u0131\u015f\u0131ndan \u015eeb-i Arus t\u00f6renleri i\u00e7in geliyor?<\/div>\n<div dir=\"auto\">M\u00fcsl\u00fcman olmayanlar Mevl\u00e2na\u2019n\u0131n neyinden etkileniyorlar?<\/div>\n<div dir=\"auto\">Anlam\u0131n\u0131 bile bilmeden insanlar\u0131n kat\u0131ld\u0131\u011f\u0131 sem\u00e2 ayini nedir?<\/div>\n<div dir=\"auto\">\u015eeb-i Arus ne demektir?<\/div>\n<div dir=\"auto\">Bir de Mevlevilik var. Bu nedir? Tarikat m\u0131d\u0131r yoksa bir inan\u00e7 \u015fekli midir? \u2018\u2019<\/div>\n<div dir=\"auto\">CEVAP:<\/div>\n<div dir=\"auto\">30 Eyl\u00fcl 1207 tarihinde d\u00fcnyaya gelen Mevl\u00e2na do\u011fum g\u00fcn\u00fcnde -T\u00fcrkiye\u2019nin t\u00fcm il ve il\u00e7elerinde, Kuzey K\u0131br\u0131s T\u00fcrk Cumhuriyetinde sevenleri taraf\u0131ndan anlaml\u0131 bir \u015fekilde an\u0131lm\u0131\u015ft\u0131r.<\/div>\n<div dir=\"auto\">Do\u011fum g\u00fcn\u00fcnde sevgi ile an\u0131lan Mevl\u00e2na ilgili olarak daha pek \u00e7ok soru akla gelebilir.<\/div>\n<div dir=\"auto\">Mevl\u00e2na Celaleddini Rumi ho\u015fg\u00f6r\u00fc ve bar\u0131\u015f\u0131n sembol\u00fcd\u00fcr.<\/div>\n<div dir=\"auto\">Y\u00fczy\u0131llarca s\u00fcregelen bir ho\u015fg\u00f6r\u00fcn\u00fcn \u00f6nc\u00fcs\u00fcd\u00fcr ve din bilginidir.<\/div>\n<div dir=\"auto\">As\u0131l ismi Muhammed Celaleddindir. Mevl\u00e2na ismi efendimiz anlam\u0131na gelmektedir.<\/div>\n<div dir=\"auto\">Mevl\u00e2na&#8217;n\u0131n Rumi olarak bilinmesi ge\u00e7mi\u015f y\u00fczy\u0131llarda Diyar\u0131 Rum olan Anadolu&#8217; nun vilayetinden Konya&#8217; da uzun s\u00fcre ikamet etmesidir.<\/div>\n<div dir=\"auto\">Hayat\u0131n\u0131n uzun bir b\u00f6l\u00fcm\u00fcn\u00fc orada ge\u00e7irmi\u015ftir ve t\u00fcrbesi de Konya\u2019dad\u0131r. Mevl\u00e2na&#8217; n\u0131n do\u011fum yeri 1207 y\u0131l\u0131nda Afganistan&#8217; \u0131n Belh \u015fehridir.<\/div>\n<div dir=\"auto\">Anadolu&#8217; nun en bilinen evliyalar\u0131ndan olan Mevl\u00e2na Hazretleri \u015eems-i tebrizi ile yak\u0131n dostluk kurmu\u015ftur.<\/div>\n<div dir=\"auto\">Annesi Belh emiri R\u00fckneddinin k\u0131z\u0131 M\u00fcmine Hatundur. Babas\u0131 Belh \u015fehrinin ileri gelen bilginlerinden olup, bilginlerin sultan\u0131 unvan\u0131n\u0131 alm\u0131\u015f olan H\u00fcseyin Hatibi o\u011flu Bahaeddin Veleddir.<\/div>\n<div dir=\"auto\">Babas\u0131 Sultan\u00fc-l Ulema Bahaeddin Veled baz\u0131 siyasi olaylar\u0131n ve yakla\u015fmakta olan Mo\u011fol istilas\u0131n\u0131n nedeniyle Belh \u015fehrinden ayr\u0131lmak zorunda kalm\u0131\u015ft\u0131r.<\/div>\n<div dir=\"auto\">\u00d6ncelikle Ni\u015fabura gitmi\u015fler, orada Mutasavv\u0131f Fer\u00fcddin Attar ile kar\u015f\u0131la\u015fm\u0131\u015flard\u0131r.<\/div>\n<div dir=\"auto\">Mevl\u00e2na hazretleri k\u00fc\u00e7\u00fck ya\u015f\u0131na ra\u011fmen, mutasavv\u0131f Fer\u00fcddin Attar\u0131n ilgisini \u00e7ekmi\u015ftir.<\/div>\n<div dir=\"auto\">\u015eems tebrizi ile 15 Kas\u0131m 1244 y\u0131l\u0131nda kar\u015f\u0131la\u015fm\u0131\u015ft\u0131r.<\/div>\n<div dir=\"auto\">Y\u00fcce g\u00f6n\u00fcll\u00fc, g\u00fczel fikirli olan Mevl\u00e2na hazretleri, \u015eems tebrizi ile tan\u0131\u015fmas\u0131n\u0131n bir soru ile ba\u015flad\u0131\u011f\u0131 baz\u0131 kaynaklarda a\u00e7\u0131k\u00e7a belirtilmi\u015ftir.<\/div>\n<div dir=\"auto\">\u0130lk kar\u015f\u0131la\u015fmalar\u0131nda \u015eems&#8217; in Mevl\u00e2na&#8217; ya Bayezid&#8217; i Bistami ile Hz. Peygamberi k\u0131yaslayan bir soru soruldu\u011funda Mevl\u00e2na&#8217; n\u0131n vermi\u015f oldu\u011fu cevab\u0131 \u00e7ok be\u011fenerek Mevl\u00e2na ile kucakla\u015ft\u0131\u011f\u0131 belirtilmi\u015ftir.<\/div>\n<div dir=\"auto\">Mevl\u00e2na\u2019n\u0131n hayat\u0131nda en \u00f6nemli bir yere sahip olan \u015eems tebrizi, Mevl\u00e2na i\u00e7in d\u00f6n\u00fcm noktas\u0131 olmu\u015ftur.<\/div>\n<div dir=\"auto\">Ho\u015fg\u00f6r\u00fcn\u00fcn simgesi olan Mevl\u00e2na\u2019y\u0131 anlatmak i\u00e7in sat\u0131rlar da kelimelere de kifayetsiz kalacakt\u0131r. Fakat onun g\u00fczel ve ruhumuzu yakan s\u00f6zleri her zaman kulaklar\u0131m\u0131zdad\u0131r.<\/div>\n<div dir=\"auto\">Mevlanan\u0131n yedi \u00f6\u011f\u00fcd\u00fc vard\u0131r:<\/div>\n<div dir=\"auto\">&#8211; C\u00f6mertlik ve yard\u0131m etme konusunda akarsu gibi ol<\/div>\n<div dir=\"auto\">&#8211; \u015eefkat ve merhamette g\u00fcne\u015f gibi ol<\/div>\n<div dir=\"auto\">&#8211; Ba\u015fkalar\u0131n\u0131n kusurunu \u00f6rtmede gece gibi ol<\/div>\n<div dir=\"auto\">&#8211; Hiddet ve asabiyette \u00f6l\u00fc gibi ol<\/div>\n<div dir=\"auto\">&#8211; Tevazu ve al\u00e7ak g\u00f6n\u00fcll\u00fckte toprak gibi ol<\/div>\n<div dir=\"auto\">&#8211; Ho\u015fg\u00f6r\u00fcl\u00fcl\u00fckte deniz gibi ol<\/div>\n<div dir=\"auto\">&#8211; Ya oldu\u011fun gibi g\u00f6r\u00fcn, ya g\u00f6r\u00fcnd\u00fc\u011f\u00fcn gibi ol<\/div>\n<div dir=\"auto\">Mevl\u00e2na, \u00e7evresindeki tecr\u00fcbe ve bilgi deryas\u0131ndan, devrinin b\u00fct\u00fcn sanat ve ilim hareketlerinden haberdar olmu\u015ftu.<\/div>\n<div dir=\"auto\">Kendisi T\u00fcrk olmas\u0131na ra\u011fmen Mesnevi\u2019sini Fars\u00e7a olarak yazm\u0131\u015ft\u0131.<\/div>\n<div dir=\"auto\">Matematik, astronomi, t\u0131p ve simya ilimlerinin terminolojisini bir uzman derecesinde \u00f6\u011frenmi\u015fti.<\/div>\n<div dir=\"auto\">Kur&#8217;an, Hadis, F\u0131k\u0131h, Kelam sahalar\u0131nda \u00e7a\u011f\u0131n\u0131n rakipsiz bilgini olmu\u015ftu.<\/div>\n<div dir=\"auto\">Ya\u015fad\u0131\u011f\u0131 hayat\u0131;\u201d Hamd\u0131m, pi\u015ftim, yand\u0131m\u201d s\u00f6zleriyle \u00f6zetlemi\u015fti.<\/div>\n<div dir=\"auto\">17 Aral\u0131k 1273 Pazar g\u00fcn\u00fc vefat etmi\u015fti.<\/div>\n<div dir=\"auto\">Mevl\u00e2na; \u00d6l\u00fcm g\u00fcn\u00fcne \u201cdo\u011fum g\u00fcn\u00fc\u201d veya \u201cgelin gecesi\u201d anlam\u0131na gelen \u201c\u015eEB\u2019\u0130 ARUS\u201d diyordu.<\/div>\n<div dir=\"auto\">Vefat etti\u011fi zaman M\u00fcsl\u00fcman olsun olmas\u0131n Konya\u2019daki b\u00fct\u00fcn insanlar cenazesine kat\u0131lm\u0131\u015ft\u0131.<\/div>\n<div dir=\"auto\">M\u00fcsl\u00fcman olmayanlar\u0131n cenazeye kat\u0131l\u0131\u015f\u0131 M\u00fcsl\u00fcmanlar aras\u0131nda \u015fa\u015fk\u0131nl\u0131k yaratm\u0131\u015f ve onlar\u0131 cenazeye kat\u0131lmaktan men etmek istemi\u015flerdi.<\/div>\n<div dir=\"auto\">Cenazeye kat\u0131lan gayr-\u0131 M\u00fcslimler ise; \u201cBiz Musa\u2019n\u0131n ve b\u00fct\u00fcn Peygamberlerin hakikatini onun s\u00f6zlerinden anlay\u0131p \u00f6\u011frendik. Kendi kitab\u0131m\u0131zda okudu\u011fumuz olgun Peygamberlerin huy ve hareketlerini onda g\u00f6rd\u00fck. Sizler nas\u0131l onun muhibbi ve m\u00fcridi iseniz biz de onun muhibbiyiz&#8230;\u201d demi\u015fler ve cenazeye kat\u0131lm\u0131\u015flard\u0131.<\/div>\n<div dir=\"auto\">Her y\u0131l yap\u0131lan Vuslat y\u0131ld\u00f6n\u00fcmlerine kat\u0131lan M\u00fcsl\u00fcman olmayan kimselerin Mevl\u00e2na sevgisi \u00f6l\u00fcm\u00fcnden bu yana devam edegelmektedir.<\/div>\n<div dir=\"auto\">Mevlevilik; Mevl\u00e2na\u2019n\u0131n \u00f6l\u00fcm\u00fcnden sonra o\u011flu Sultan Veled ve dostlar\u0131 taraf\u0131ndan tesis edilmi\u015f bir tarikatt\u0131r.<\/div>\n<div dir=\"auto\">Mevlevilik; Sadece Anadolu\u2019da de\u011fil, Asya\u2019da, Avrupa\u2019da, Afrika\u2019da, Arap yar\u0131madas\u0131nda ya\u015fayan insanlar\u0131 etkisi alt\u0131na alan bir \u201cOlgun insan\u201d yeti\u015ftirme yolu olarak tan\u0131mlanmaktad\u0131r.<\/div>\n<div dir=\"auto\">Mevlevilik: Alt\u0131 y\u00fcz y\u0131l\u0131 a\u015fk\u0131n bir s\u00fcredir Mevl\u00e2na\u2019n\u0131n; \u201cAllah\u2019la birlikte olmak\u201d diye nitelendirdi\u011fi \u201cSemas\u0131yla M\u00fcsl\u00fcman olsun olmas\u0131n t\u00fcm d\u00fcnya insanlar\u0131n\u0131n g\u00f6n\u00fcllerine girmeyi ba\u015farm\u0131\u015ft\u0131r.<\/div>\n<div dir=\"auto\">Mevl\u00e2na\u2019n\u0131n fikirlerine b\u00fcy\u00fck \u00f6nem verildi\u011fi gibi insanlar\u0131 en \u00e7ok etkileyen semas\u0131d\u0131r.<\/div>\n<div dir=\"auto\">Sema etmek yani d\u00f6nmek adeta Mevlevili\u011fin sembol\u00fc olmu\u015ftur.<\/div>\n<div dir=\"auto\">Vuslat y\u0131ld\u00f6n\u00fcm\u00fc t\u00f6renlerinde yap\u0131lan sema ayinini her y\u0131l y\u00fcz binin \u00fczerinde ki\u015finin izlemesi ve y\u00fcz binlerce ki\u015finin bu t\u00f6renlere kat\u0131lmas\u0131 Mevl\u00e2n\u00e2 sevgisinin g\u00f6stergesidir.<\/div>\n<div dir=\"auto\">Ho\u015f\u00e7a kal\u0131n\u0131z.<\/div>\n<div dir=\"auto\">Sorular\u0131n\u0131z i\u00e7in (\u00a0<a href=\"mailto:gazimert333@gmail.com\" target=\"_blank\" rel=\"noopener\">gazimert333@gmail.com<\/a>\u00a0)<\/div>\n<\/div>\n<div class=\"yj6qo\"><\/div>\n<div class=\"adL\"><\/div>\n<\/div>\n<\/div>\n<\/div>\n<div id=\"avWBGd-76\" class=\"WhmR8e\" data-hash=\"0\"><\/div>\n<\/div>\n<\/div>\n","protected":false},"excerpt":{"rendered":"<p>Ankara\u2019dan Bayan Emine \u00d6ZSOY\u2019un sorusu Mavl\u00e2na ile ilgili\u2026 SORU: Her y\u0131l aral\u0131k ay\u0131 i\u00e7inde Mevl\u00e2na\u2019n\u0131n Vuslat y\u0131ld\u00f6n\u00fcm\u00fc Uluslararas\u0131 anma g\u00fcnleri ve pek \u00e7ok Sem\u00e2 ayinleri yap\u0131lmaktad\u0131r. Bu y\u0131l da yakla\u015f\u0131k \u00fc\u00e7 ay \u00f6nce 7 &#8211; 17 Aral\u0131k tarihleri aras\u0131nda b\u00fct\u00fcn il ve \u0130l\u00e7elerde Semazen g\u00f6sterileri ve \u00e7e\u015fitli etkinlikler yap\u0131lm\u0131\u015ft\u0131r. Her y\u0131l Konya\u2019da y\u00fcz binlerce ki\u015finin [&hellip;]<\/p>\n","protected":false},"author":11,"featured_media":126869,"comment_status":"open","ping_status":"open","sticky":false,"template":"","format":"standard","meta":{"footnotes":""},"categories":[21],"tags":[],"class_list":["post-127752","post","type-post","status-publish","format-standard","has-post-thumbnail","hentry","category-gazi-mert"],"views":452,"_links":{"self":[{"href":"https:\/\/mersingazetesi.com\/index.php\/wp-json\/wp\/v2\/posts\/127752","targetHints":{"allow":["GET"]}}],"collection":[{"href":"https:\/\/mersingazetesi.com\/index.php\/wp-json\/wp\/v2\/posts"}],"about":[{"href":"https:\/\/mersingazetesi.com\/index.php\/wp-json\/wp\/v2\/types\/post"}],"author":[{"embeddable":true,"href":"https:\/\/mersingazetesi.com\/index.php\/wp-json\/wp\/v2\/users\/11"}],"replies":[{"embeddable":true,"href":"https:\/\/mersingazetesi.com\/index.php\/wp-json\/wp\/v2\/comments?post=127752"}],"version-history":[{"count":1,"href":"https:\/\/mersingazetesi.com\/index.php\/wp-json\/wp\/v2\/posts\/127752\/revisions"}],"predecessor-version":[{"id":127753,"href":"https:\/\/mersingazetesi.com\/index.php\/wp-json\/wp\/v2\/posts\/127752\/revisions\/127753"}],"wp:featuredmedia":[{"embeddable":true,"href":"https:\/\/mersingazetesi.com\/index.php\/wp-json\/wp\/v2\/media\/126869"}],"wp:attachment":[{"href":"https:\/\/mersingazetesi.com\/index.php\/wp-json\/wp\/v2\/media?parent=127752"}],"wp:term":[{"taxonomy":"category","embeddable":true,"href":"https:\/\/mersingazetesi.com\/index.php\/wp-json\/wp\/v2\/categories?post=127752"},{"taxonomy":"post_tag","embeddable":true,"href":"https:\/\/mersingazetesi.com\/index.php\/wp-json\/wp\/v2\/tags?post=127752"}],"curies":[{"name":"wp","href":"https:\/\/api.w.org\/{rel}","templated":true}]}}