{"id":127747,"date":"2026-03-13T09:29:04","date_gmt":"2026-03-13T06:29:04","guid":{"rendered":"https:\/\/mersingazetesi.com\/?p=127747"},"modified":"2026-03-13T09:29:04","modified_gmt":"2026-03-13T06:29:04","slug":"goc-politikasi-sertlesiyor-avrupa-nereye-gidiyor","status":"publish","type":"post","link":"https:\/\/mersingazetesi.com\/index.php\/2026\/03\/13\/goc-politikasi-sertlesiyor-avrupa-nereye-gidiyor\/","title":{"rendered":"G\u00f6\u00e7 Politikas\u0131 Sertle\u015fiyor: Avrupa Nereye Gidiyor?"},"content":{"rendered":"<p>Avrupa Birli\u011fi uzun y\u0131llard\u0131r g\u00f6\u00e7 meselesiyle m\u00fccadele ediyor. Akdeniz\u2019den gelen d\u00fczensiz g\u00f6\u00e7 ak\u0131nlar\u0131, sava\u015flar, ekonomik krizler ve siyasi istikrars\u0131zl\u0131k, k\u0131tan\u0131n g\u00f6\u00e7 politikalar\u0131n\u0131 s\u00fcrekli yeniden \u015fekillendirmesine neden oldu. Ancak son tart\u0131\u015fmalar, Avrupa\u2019n\u0131n g\u00f6\u00e7 konusunda daha sert bir d\u00f6neme girdi\u011fini g\u00f6steriyor.<\/p>\n<p>Avrupa Birli\u011fi\u2019nde d\u00fczensiz g\u00f6\u00e7menlerin geri g\u00f6nderilmesini kolayla\u015ft\u0131rmay\u0131 ama\u00e7layan yeni yasa teklifi, bu sertle\u015fmenin en g\u00fcncel \u00f6rneklerinden biri. Komite d\u00fczeyinde onaylanan ve \u201cAB Geri D\u00f6n\u00fc\u015f Y\u00f6netmeli\u011fi\u201d olarak adland\u0131r\u0131lan teklif, s\u0131n\u0131r d\u0131\u015f\u0131 s\u00fcre\u00e7lerini h\u0131zland\u0131rmay\u0131 ve daha etkili hale getirmeyi hedefliyor. Avrupa Komisyonu\u2019nun \u201cGeri D\u00f6n\u00fc\u015fler i\u00e7in Ortak Avrupa Sistemi\u201d olarak tan\u0131mlad\u0131\u011f\u0131 bu d\u00fczenleme, \u00fcye \u00fclkeler aras\u0131nda ortak bir mekanizma kurulmas\u0131n\u0131 \u00f6ng\u00f6r\u00fcyor.<\/p>\n<p>Teklifin en \u00e7ok tart\u0131\u015f\u0131lan noktalar\u0131ndan biri ise \u201ciade merkezleri\u201d. Buna g\u00f6re, iltica ba\u015fvurusu reddedilen g\u00f6\u00e7menler s\u0131n\u0131r d\u0131\u015f\u0131 edilmeden \u00f6nce Avrupa Birli\u011fi d\u0131\u015f\u0131ndaki merkezlere g\u00f6nderilebilecek. Ayr\u0131ca taslak metin, gerekli g\u00f6r\u00fclmesi halinde g\u00f6\u00e7menlerin iki y\u0131la kadar g\u00f6zalt\u0131nda tutulabilmesine de imkan tan\u0131yor.<\/p>\n<p>Destekleyenler bu d\u00fczenlemeyi Avrupa\u2019n\u0131n y\u0131llard\u0131r \u00e7\u00f6zemedi\u011fi bir soruna yan\u0131t olarak g\u00f6r\u00fcyor. \u00c7\u00fcnk\u00fc Avrupa\u2019da s\u0131n\u0131r d\u0131\u015f\u0131 kararlar\u0131n\u0131n \u00f6nemli bir b\u00f6l\u00fcm\u00fc uygulamaya ge\u00e7irilemiyor. Bir\u00e7ok \u00fclke, d\u00fczensiz g\u00f6\u00e7menlerin geri g\u00f6nderilmesi konusunda ciddi zorluklarla kar\u015f\u0131la\u015f\u0131yor. Bu nedenle reformun, sistemi daha h\u0131zl\u0131 ve etkili hale getirece\u011fi savunuluyor.<\/p>\n<p>Ancak ele\u015ftiriler de en az destek kadar g\u00fc\u00e7l\u00fc. Sivil toplum kurulu\u015flar\u0131, bu d\u00fczenlemenin Avrupa\u2019da g\u00f6\u00e7 politikalar\u0131n\u0131n sertle\u015fmesine ve g\u00fcvenlik merkezli bir yakla\u015f\u0131m\u0131n hakim olmas\u0131na yol a\u00e7abilece\u011fini d\u00fc\u015f\u00fcn\u00fcyor. Hatta baz\u0131 STK\u2019lar, yeni sistemin ABD\u2019de tart\u0131\u015fmalara neden olan G\u00f6\u00e7menlik ve G\u00fcmr\u00fck Muhafaza kurumu ICE\u2019nin uygulamalar\u0131na benzer y\u00f6ntemlerin \u00f6n\u00fcn\u00fc a\u00e7abilece\u011fi uyar\u0131s\u0131nda bulunuyor.<\/p>\n<p>Yakla\u015f\u0131k 70 sivil toplum kurulu\u015funun yay\u0131mlad\u0131\u011f\u0131 ortak bildiride, \u00f6zellikle \u201ctespit tedbirleri\u201d olarak adland\u0131r\u0131lan uygulamalar\u0131n risklerine dikkat \u00e7ekiliyor. Bu tedbirlerin \u00f6zel evlerde polis aramalar\u0131ndan kamusal alanlardaki operasyonlara, g\u00f6zetim teknolojilerinin artmas\u0131na ve hatta \u0131rksal profilleme tart\u0131\u015fmalar\u0131na kadar uzanabilecek sonu\u00e7lar do\u011furabilece\u011fi ifade ediliyor.<\/p>\n<p>Burada Avrupa i\u00e7in as\u0131l mesele yaln\u0131zca g\u00f6\u00e7\u00fc y\u00f6netmek de\u011fil. Ayn\u0131 zamanda insan haklar\u0131, hukukun \u00fcst\u00fcnl\u00fc\u011f\u00fc ve \u00f6zg\u00fcrl\u00fckler gibi Avrupa\u2019n\u0131n temel de\u011ferlerini koruyabilmek.<\/p>\n<p>G\u00f6\u00e7 meselesi Avrupa\u2019da siyasi dengeleri de etkileyen bir konu haline gelmi\u015f durumda. Bir\u00e7ok \u00fclkede y\u00fckselen pop\u00fclist hareketler, g\u00f6\u00e7 politikalar\u0131n\u0131n sertle\u015fmesi y\u00f6n\u00fcnde bask\u0131 olu\u015fturuyor. Bu nedenle Br\u00fcksel\u2019in att\u0131\u011f\u0131 her ad\u0131m yaln\u0131zca teknik bir d\u00fczenleme de\u011fil; ayn\u0131 zamanda siyasi bir tercih anlam\u0131na geliyor.<\/p>\n<p>Sonu\u00e7 olarak Avrupa Birli\u011fi zor bir denge kurmaya \u00e7al\u0131\u015f\u0131yor: Bir yanda s\u0131n\u0131rlar\u0131n\u0131 kontrol etmek isteyen devletler, di\u011fer yanda insan haklar\u0131n\u0131 korumak zorunda olan bir siyasi birlik.<\/p>\n<p>Yeni yasa teklifinin kaderi, Avrupa\u2019n\u0131n bu dengeyi nas\u0131l kuraca\u011f\u0131na dair \u00f6nemli bir g\u00f6sterge olacak. \u00c7\u00fcnk\u00fc g\u00f6\u00e7 meselesi yaln\u0131zca s\u0131n\u0131rlar\u0131 de\u011fil, Avrupa\u2019n\u0131n de\u011ferlerini de test ediyor.<\/p>\n","protected":false},"excerpt":{"rendered":"<p>Avrupa Birli\u011fi uzun y\u0131llard\u0131r g\u00f6\u00e7 meselesiyle m\u00fccadele ediyor. Akdeniz\u2019den gelen d\u00fczensiz g\u00f6\u00e7 ak\u0131nlar\u0131, sava\u015flar, ekonomik krizler ve siyasi istikrars\u0131zl\u0131k, k\u0131tan\u0131n g\u00f6\u00e7 politikalar\u0131n\u0131 s\u00fcrekli yeniden \u015fekillendirmesine neden oldu. Ancak son tart\u0131\u015fmalar, Avrupa\u2019n\u0131n g\u00f6\u00e7 konusunda daha sert bir d\u00f6neme girdi\u011fini g\u00f6steriyor. Avrupa Birli\u011fi\u2019nde d\u00fczensiz g\u00f6\u00e7menlerin geri g\u00f6nderilmesini kolayla\u015ft\u0131rmay\u0131 ama\u00e7layan yeni yasa teklifi, bu sertle\u015fmenin en g\u00fcncel \u00f6rneklerinden [&hellip;]<\/p>\n","protected":false},"author":27,"featured_media":126042,"comment_status":"open","ping_status":"open","sticky":false,"template":"","format":"standard","meta":{"footnotes":""},"categories":[112],"tags":[],"class_list":["post-127747","post","type-post","status-publish","format-standard","has-post-thumbnail","hentry","category-umut-can-erkan"],"views":335,"_links":{"self":[{"href":"https:\/\/mersingazetesi.com\/index.php\/wp-json\/wp\/v2\/posts\/127747","targetHints":{"allow":["GET"]}}],"collection":[{"href":"https:\/\/mersingazetesi.com\/index.php\/wp-json\/wp\/v2\/posts"}],"about":[{"href":"https:\/\/mersingazetesi.com\/index.php\/wp-json\/wp\/v2\/types\/post"}],"author":[{"embeddable":true,"href":"https:\/\/mersingazetesi.com\/index.php\/wp-json\/wp\/v2\/users\/27"}],"replies":[{"embeddable":true,"href":"https:\/\/mersingazetesi.com\/index.php\/wp-json\/wp\/v2\/comments?post=127747"}],"version-history":[{"count":1,"href":"https:\/\/mersingazetesi.com\/index.php\/wp-json\/wp\/v2\/posts\/127747\/revisions"}],"predecessor-version":[{"id":127748,"href":"https:\/\/mersingazetesi.com\/index.php\/wp-json\/wp\/v2\/posts\/127747\/revisions\/127748"}],"wp:featuredmedia":[{"embeddable":true,"href":"https:\/\/mersingazetesi.com\/index.php\/wp-json\/wp\/v2\/media\/126042"}],"wp:attachment":[{"href":"https:\/\/mersingazetesi.com\/index.php\/wp-json\/wp\/v2\/media?parent=127747"}],"wp:term":[{"taxonomy":"category","embeddable":true,"href":"https:\/\/mersingazetesi.com\/index.php\/wp-json\/wp\/v2\/categories?post=127747"},{"taxonomy":"post_tag","embeddable":true,"href":"https:\/\/mersingazetesi.com\/index.php\/wp-json\/wp\/v2\/tags?post=127747"}],"curies":[{"name":"wp","href":"https:\/\/api.w.org\/{rel}","templated":true}]}}