{"id":127698,"date":"2026-03-12T12:11:29","date_gmt":"2026-03-12T09:11:29","guid":{"rendered":"https:\/\/mersingazetesi.com\/?p=127698"},"modified":"2026-03-12T12:11:29","modified_gmt":"2026-03-12T09:11:29","slug":"ojeli-tirnaklariyla-erkek-egemen-meslekte-usta-oldu","status":"publish","type":"post","link":"https:\/\/mersingazetesi.com\/index.php\/2026\/03\/12\/ojeli-tirnaklariyla-erkek-egemen-meslekte-usta-oldu\/","title":{"rendered":"Ojeli t\u0131rnaklar\u0131yla erkek egemen meslekte usta oldu"},"content":{"rendered":"<p><strong class=\"searchword\">Mersin<\/strong>&#8216;de bir\u00e7ok ki\u015finin &#8216;ojeli t\u0131rnaklarla yapamazs\u0131n&#8217; dedi\u011fi kuyumculuk mesle\u011finde \u00e7al\u0131\u015fan gen\u00e7 kad\u0131n, y\u00fcksek s\u0131cakl\u0131kta alt\u0131n eritip i\u015fleyerek k\u0131sa s\u00fcrede ustal\u0131\u011fa y\u00fckseldi. Ojeli t\u0131rnaklar\u0131yla alt\u0131n kolye, bilezik ve y\u00fcz\u00fck gibi tak\u0131lar\u0131 d\u00f6n\u00fc\u015ft\u00fcren gen\u00e7 usta, erkek egemen sekt\u00f6rde azmiyle dikkat \u00e7ekiyor.<br \/>\n<strong class=\"searchword\">Mersin<\/strong>&#8216;de ya\u015fayan 21 ya\u015f\u0131ndaki Aleyna \u00dclger, ba\u015fta &#8216;yapamazs\u0131n&#8217; denilerek kar\u015f\u0131land\u0131\u011f\u0131 kuyumculuk mesle\u011finde k\u0131sa s\u00fcrede ustal\u0131\u011fa y\u00fckseldi. Y\u00fcksek s\u0131cakl\u0131kta alt\u0131n eritip i\u015fleyen \u00dclger, hurda ve k\u00fcl\u00e7e alt\u0131nlar\u0131 kolye, bilezik, k\u00fcpe ve y\u00fcz\u00fck gibi tak\u0131lara d\u00f6n\u00fc\u015ft\u00fcr\u00fcyor. Arkada\u015f\u0131n\u0131n y\u00f6nlendirmesiyle 3 y\u0131l \u00f6nce Akdeniz il\u00e7esindeki bir kuyum at\u00f6lyesinde \u00e7\u0131rak olarak mesle\u011fe ba\u015flayan \u00dclger, zamanla alt\u0131n i\u015flemecili\u011finin en zor alanlar\u0131ndan biri olan sadekarl\u0131\u011f\u0131 \u00f6\u011frenerek ustal\u0131\u011fa kadar y\u00fckseldi. Her sabah at\u00f6lyede y\u00fcksek s\u0131cakl\u0131kta \u00e7al\u0131\u015fan makinenin ba\u015f\u0131na ge\u00e7en gen\u00e7 kad\u0131n, hurda ve k\u00fcl\u00e7e alt\u0131nlar\u0131 eriterek uzun ve zahmetli i\u015flemlerden ge\u00e7iriyor.<br \/>\nEritmeden \u015fekil vermeye, parlatmadan cilalamaya kadar bir\u00e7ok a\u015famadan ge\u00e7en tak\u0131lar daha sonra kolye, bilezik, bileklik, k\u00fcpe ve y\u00fcz\u00fck gibi \u00fcr\u00fcnlere d\u00f6n\u00fc\u015f\u00fcyor. \u00dclger&#8217;in &#8216;uzay&#8217;, &#8216;saman&#8217;, &#8216;prenses&#8217;, &#8216;\u0131\u015f\u0131lt\u0131&#8217;, &#8216;piramit&#8217; ve &#8216;masif&#8217; isimli tasar\u0131mlar\u0131 ise kent genelindeki kuyumcularda sat\u0131\u015fa sunuluyor.<\/p>\n<p>&#8220;\u0130nsanlar \u00f6zellikle bu ojeli t\u0131rnaklarla nas\u0131l yapt\u0131\u011f\u0131m\u0131 merak ediyor&#8221;<br \/>\nKuyumculu\u011fa ba\u015flad\u0131\u011f\u0131nda hi\u00e7bir \u015fey bilmedi\u011fini belirten \u00dclger, &#8220;Bir arkada\u015f\u0131m\u0131n y\u00f6nlendirmesiyle ba\u015flad\u0131m. Kuyumculukla ilgili hi\u00e7bir \u015fey bilmiyordum. \u0130lk ba\u015fta \u00e7ok zorland\u0131m. Elim kesiliyordu, yaralar oluyordu ama zamanla al\u0131\u015ft\u0131m. \u0130nsanlar \u00f6zellikle bu ojeli t\u0131rnaklarla nas\u0131l yapt\u0131\u011f\u0131m\u0131 \u00e7ok merak ediyor. &#8216;Bu ojeli t\u0131rnaklarla yapamazs\u0131n&#8217; diyen \u00e7ok oldu ama al\u0131\u015f\u0131nca gayet rahat bir \u015fekilde yap\u0131labiliyor&#8221; dedi.<\/p>\n<p>&#8220;\u0130nsan\u0131n isteyip de yapamayaca\u011f\u0131 hi\u00e7bir \u015fey yok&#8221;<br \/>\nKuyumculuk sekt\u00f6r\u00fcnde kad\u0131nlar\u0131n olduk\u00e7a az oldu\u011funu dile getiren \u00dclger, &#8220;Bu i\u015fi yapan \u00e7ok fazla kad\u0131n yok. \u0130nsanlara zor geliyor. Ama insan\u0131n isteyip de yapamayaca\u011f\u0131 hi\u00e7bir \u015fey yok. \u0130stedim ve yapt\u0131m&#8221; diye konu\u015ftu.<br \/>\nAt\u00f6lyede genellikle \u00f6zel sipari\u015fler \u00fczerine \u00e7al\u0131\u015ft\u0131klar\u0131n\u0131 anlatan \u00dclger, alt\u0131n i\u015flemecili\u011finin olduk\u00e7a zahmetli bir s\u00fcre\u00e7 oldu\u011funu ifade ederek, &#8220;\u0130\u015fimiz alt\u0131n eritmeyle ba\u015fl\u0131yor. \u00c7ok y\u00fcksek s\u0131cakl\u0131kta \u00e7al\u0131\u015f\u0131yoruz. Alt\u0131n\u0131 \u00e7ektikten sonra kezzap s\u00fcreci var. \u0130ki g\u00fcn bekletiyoruz. Sonra kaynatma, \u015fekil verme, parlatma ve cilalama i\u015flemleri yap\u0131l\u0131yor. En sonunda tak\u0131 haz\u0131r hale geliyor&#8221; ifadelerini kulland\u0131.<\/p>\n<p>&#8220;Daha fazla kad\u0131n\u0131n bu i\u015fe y\u00f6nelmesini istiyorum&#8221;<br \/>\nHen\u00fcz 21 ya\u015f\u0131nda ustal\u0131\u011fa ula\u015fman\u0131n kendisi i\u00e7in b\u00fcy\u00fck bir gurur oldu\u011funu s\u00f6yleyen \u00dclger, ileride kendi at\u00f6lyesini a\u00e7may\u0131 hedefledi\u011fini belirterek, &#8220;Kad\u0131nlar\u0131n yapamaz denildi\u011fi bir meslek oldu\u011fu i\u00e7in daha fazla kad\u0131n\u0131n bu i\u015fe y\u00f6nelmesini istiyorum&#8221; dedi.<\/p>\n<p>&#8220;Erkeklere oranla daha iyi alg\u0131layabiliyor diyebilirim&#8221;<br \/>\nAt\u00f6lye sahibi Ayta\u00e7 Ekici ise gen\u00e7 ustan\u0131n k\u0131sa s\u00fcrede mesle\u011fi kavrad\u0131\u011f\u0131n\u0131 belirterek memnuniyetini dile getirdi. Ekici, &#8220;Ba\u015far\u0131l\u0131d\u0131r, \u00e7ok ba\u015far\u0131l\u0131d\u0131r. Aleyna&#8217;dan \u00e7ok memnunuz. Bir i\u015fi g\u00f6sterdi\u011fimiz zaman hemen kavray\u0131p \u00fcst\u00fcne kendi yorumunu da katabiliyor. Erkeklere oranla daha iyi alg\u0131layabiliyor diyebilirim. Bir erke\u011fe bir i\u015fi \u00f6\u011fretmek bazen bir hafta s\u00fcrerken, Aleyna o i\u015fi bir iki g\u00fcnde \u00f6\u011frenip yapabilir hale geliyor&#8221; dedi.<br \/>\nKad\u0131nlar\u0131n kuyumculuk sekt\u00f6r\u00fcnde daha fazla yer almas\u0131 gerekti\u011fini ifade eden Ekici, &#8220;Di\u011fer i\u015fletmelerin de kad\u0131n \u00e7al\u0131\u015fan say\u0131s\u0131n\u0131 art\u0131rmas\u0131n\u0131 isteriz. Ev han\u0131mlar\u0131 da kendini geli\u015ftirebilir. Aleyna bu konuda g\u00fczel bir \u00f6rnek olabilir&#8221; diye konu\u015ftu.<\/p>\n","protected":false},"excerpt":{"rendered":"<p>Mersin&#8216;de bir\u00e7ok ki\u015finin &#8216;ojeli t\u0131rnaklarla yapamazs\u0131n&#8217; dedi\u011fi kuyumculuk mesle\u011finde \u00e7al\u0131\u015fan gen\u00e7 kad\u0131n, y\u00fcksek s\u0131cakl\u0131kta alt\u0131n eritip i\u015fleyerek k\u0131sa s\u00fcrede ustal\u0131\u011fa y\u00fckseldi. Ojeli t\u0131rnaklar\u0131yla alt\u0131n kolye, bilezik ve y\u00fcz\u00fck gibi tak\u0131lar\u0131 d\u00f6n\u00fc\u015ft\u00fcren gen\u00e7 usta, erkek egemen sekt\u00f6rde azmiyle dikkat \u00e7ekiyor. Mersin&#8216;de ya\u015fayan 21 ya\u015f\u0131ndaki Aleyna \u00dclger, ba\u015fta &#8216;yapamazs\u0131n&#8217; denilerek kar\u015f\u0131land\u0131\u011f\u0131 kuyumculuk mesle\u011finde k\u0131sa s\u00fcrede ustal\u0131\u011fa y\u00fckseldi. [&hellip;]<\/p>\n","protected":false},"author":2,"featured_media":127699,"comment_status":"open","ping_status":"open","sticky":false,"template":"","format":"standard","meta":{"footnotes":""},"categories":[2],"tags":[],"class_list":["post-127698","post","type-post","status-publish","format-standard","has-post-thumbnail","hentry","category-kadin"],"views":2172,"_links":{"self":[{"href":"https:\/\/mersingazetesi.com\/index.php\/wp-json\/wp\/v2\/posts\/127698","targetHints":{"allow":["GET"]}}],"collection":[{"href":"https:\/\/mersingazetesi.com\/index.php\/wp-json\/wp\/v2\/posts"}],"about":[{"href":"https:\/\/mersingazetesi.com\/index.php\/wp-json\/wp\/v2\/types\/post"}],"author":[{"embeddable":true,"href":"https:\/\/mersingazetesi.com\/index.php\/wp-json\/wp\/v2\/users\/2"}],"replies":[{"embeddable":true,"href":"https:\/\/mersingazetesi.com\/index.php\/wp-json\/wp\/v2\/comments?post=127698"}],"version-history":[{"count":1,"href":"https:\/\/mersingazetesi.com\/index.php\/wp-json\/wp\/v2\/posts\/127698\/revisions"}],"predecessor-version":[{"id":127700,"href":"https:\/\/mersingazetesi.com\/index.php\/wp-json\/wp\/v2\/posts\/127698\/revisions\/127700"}],"wp:featuredmedia":[{"embeddable":true,"href":"https:\/\/mersingazetesi.com\/index.php\/wp-json\/wp\/v2\/media\/127699"}],"wp:attachment":[{"href":"https:\/\/mersingazetesi.com\/index.php\/wp-json\/wp\/v2\/media?parent=127698"}],"wp:term":[{"taxonomy":"category","embeddable":true,"href":"https:\/\/mersingazetesi.com\/index.php\/wp-json\/wp\/v2\/categories?post=127698"},{"taxonomy":"post_tag","embeddable":true,"href":"https:\/\/mersingazetesi.com\/index.php\/wp-json\/wp\/v2\/tags?post=127698"}],"curies":[{"name":"wp","href":"https:\/\/api.w.org\/{rel}","templated":true}]}}