{"id":127682,"date":"2026-03-12T11:18:13","date_gmt":"2026-03-12T08:18:13","guid":{"rendered":"https:\/\/mersingazetesi.com\/?p=127682"},"modified":"2026-03-12T11:18:13","modified_gmt":"2026-03-12T08:18:13","slug":"ermeni-soykirimi-safsatasi-ve-sultan-abdulhamite-yapilan-suikast-ile-ilgili-bilgi-verir-misiniz","status":"publish","type":"post","link":"https:\/\/mersingazetesi.com\/index.php\/2026\/03\/12\/ermeni-soykirimi-safsatasi-ve-sultan-abdulhamite-yapilan-suikast-ile-ilgili-bilgi-verir-misiniz\/","title":{"rendered":"ERMEN\u0130 SOYKIRIMI SAFSATASI VE SULTAN ABD\u00dcLHAM\u0130T&#8217;E YAPILAN SU\u0130KAST \u0130LE \u0130LG\u0130L\u0130 B\u0130LG\u0130 VER\u0130R M\u0130S\u0130N\u0130Z?"},"content":{"rendered":"<div class=\"gs\">\n<div class=\"\">\n<div id=\":o6\" class=\"ii gt\">\n<div id=\":o7\" class=\"a3s aiL\">\n<div id=\"avWBGd-47\">\n<div dir=\"ltr\">\n<div dir=\"auto\">\u0130stanbuldan Say\u0131n \u0130smet Y\u00dcCE \u2018 nin surusu s\u00f6zde Ermeni Soyk\u0131r\u0131m\u0131 ve Abd\u00fclhamid\u2019de yap\u0131lan suikast ile ilgili\u2026<\/div>\n<div dir=\"auto\">SORU:<\/div>\n<div dir=\"auto\">Ermenilerin Azerbaycan Hocal\u0131\u2019da yapt\u0131\u011f\u0131 katliam\u0131 bir soruya verdi\u011finiz cevaptan ibretle \u00f6\u011frenmi\u015f bulunuyoruz.<\/div>\n<div dir=\"auto\">Her y\u0131l \u00fclkemiz aleyhine Ermeniler ve onlar\u0131n destek\u00e7ileri 27 May\u0131s 1915&#8217;te ba\u015flat\u0131lan &#8216;\u2019Ermeni Tehciri&#8217;\u2019ni &#8216;\u2019Ermeni soyk\u0131r\u0131m\u0131&#8217;\u2019 olarak an\u0131yorlar.<\/div>\n<div dir=\"auto\">Ermeni tahciri nedir\u2019 Ermeniler ni\u00e7in soyk\u0131r\u0131mdan s\u00f6z ediyorlar?<\/div>\n<div dir=\"auto\">Bir de Osmanl\u0131 Padi\u015fah\u0131 Abd\u00fclhamid\u2019e Ermenilerin suikast d\u00fczenlendi\u011finden s\u00f6z ediliyor\u2026 Abd\u00fclhamit d\u00f6nemi ile ilgili bilgi verir misiniz? Sultan Abd\u00fclhamid\u2019e b\u00f6yle bir suikast yap\u0131lm\u0131\u015f m\u0131d\u0131r? Sebebi nedir? Sonucu ne olmu\u015ftur?<\/div>\n<div dir=\"auto\">CEVAP:<\/div>\n<div dir=\"auto\">\u00dclkemiz; Son y\u0131llarda i\u00e7 ve d\u0131\u015f d\u00fc\u015fmanlar\u0131m\u0131z\u0131n sald\u0131r\u0131lar\u0131 kar\u015f\u0131s\u0131nda binlerce \u015fehit vermi\u015f, on binlerce gazimiz ya\u015fam m\u00fccadelesi vermektedir.<\/div>\n<div dir=\"auto\">Bunu 15 Temmuz \u015fehit ve gazilerimizi anma programlar\u0131nda daha kesin belgelerle \u00f6\u011frenmi\u015f bulunuyoruz.<\/div>\n<div dir=\"auto\">\u0130\u00e7 ve d\u0131\u015f d\u00fc\u015fmanlar\u0131m\u0131z hepimizin malumu\u2026<\/div>\n<div dir=\"auto\">Ermeni soyk\u0131r\u0131m\u0131 iddias\u0131na ge\u00e7meden \u00f6nce \u0130kinci Abd\u00fclhamit d\u00f6nemi hakk\u0131nda bilgi vermek istiyorum:<\/div>\n<div dir=\"auto\">Osmanl\u0131 Devleti&#8217;nde II. Abd\u00fclhamit d\u00f6nemi, 31 A\u011fustos 1876\u2019da ba\u015flar ve Abd\u00fclhamit&#8217;in 33 senelik saltanat\u0131n\u0131n ard\u0131ndan tahttan indirildi\u011fi 27 Nisan 1909\u2018da biter.<\/div>\n<div dir=\"auto\">II. Abd\u00fclhamit, ilk Osmanl\u0131 anayasas\u0131 olan Kanun-i Esasi\u2019yi, 23 Aral\u0131k 1876\u2019da ilan etti ve b\u00f6ylece ilk Osmanl\u0131 meclisi a\u00e7\u0131lm\u0131\u015f oldu.<\/div>\n<div dir=\"auto\">Osmanl\u0131 Devleti\u2019ni ayakta tutmaya y\u00f6nelik yenile\u015fme hareketleri bu d\u00f6nemde de t\u00fcm h\u0131z\u0131yla devam etmi\u015ftir. II. Abd\u00fclhamit d\u00f6neminde \u00f6zellikle e\u011fitim, haberle\u015fme ve ula\u015f\u0131m alan\u0131nda b\u00fcy\u00fck yenilikler ger\u00e7ekle\u015ftirilmi\u015ftir.<\/div>\n<div dir=\"auto\">\u00d6zellikle e\u011fitim alan\u0131nda yap\u0131lan reformlar g\u00f6z al\u0131c\u0131d\u0131r.<\/div>\n<div dir=\"auto\">\u0130lk ve orta \u00f6\u011fretim alan\u0131nda hem \u00f6\u011frenci hem de okul say\u0131s\u0131 bak\u0131m\u0131nda \u00f6nemli art\u0131\u015flar ya\u015fanm\u0131\u015ft\u0131r. Ayr\u0131ca Hukuk, Maliye, G\u00fczel Sanatlar, Ticaret, Polis, G\u00fcmr\u00fck ve Veterinerlik gibi alanlarda bir\u00e7ok mesleki y\u00fcksekokul a\u00e7\u0131lm\u0131\u015ft\u0131r. \u0130lk Osmanl\u0131 \u00fcniversitesi olan Dar\u00fclf\u00fcnun da bu d\u00f6nemde a\u00e7\u0131lan okullar aras\u0131ndad\u0131r.<\/div>\n<div dir=\"auto\">Haberle\u015fme konusunda ise \u00f6zellikle telgraf alan\u0131nda b\u00fcy\u00fck ilerlemeler kaydedilmi\u015ftir.<\/div>\n<div dir=\"auto\">Bu d\u00f6nemde ger\u00e7ekle\u015ftirilen \u00e7al\u0131\u015fmalarla neredeyse b\u00fct\u00fcn ta\u015fra kentlerine telgraf \u00e7ekilmi\u015f; b\u00f6ylece merkez ve ta\u015fra aras\u0131ndaki ileti\u015fim h\u0131zlanarak idari merkezile\u015fme g\u00fc\u00e7 kazanm\u0131\u015ft\u0131r.<\/div>\n<div dir=\"auto\">Ula\u015f\u0131m alan\u0131nda yap\u0131lan yeniliklere geldi\u011fimizde ise, en \u00e7ok g\u00f6ze \u00e7arpan demiryolu yap\u0131m\u0131na verilen a\u011f\u0131rl\u0131kt\u0131r. II. Abd\u00fclhamit tahta \u00e7\u0131kt\u0131\u011f\u0131nda Osmanl\u0131 Devleti, \u00e7ok k\u0131s\u0131tl\u0131 bir demiryolu a\u011f\u0131na sahipti.<\/div>\n<div dir=\"auto\">Bunlar \u0130zmir-Ayd\u0131n, \u0130stanbul-Edirne ve \u0130stanbul-\u0130zmit aras\u0131ndaki demiryolu hatlar\u0131yd\u0131.<\/div>\n<div dir=\"auto\">Ancak Abd\u00fclhamit d\u00f6nemiyle birlikte \u00e7o\u011fu imtiyazl\u0131 yabanc\u0131 \u015firket taraf\u0131ndan yo\u011fun bir demiryolu in\u015fa s\u00fcreci ba\u015flad\u0131.<\/div>\n<div dir=\"auto\">Frans\u0131z ve \u0130ngiliz \u015firketleri Suriye ve Filistin k\u0131y\u0131lar\u0131ndan i\u00e7 kesimlere, bir Alman \u015firketi de Ankara ve Konya\u2019ya kadar uzanan demiryolu hatlar\u0131 yapt\u0131.<\/div>\n<div dir=\"auto\">\u015eam ve Medine aras\u0131ndaki \u201cHicaz Demiryolu\u201d hatt\u0131 da yine bu d\u00f6nemde tamamland\u0131. Hicaz Demiryolu, hac\u0131lar\u0131n kutsal topraklara en kolay \u015fekilde ula\u015fmas\u0131 ama\u00e7lanmaktayd\u0131.<\/div>\n<div dir=\"auto\">Son olarak II. Abd\u00fclhamit d\u00f6neminin ideolojik \u00f6zelli\u011fine bakacak olursak, bu d\u00f6nemde din ve devlet birli\u011fi peki\u015ftirilmi\u015f, Bat\u0131l\u0131 devletler kar\u015f\u0131s\u0131nda g\u00fc\u00e7l\u00fc bir \u0130slam birli\u011fi olu\u015fturulmaya \u00e7al\u0131\u015f\u0131lm\u0131\u015ft\u0131r.<\/div>\n<div dir=\"auto\">Devletin kurtulu\u015funu \u0130slam\u2019da arayan ve \u0130slamc\u0131l\u0131k olarak isimlendirilen bu politika, II. Abd\u00fclhamit d\u00f6neminin en \u00f6nemli \u00f6zelliklerinden birisidir. Bu d\u00f6nemde Abd\u00fclhamit, halifeli\u011fi bir siyasal g\u00fc\u00e7 olarak kullanmaya \u00e7al\u0131\u015fm\u0131\u015f ve bir \u0130slam dayan\u0131\u015fmas\u0131 kurmaya \u00e7al\u0131\u015fm\u0131\u015ft\u0131r.<\/div>\n<div dir=\"auto\">\u00d6zetleyecek olursak II. Abd\u00fclhamit d\u00f6nemi; \u00d6zellikle e\u011fitim, ula\u015f\u0131m ve ileti\u015fim alanlar\u0131nda \u00f6nemli yenile\u015fmelerin ya\u015fand\u0131\u011f\u0131 bir reform d\u00f6nemidir.<\/div>\n<div dir=\"auto\">D\u00f6nemin ideolojik \u00f6zelli\u011fi ise, \u00e7\u00f6z\u00fcm\u00fc \u0130slam\u2019da arayan ve Bat\u0131\u2019ya kar\u015f\u0131 bir \u0130slam birli\u011fini hedefleyen \u0130slamc\u0131l\u0131k ideolojisidir.<\/div>\n<div dir=\"auto\">Ermeni soyk\u0131r\u0131m\u0131 iddias\u0131na gelince:<\/div>\n<div dir=\"auto\">Ermenilerin iddia etti\u011fi \u015fekliyle 27 May\u0131s 1915&#8217;te ba\u015flat\u0131lan &#8216;Ermeni Tehciri&#8217; asla bir &#8216;Ermeni soyk\u0131r\u0131m\u0131&#8217; hareketi de\u011fildir.<\/div>\n<div dir=\"auto\">Ne olmu\u015ftu?<\/div>\n<div dir=\"auto\">Ermenilerin Rus ordusunun himayesinde bir gecede Van&#8217;da 30 bin M\u00fcsl\u00fcman T\u00fcrk ve K\u00fcrd\u00fc katletmi\u015fti.<\/div>\n<div dir=\"auto\">Bu barda\u011f\u0131 ta\u015f\u0131ran son damla olmu\u015ftu\u2026<\/div>\n<div dir=\"auto\">Bu olay \u00fczerine \u0130ttihat\u00e7\u0131lar taraf\u0131ndan &#8216;Ermeni Tehcir Kararnamesi&#8217; \u00e7\u0131kar\u0131lm\u0131\u015ft\u0131.<\/div>\n<div dir=\"auto\">Ermeni Tehciri, hi\u00e7bir \u015fekilde bir soyk\u0131r\u0131m ve katliam hareketi de\u011fildir.<\/div>\n<div dir=\"auto\">Osmanl\u0131 Ar\u015fivleri ile Amerikan Mill\u00ee Ar\u015fivleri, \u0130ngiliz, Rus, Frans\u0131z ve Alman ar\u015fivleri, bu s\u00fcre\u00e7te kaybolan Ermeni say\u0131s\u0131n\u0131n 400 binin alt\u0131nda oldu\u011funu ispat etmektedir.<\/div>\n<div dir=\"auto\">Ermeni Komitac\u0131lar\u0131 ise en az 1.5 milyon M\u00fcsl\u00fcman T\u00fcrk\u00fc g\u00f6r\u00fclmemi\u015f bir vah\u015fetle katletmi\u015ftir.<\/div>\n<div dir=\"auto\">B\u00fct\u00fcn bu ger\u00e7eklerle ra\u011fmen Ermeniler her y\u0131l lobiler olu\u015fturulmakta ve T\u00fcrklerin Ermeni katliam\u0131 yapt\u0131klar\u0131n\u0131 d\u00fcnyaya yaymaya \u00e7al\u0131\u015fmaktad\u0131rlar.<\/div>\n<div dir=\"auto\">Ge\u00e7mi\u015f y\u0131llarda Do\u011fu&#8217;daki isyan\u0131n alt\u0131nda da Ermeniler vard\u0131r.<\/div>\n<div dir=\"auto\">Hatta PKK\u2019 n\u0131n T\u00fcrkiye\u2019de yapt\u0131\u011f\u0131 kahpece sald\u0131r\u0131lar\u0131n alt\u0131nda Ermeni parma\u011f\u0131 da vard\u0131r.<\/div>\n<div dir=\"auto\">Ermeniler tarihte T\u00fcrk d\u00fc\u015fmanl\u0131\u011f\u0131 ile bilinmektedir.<\/div>\n<div dir=\"auto\">Ermeniler tarihte bir padi\u015faha bombal\u0131 suikast yapacak kadar ileriye gitmi\u015flerdir.<\/div>\n<div dir=\"auto\">Sultan Abd\u00fclhamit&#8217;e yap\u0131lan bombal\u0131 sald\u0131r\u0131dan s\u00f6z etmek istiyorum:<\/div>\n<div dir=\"auto\">Ermenilerin \u00fclkemiz \u00fczerindeki k\u00f6t\u00fc emellerini tarihte hep g\u00f6rd\u00fck.<\/div>\n<div dir=\"auto\">Bu k\u00f6t\u00fc emellerden biri yukarda belirtti\u011fim \u015fekilde Sultan \u0130kinci Abd\u00fclhamit&#8217;e yap\u0131lan suikastt\u0131r.<\/div>\n<div dir=\"auto\">Bu suikast\u0131n sebebi; Ermenilerin tam 6 vilayetimizi i\u00e7ine alan bir Ermeni devleti kurmak istemelerine kar\u015f\u0131 Abd\u00fclhamit&#8217;in bu devletin kurulmas\u0131na izin vermemesidir.<\/div>\n<div dir=\"auto\">Ermeni komitac\u0131lar\u0131, kurmak istedikleri Ermenistan h\u00fck\u00fcmetine izin vermeyen padi\u015fah\u0131 ortadan kald\u0131rd\u0131ktan sonra Bab\u0131\u00e2li&#8217;yi, Galata K\u00f6pr\u00fcs\u00fc&#8217;n\u00fc, T\u00fcnel&#8217;i, Osmanl\u0131 Bankas\u0131&#8217;n\u0131, yabanc\u0131 sefarethaneleri ve pek \u00e7ok resmi &#8211; \u00f6zel kurulu\u015flar\u0131 havaya u\u00e7urarak ihtilal \u00e7\u0131kartacak, Avrupa devletlerinin askeri m\u00fcdahalesini sa\u011flayarak, Ermeni devleti kuracaklard\u0131r.<\/div>\n<div dir=\"auto\">Ama\u00e7 budur.<\/div>\n<div dir=\"auto\">Sultan \u0130kinci Abd\u00fclhamit, Y\u0131ld\u0131z Camii\u2019nden \u00e7\u0131karken kendisine bombal\u0131 suikast d\u00fczenlenmi\u015ftir.<\/div>\n<div dir=\"auto\">Suikast\u0131n eleba\u015flar\u0131 Tro\u015fak ismindeki Ermeni \u0130htilal Cemiyeti reislerinden Hristofor Mikaelyan, Rabina Kay\u0131n ve Konstantin Kabudyan isimlerindeki \u00fc\u00e7 Rus Ermeni&#8217;sidir.<\/div>\n<div dir=\"auto\">Bunlar Beyo\u011flu&#8217;ndaki Morovi\u00e7 apartman\u0131nda bir ay kal\u0131p \u0130stanbul&#8217;daki adamlar\u0131n\u0131 te\u015fkilatland\u0131rm\u0131\u015flard\u0131r.<\/div>\n<div dir=\"auto\">S\u00fcnger kumpanyas\u0131 memurlar\u0131ndan, Bel\u00e7ikal\u0131 anar\u015fist Charles Edouard jorris, bomba olay\u0131n\u0131n en \u00f6nemli ki\u015fisidir.<\/div>\n<div dir=\"auto\">Rus Ermenileri \u0130stanbul&#8217;da kald\u0131klar\u0131 bir ay zarf\u0131nda Selaml\u0131k seyrine giderek, Y\u0131ld\u0131z&#8217;daki Hamidiye Camii&#8217;nden arabas\u0131na binen Sultan Abd\u00fclhamit\u2019in d\u0131\u015f kap\u0131 \u00f6n\u00fcne tam bir dakika k\u0131rk iki saniyede geldi\u011fini tespit etmi\u015fler ve tekrar Avrupa&#8217;ya d\u00f6nm\u00fc\u015flerdir.<\/div>\n<div dir=\"auto\">Viyana&#8217;da saatli bomban\u0131n kondu\u011fu zarif bir araba yapt\u0131rm\u0131\u015flard\u0131r.<\/div>\n<div dir=\"auto\">100 kilo a\u011f\u0131rl\u0131\u011f\u0131ndaki Machine infomale adl\u0131 bomban\u0131n kondu\u011fu bu zarif araba ve suikast\u00e7\u0131lar, olay g\u00fcn\u00fc Y\u0131ld\u0131z&#8217;a giderek d\u0131\u015f kap\u0131 civar\u0131nda durmu\u015flar ve Sultan Abd\u00fclhamit Han&#8217;\u0131n \u00e7\u0131kmas\u0131n\u0131 beklemeye ba\u015flam\u0131\u015flard\u0131r.<\/div>\n<div dir=\"auto\">Sultan Abd\u00fclhamit namazdan sonra saraya d\u00f6nmek i\u00e7in camiden \u00e7\u0131karken \u015eeyh\u00fclislam Celaleddin efendi ile o g\u00fcn gerekti\u011finden fazla konu\u015funca d\u0131\u015far\u0131 \u00e7\u0131kmadan bomba patlam\u0131\u015f ve \u0130stanbul&#8217;un en uzak semtlerinden bile duyulan m\u00fcthi\u015f bir ses \u00e7\u0131karm\u0131\u015ft\u0131r.<\/div>\n<div dir=\"auto\">Bu olayda, 26 ki\u015fi \u00f6lm\u00fc\u015f, 58 ki\u015fi yaralanm\u0131\u015f, 20 at \u00f6lm\u00fc\u015f ve bir\u00e7ok araba par\u00e7a par\u00e7a olmu\u015ftur.<\/div>\n<div dir=\"auto\">Sultan Abd\u00fclhamit olaydan sonra k\u00f6\u015fkte el\u00e7ileri kabul etmi\u015f ve onlarla ola\u011fan g\u00f6r\u00fc\u015fmelerini yapm\u0131\u015ft\u0131r.<\/div>\n<div dir=\"auto\">\u0130\u015fte Abd\u00fclhamit&#8217;e kar\u015f\u0131 yap\u0131lan ve &#8220;bomba olay\u0131&#8221; olarak isimlendirilen Ermeni suikast\u0131n\u0131n ger\u00e7ek i\u00e7y\u00fcz\u00fc budur.<\/div>\n<div dir=\"auto\">A\u0130HM\u2019 nin Ermeni Soyk\u0131r\u0131m\u0131 masal\u0131n\u0131 sonland\u0131r\u0131lmas\u0131 en b\u00fcy\u00fck temennimizdir.<\/div>\n<div dir=\"auto\">Ho\u015f\u00e7a kal\u0131n\u0131z.<\/div>\n<div dir=\"auto\">Sorular\u0131n\u0131z i\u00e7in (\u00a0<a href=\"mailto:gazimert333@gmail.com\" target=\"_blank\" rel=\"noopener\">gazimert333@gmail.com<\/a>\u00a0)<\/div>\n<\/div>\n<div class=\"yj6qo\"><\/div>\n<div class=\"adL\"><\/div>\n<\/div>\n<\/div>\n<\/div>\n<div id=\"avWBGd-48\" class=\"WhmR8e\" data-hash=\"0\"><\/div>\n<\/div>\n<\/div>\n","protected":false},"excerpt":{"rendered":"<p>\u0130stanbuldan Say\u0131n \u0130smet Y\u00dcCE \u2018 nin surusu s\u00f6zde Ermeni Soyk\u0131r\u0131m\u0131 ve Abd\u00fclhamid\u2019de yap\u0131lan suikast ile ilgili\u2026 SORU: Ermenilerin Azerbaycan Hocal\u0131\u2019da yapt\u0131\u011f\u0131 katliam\u0131 bir soruya verdi\u011finiz cevaptan ibretle \u00f6\u011frenmi\u015f bulunuyoruz. Her y\u0131l \u00fclkemiz aleyhine Ermeniler ve onlar\u0131n destek\u00e7ileri 27 May\u0131s 1915&#8217;te ba\u015flat\u0131lan &#8216;\u2019Ermeni Tehciri&#8217;\u2019ni &#8216;\u2019Ermeni soyk\u0131r\u0131m\u0131&#8217;\u2019 olarak an\u0131yorlar. Ermeni tahciri nedir\u2019 Ermeniler ni\u00e7in soyk\u0131r\u0131mdan s\u00f6z ediyorlar? [&hellip;]<\/p>\n","protected":false},"author":11,"featured_media":126869,"comment_status":"open","ping_status":"open","sticky":false,"template":"","format":"standard","meta":{"footnotes":""},"categories":[21],"tags":[],"class_list":["post-127682","post","type-post","status-publish","format-standard","has-post-thumbnail","hentry","category-gazi-mert"],"views":363,"_links":{"self":[{"href":"https:\/\/mersingazetesi.com\/index.php\/wp-json\/wp\/v2\/posts\/127682","targetHints":{"allow":["GET"]}}],"collection":[{"href":"https:\/\/mersingazetesi.com\/index.php\/wp-json\/wp\/v2\/posts"}],"about":[{"href":"https:\/\/mersingazetesi.com\/index.php\/wp-json\/wp\/v2\/types\/post"}],"author":[{"embeddable":true,"href":"https:\/\/mersingazetesi.com\/index.php\/wp-json\/wp\/v2\/users\/11"}],"replies":[{"embeddable":true,"href":"https:\/\/mersingazetesi.com\/index.php\/wp-json\/wp\/v2\/comments?post=127682"}],"version-history":[{"count":2,"href":"https:\/\/mersingazetesi.com\/index.php\/wp-json\/wp\/v2\/posts\/127682\/revisions"}],"predecessor-version":[{"id":127684,"href":"https:\/\/mersingazetesi.com\/index.php\/wp-json\/wp\/v2\/posts\/127682\/revisions\/127684"}],"wp:featuredmedia":[{"embeddable":true,"href":"https:\/\/mersingazetesi.com\/index.php\/wp-json\/wp\/v2\/media\/126869"}],"wp:attachment":[{"href":"https:\/\/mersingazetesi.com\/index.php\/wp-json\/wp\/v2\/media?parent=127682"}],"wp:term":[{"taxonomy":"category","embeddable":true,"href":"https:\/\/mersingazetesi.com\/index.php\/wp-json\/wp\/v2\/categories?post=127682"},{"taxonomy":"post_tag","embeddable":true,"href":"https:\/\/mersingazetesi.com\/index.php\/wp-json\/wp\/v2\/tags?post=127682"}],"curies":[{"name":"wp","href":"https:\/\/api.w.org\/{rel}","templated":true}]}}