{"id":127626,"date":"2026-03-11T16:36:56","date_gmt":"2026-03-11T13:36:56","guid":{"rendered":"https:\/\/mersingazetesi.com\/?p=127626"},"modified":"2026-03-11T16:49:22","modified_gmt":"2026-03-11T13:49:22","slug":"benim-icin-surpriz-degil","status":"publish","type":"post","link":"https:\/\/mersingazetesi.com\/index.php\/2026\/03\/11\/benim-icin-surpriz-degil\/","title":{"rendered":"\u201cBenim \u0130\u00e7in S\u00fcrpriz De\u011fil\u201d"},"content":{"rendered":"<p>Mersin B\u00fcy\u00fck\u015fehir Belediyesi\u2019nde y\u00fcr\u00fct\u00fclen \u201cihalelerde usuls\u00fczl\u00fck ve r\u00fc\u015fvet\u201d soru\u015fturmas\u0131na ili\u015fkin Belediye Ba\u015fkan\u0131\u00a0<strong>Vahap Se\u00e7er<\/strong> ilk kez konu\u015ftu. Gazeteci\u00a0<strong>\u0130smail Saymaz<\/strong>\u2019\u0131n Halk TV yay\u0131n\u0131nda aktard\u0131\u011f\u0131 g\u00f6r\u00fc\u015fmeye g\u00f6re Se\u00e7er, belediyedeki baz\u0131 al\u0131m s\u00fcre\u00e7leriyle ilgili bir soru\u015fturma y\u00fcr\u00fct\u00fcld\u00fc\u011f\u00fcn\u00fc do\u011frulad\u0131. Se\u00e7er\u2019in aktard\u0131\u011f\u0131 bilgilere g\u00f6re\u00a0<strong>\u00d6zel Kalem M\u00fcd\u00fcr\u00fc g\u00f6zalt\u0131na al\u0131nd\u0131<\/strong>. Ayn\u0131 kapsamda m\u00fcd\u00fcr\u00fcn hem evinde hem de belediyedeki makam odas\u0131nda arama yap\u0131ld\u0131. Polis ekiplerinin belediye binas\u0131nda baz\u0131 dosyalar\u0131 incelemeye ald\u0131\u011f\u0131 ve \u00e7e\u015fitli evraklar\u0131 kontrol etti\u011fi belirtildi.<\/p>\n<p>Soru\u015fturman\u0131n, belediyedeki baz\u0131\u00a0<strong>al\u0131m ve ihale s\u00fcre\u00e7leri<\/strong>\u00a0ile ba\u011flant\u0131l\u0131 oldu\u011fu ifade edildi.<\/p>\n<p>Farkl\u0131 kaynaklarda \u201cihaleye fesat kar\u0131\u015ft\u0131rma\u201d iddialar\u0131 da g\u00fcndeme gelirken, ekiplerin bu kapsamda evrak ve belgeleri incelemeyi s\u00fcrd\u00fcrd\u00fc\u011f\u00fc aktar\u0131ld\u0131.<\/p>\n<p>Belediye binas\u0131nda baz\u0131 dosyalar\u0131n talep edildi\u011fi ve incelemenin devam etti\u011fi \u00f6\u011frenildi.<\/p>\n<p>Gazeteci \u0130smail Saymaz\u2019\u0131n \u201cB\u00f6yle bir soru\u015fturmay\u0131 bekliyor muydunuz?\u201d sorusuna ise Se\u00e7er\u2019in, <strong>\u201cBenim i\u00e7in s\u00fcrpriz de\u011fil\u201d<\/strong>\u00a0dedi\u011fi ve mevcut siyasi atmosferde b\u00f6yle bir s\u00fcrecin ya\u015fanmas\u0131n\u0131 \u015fa\u015f\u0131rt\u0131c\u0131 bulmad\u0131\u011f\u0131n\u0131 ifade etti\u011fi aktar\u0131ld\u0131.<\/p>\n<p>Saymaz\u2019\u0131n \u201cSoru\u015fturma do\u011frudan size y\u00f6nelik mi?\u201d sorusuna ise Se\u00e7er\u2019in\u00a0<strong>\u201cHay\u0131r\u201d<\/strong>\u00a0yan\u0131t\u0131n\u0131 verdi\u011fi bildirildi.<\/p>\n<p>Ancak soru\u015fturma kapsam\u0131nda Mersin B\u00fcy\u00fck\u015fehir Belediyesi\u2019ndeki\u00a0<strong>ihale ve al\u0131m s\u00fcre\u00e7lerine ili\u015fkin incelemenin s\u00fcrd\u00fc\u011f\u00fc<\/strong>\u00a0\u00f6\u011frenildi.<\/p>\n<p>&nbsp;<\/p>\n","protected":false},"excerpt":{"rendered":"<p>Mersin B\u00fcy\u00fck\u015fehir Belediyesi\u2019nde y\u00fcr\u00fct\u00fclen \u201cihalelerde usuls\u00fczl\u00fck ve r\u00fc\u015fvet\u201d soru\u015fturmas\u0131na ili\u015fkin Belediye Ba\u015fkan\u0131\u00a0Vahap Se\u00e7er ilk kez konu\u015ftu. Gazeteci\u00a0\u0130smail Saymaz\u2019\u0131n Halk TV yay\u0131n\u0131nda aktard\u0131\u011f\u0131 g\u00f6r\u00fc\u015fmeye g\u00f6re Se\u00e7er, belediyedeki baz\u0131 al\u0131m s\u00fcre\u00e7leriyle ilgili bir soru\u015fturma y\u00fcr\u00fct\u00fcld\u00fc\u011f\u00fcn\u00fc do\u011frulad\u0131. Se\u00e7er\u2019in aktard\u0131\u011f\u0131 bilgilere g\u00f6re\u00a0\u00d6zel Kalem M\u00fcd\u00fcr\u00fc g\u00f6zalt\u0131na al\u0131nd\u0131. Ayn\u0131 kapsamda m\u00fcd\u00fcr\u00fcn hem evinde hem de belediyedeki makam odas\u0131nda arama yap\u0131ld\u0131. Polis [&hellip;]<\/p>\n","protected":false},"author":2,"featured_media":127178,"comment_status":"open","ping_status":"open","sticky":false,"template":"","format":"standard","meta":{"footnotes":""},"categories":[8],"tags":[],"class_list":["post-127626","post","type-post","status-publish","format-standard","has-post-thumbnail","hentry","category-mersin"],"views":1272,"_links":{"self":[{"href":"https:\/\/mersingazetesi.com\/index.php\/wp-json\/wp\/v2\/posts\/127626","targetHints":{"allow":["GET"]}}],"collection":[{"href":"https:\/\/mersingazetesi.com\/index.php\/wp-json\/wp\/v2\/posts"}],"about":[{"href":"https:\/\/mersingazetesi.com\/index.php\/wp-json\/wp\/v2\/types\/post"}],"author":[{"embeddable":true,"href":"https:\/\/mersingazetesi.com\/index.php\/wp-json\/wp\/v2\/users\/2"}],"replies":[{"embeddable":true,"href":"https:\/\/mersingazetesi.com\/index.php\/wp-json\/wp\/v2\/comments?post=127626"}],"version-history":[{"count":3,"href":"https:\/\/mersingazetesi.com\/index.php\/wp-json\/wp\/v2\/posts\/127626\/revisions"}],"predecessor-version":[{"id":127630,"href":"https:\/\/mersingazetesi.com\/index.php\/wp-json\/wp\/v2\/posts\/127626\/revisions\/127630"}],"wp:featuredmedia":[{"embeddable":true,"href":"https:\/\/mersingazetesi.com\/index.php\/wp-json\/wp\/v2\/media\/127178"}],"wp:attachment":[{"href":"https:\/\/mersingazetesi.com\/index.php\/wp-json\/wp\/v2\/media?parent=127626"}],"wp:term":[{"taxonomy":"category","embeddable":true,"href":"https:\/\/mersingazetesi.com\/index.php\/wp-json\/wp\/v2\/categories?post=127626"},{"taxonomy":"post_tag","embeddable":true,"href":"https:\/\/mersingazetesi.com\/index.php\/wp-json\/wp\/v2\/tags?post=127626"}],"curies":[{"name":"wp","href":"https:\/\/api.w.org\/{rel}","templated":true}]}}