{"id":127619,"date":"2026-03-11T15:37:53","date_gmt":"2026-03-11T12:37:53","guid":{"rendered":"https:\/\/mersingazetesi.com\/?p=127619"},"modified":"2026-03-11T15:37:53","modified_gmt":"2026-03-11T12:37:53","slug":"reset-maga-ve-cok-kutuplu-dunya-eksenleri-arasindaki-mucadele-tum-siddeti-devam-ediyor","status":"publish","type":"post","link":"https:\/\/mersingazetesi.com\/index.php\/2026\/03\/11\/reset-maga-ve-cok-kutuplu-dunya-eksenleri-arasindaki-mucadele-tum-siddeti-devam-ediyor\/","title":{"rendered":"\u2018RESET, MAGA VE \u00c7OK KUTUPLU D\u00dcNYA\u2019 EKSENLER\u0130 ARASINDAK\u0130 M\u00dcCADELE T\u00dcM \u015e\u0130DDET\u0130 DEVAM ED\u0130YOR..!"},"content":{"rendered":"<div>MAGA lideri Trump\u2019\u0131n D\u00fcnyay\u0131 \u015fa\u015f\u0131rtan i\u015fgal s\u00f6ylemleri, Maduro\u2019nun ka\u00e7\u0131r\u0131lmas\u0131, Gazze bar\u0131\u015f kurulu, ve ataklar\u0131, Epstein skandal\u0131, AB\u2019nin kar\u015f\u0131 tutum \/s\u00f6ylemleri, son olarak \u0130ran bask\u0131s\u0131 ve sald\u0131r\u0131s\u0131 ile t\u00fcm \u015fiddeti ile devam ediyor. \u00d6zellikle masa, ekran ve sahada, bu \u00fc\u00e7 eksen aras\u0131nda k\u0131yas\u0131ya bir m\u00fccadele var. Bu nedenle ge\u00e7en sene A\u011fustos 2025 tarihinde bu k\u00f6\u015fede yazm\u0131\u015f oldu\u011fum yaz\u0131m\u0131 haf\u0131za g\u00fcncellemesi yapmak \u00fczere a\u015fa\u011f\u0131da yeniden payla\u015f\u0131yorum<\/div>\n<div dir=\"ltr\"><\/div>\n<div>\u201cRESET, MAGA VE \u00c7OK KUTUPLU D\u00dcNYA\u2019 EKSENLER\u0130 ARASINDAK\u0130 M\u00dcCADELE<\/div>\n<div dir=\"ltr\"><\/div>\n<div>Kanaatimce, ABD\u2019nin yeni ba\u015fkan\u0131 Trump\u2019\u0131n se\u00e7ilmesinden sonra, D\u00fcnya\u2019n\u0131n ve Ortado\u011fu co\u011frafyas\u0131n\u0131n gelece\u011fi bu \u00fc\u00e7 eksen aras\u0131ndaki \u00a0m\u00fccadelenin ve kesi\u015fmelerin \u00a0sonu\u00e7lar\u0131na g\u00f6re \u015fekillenece\u011fi y\u00f6n\u00fcnde geli\u015fmeler devam ediyor.<\/div>\n<div dir=\"ltr\"><\/div>\n<div>B\u00dcY\u00dcK SIFIRLAMA (GREAT RESET) B\u00dcY\u00dcK \u0130NSANLI\u011eA KAR\u015eI<\/div>\n<div dir=\"ltr\"><\/div>\n<div>Daha \u00f6nceki yaz\u0131lar\u0131m\u0131 takip eden okurlar\u0131m\u0131z, ABD ba\u015fkan\u0131 Biden \u00f6nc\u00fcl\u00fc\u011f\u00fcnde, Ukrayna\u2019n\u0131n Palya\u00e7o Liderinin \u00a0\u0131srarla Rusya\u2019ya sava\u015f a\u00e7mas\u0131 i\u00e7in k\u0131\u015fk\u0131rt\u0131ld\u0131\u011f\u0131n\u0131 ve te\u015fvik edildi\u011fini ve Trump 2.0 ile birlikte ortada b\u0131rak\u0131ld\u0131klar\u0131n\u0131 hat\u0131rlayacaklard\u0131r.<\/div>\n<div>Ba\u015f\u0131n\u0131 Anglo Siyonist merkezlerin \u00e7ekti\u011fi Reset\u00e7ilerin nihai ama\u00e7lar\u0131;<\/div>\n<div>D\u00fcnya Ekonomik Formunun Ba\u015fkan\u0131 Dr. Klaus Shwap\u2018\u0131n \u2018B\u00fcy\u00fck S\u0131f\u0131rlama (Great Reset)\u2019 kitab\u0131nda belirtildi\u011fi gibi, D\u00fcnya n\u00fcfusunun sava\u015flarla ve vir\u00fcslerle 500 milyona d\u00fc\u015f\u00fcrecek \u015fekilde azalt\u0131lmas\u0131yd\u0131 .<\/div>\n<div>Bunun i\u00e7in \u00dc\u00e7\u00fcnc\u00fc D\u00fcnya Sava\u015f\u0131\u2019n\u0131n \u00e7\u0131kmas\u0131 \u00f6nemli bir ad\u0131md\u0131.<\/div>\n<div>Bu nedenle -Topal \u00d6rdek ABD Ba\u015fkan\u0131 Biden- ABD se\u00e7imlerini kaybetmesinden sonra giderayak Ukrayna\u2019ya g\u00f6nderdi\u011fi sald\u0131r\u0131 f\u00fczelerinin kullanma yetkisini Ukrayna y\u00f6netimine verdi ve kulland\u0131rd\u0131.<\/div>\n<div>Ancak, \u00c7ok Kutuplu D\u00fcnya\u2019y\u0131 (\u00c7KD) savunan Rusya Devlet Ba\u015fkan\u0131 Putin\u2019in ihtiyatl\u0131 yakla\u015f\u0131m\u0131yla, Ukrayna ve ABD\u2019nin t\u00fcm k\u0131\u015fk\u0131rtmalar\u0131na ra\u011fmen, sava\u015f uzun s\u00fcre s\u0131n\u0131rl\u0131 tutuldu ve D\u00fcnya Sava\u015f\u0131\u2019na \u00a0d\u00f6n\u00fc\u015fmedi.<\/div>\n<div>\u00d6te yandan, ABD&#8217;deki 2024 se\u00e7imlerinde Trump\u2019\u0131n kazanmas\u0131 ile \u00f6nce Ukrayna, sonra Gazze \u00fczerinden \u00e7\u0131kar\u0131lmaya \u00e7al\u0131\u015f\u0131lan 3. D\u00fcnya Sava\u015f\u0131 olas\u0131l\u0131\u011f\u0131, ge\u00e7ti\u011fimiz aylarda \u0130srail\u2019in ve ABD\u2019nin \u0130ran\u2019a kar\u015f\u0131l\u0131kl\u0131 sald\u0131rmalar\u0131na ra\u011fmen \u015fimdilik daha azalm\u0131\u015f g\u00f6r\u00fcn\u00fcyor.<\/div>\n<div dir=\"ltr\"><\/div>\n<div>MAGA B\u0130R AMER\u0130KAN \u00a0YURTSEVERL\u0130\u011e\u0130D\u0130R<\/div>\n<div dir=\"ltr\"><\/div>\n<div>Trump\u2019\u0131n se\u00e7im slogan\u0131 MAGA(Make America Great Again) yani \u00a0-Amerika&#8217;y\u0131 Yeniden B\u00fcy\u00fck Yapmak- \u00f6z\u00fcnde, \u00c7in rekabeti kar\u015f\u0131s\u0131nda s\u00fcrekli irtifa kaybeden ABD\u2019nin Sanayi ve Ekonomisine odaklanarak, ABD&#8217;yi ikinci D\u00fcnya Sava\u015f\u0131 sonras\u0131nda oldu\u011fu gibi \u00c7in\u2019i ge\u00e7ip, D\u00fcnya\u2019n\u0131n bir numaral\u0131 ekonomisi yaparak ABD yurtta\u015flar\u0131n\u0131n refah\u0131n\u0131 art\u0131rmak \u00f6ncelikli hedef olarak g\u00f6rmektedir.<\/div>\n<div>Ancak Trump, Anglosakson derin merkezlerin, ABD\u2019yi \u00a0D\u00fcnya\u2019n\u0131n jandarmas\u0131 ve kaba g\u00fc\u00e7 olarak kullanmas\u0131n\u0131 istememektedir.<\/div>\n<div>Bu nedenle Anglo sakson -Siyonist politikalarla aras\u0131na mesafe koymaya \u00e7al\u0131\u015fmaktad\u0131r.<\/div>\n<div>Bu nedenle ge\u00e7ti\u011fimiz g\u00fcnlerde \u0130srail\u2019in Gazze sald\u0131r\u0131lar\u0131n\u0131 onaylarken, \u0130srail\u2019i ziyaret etmemi\u015f. \u0130ran\u2019a da sald\u0131r\u0131ya ba\u015flang\u0131\u00e7ta mesafeli durmu\u015ftur. \u00a0Ancak sonradan, san\u0131r\u0131m \u0130srail yanl\u0131s\u0131 dan\u0131\u015fmanlar\u0131n\u0131n \u00f6nerisiyle \u0130ran\u2019\u0131n n\u00fckleer tesislerinin ABD taraf\u0131ndan bombalanmas\u0131na onay veren bir kafa kar\u0131\u015f\u0131kl\u0131\u011f\u0131 ya\u015fam\u0131\u015ft\u0131r.<\/div>\n<div dir=\"ltr\"><\/div>\n<div>\u00c7OK KUTUPLU D\u00dcNYA VE YEN\u0130 B\u0130R BM M\u0130MAR\u0130S\u0130<\/div>\n<div dir=\"ltr\"><\/div>\n<div>Sovyetler Birli\u011fi\u2019nin \u00e7\u00f6kmesinden sonra, Putin\u2019in liderli\u011findeki Rusya, reset\u00e7i ve sava\u015f isteyen Angola sakson-siyonist odaklar\u0131n kar\u015f\u0131s\u0131nda \u00c7ok Kutuplu D\u00fcnya\u2019y\u0131 ve Bar\u0131\u015f\u2019\u0131 savunan bir \u00e7izgi izlemektedir. Ukrayna Sava\u015f\u0131\u2019n\u0131n bitirilmesi ve 3. D\u00fcnya Sava\u015f\u0131\u2019n\u0131n \u00f6nlenmesi konusunda da, Trump&#8217;dan da \u00f6nemli bir destek almaktad\u0131r.<\/div>\n<div>Ki\u015fisel kanaatime g\u00f6re, Putin i\u00e7in Trump\u2018la anla\u015farak Ukrayna sava\u015f\u0131n\u0131 bitirerek, 3. D\u00fcnya Sava\u015f\u0131\u2019n\u0131n \u00f6nlemesi ve \u00c7ok Kutuplu D\u00fcnya\u2019n\u0131n kurulmas\u0131 \u00f6nceliklidir.<\/div>\n<div>Bu yakla\u015f\u0131m, D\u00fcnya Bar\u0131\u015f\u0131 ve D\u00fcnya halklar\u0131n\u0131n refah\u0131 i\u00e7in de \u00e7ok \u00f6nemli ve de\u011ferlidir.<\/div>\n<div>Ancak sava\u015f ve m\u00fchimmat sanayisini \u00e7al\u0131\u015ft\u0131rarak, buradan gelecek yeni fonlar\u0131 ve sermayeyi pazarlayarak tefecilik yapmay\u0131 isteyen Anglo-Sakson ve Siyonist odaklar, 3. D\u00fcnya Sava\u015f\u0131\u2019n\u0131n ve yerel sava\u015flar\u0131n \u00e7\u0131kmas\u0131 i\u00e7in her t\u00fcrl\u00fc \u00e7abay\u0131 g\u00f6stermektedirler.<\/div>\n<div>Bunun i\u00e7in ba\u015fta Trump ve Putin olmak \u00fczere, bar\u0131\u015fa destek verenleri suikast ile \u00f6ld\u00fcrmek dahil her \u015feyi planlayabilecekleri de dikkate al\u0131nmal\u0131d\u0131r.\u201d\u00a0diyerek noktalam\u0131\u015ft\u0131m.<\/div>\n<div>B\u00fcy\u00fck insanl\u0131\u011f\u0131n bu \u00fc\u00e7 eksen aras\u0131ndaki m\u00fccadeleden \u00e7ok hasar almadan atlatmas\u0131 dile\u011fiyle&#8230;<\/div>\n","protected":false},"excerpt":{"rendered":"<p>MAGA lideri Trump\u2019\u0131n D\u00fcnyay\u0131 \u015fa\u015f\u0131rtan i\u015fgal s\u00f6ylemleri, Maduro\u2019nun ka\u00e7\u0131r\u0131lmas\u0131, Gazze bar\u0131\u015f kurulu, ve ataklar\u0131, Epstein skandal\u0131, AB\u2019nin kar\u015f\u0131 tutum \/s\u00f6ylemleri, son olarak \u0130ran bask\u0131s\u0131 ve sald\u0131r\u0131s\u0131 ile t\u00fcm \u015fiddeti ile devam ediyor. \u00d6zellikle masa, ekran ve sahada, bu \u00fc\u00e7 eksen aras\u0131nda k\u0131yas\u0131ya bir m\u00fccadele var. Bu nedenle ge\u00e7en sene A\u011fustos 2025 tarihinde bu k\u00f6\u015fede yazm\u0131\u015f [&hellip;]<\/p>\n","protected":false},"author":13,"featured_media":127620,"comment_status":"open","ping_status":"open","sticky":false,"template":"","format":"standard","meta":{"footnotes":""},"categories":[28],"tags":[],"class_list":["post-127619","post","type-post","status-publish","format-standard","has-post-thumbnail","hentry","category-serdar-erkan"],"views":975,"_links":{"self":[{"href":"https:\/\/mersingazetesi.com\/index.php\/wp-json\/wp\/v2\/posts\/127619","targetHints":{"allow":["GET"]}}],"collection":[{"href":"https:\/\/mersingazetesi.com\/index.php\/wp-json\/wp\/v2\/posts"}],"about":[{"href":"https:\/\/mersingazetesi.com\/index.php\/wp-json\/wp\/v2\/types\/post"}],"author":[{"embeddable":true,"href":"https:\/\/mersingazetesi.com\/index.php\/wp-json\/wp\/v2\/users\/13"}],"replies":[{"embeddable":true,"href":"https:\/\/mersingazetesi.com\/index.php\/wp-json\/wp\/v2\/comments?post=127619"}],"version-history":[{"count":1,"href":"https:\/\/mersingazetesi.com\/index.php\/wp-json\/wp\/v2\/posts\/127619\/revisions"}],"predecessor-version":[{"id":127621,"href":"https:\/\/mersingazetesi.com\/index.php\/wp-json\/wp\/v2\/posts\/127619\/revisions\/127621"}],"wp:featuredmedia":[{"embeddable":true,"href":"https:\/\/mersingazetesi.com\/index.php\/wp-json\/wp\/v2\/media\/127620"}],"wp:attachment":[{"href":"https:\/\/mersingazetesi.com\/index.php\/wp-json\/wp\/v2\/media?parent=127619"}],"wp:term":[{"taxonomy":"category","embeddable":true,"href":"https:\/\/mersingazetesi.com\/index.php\/wp-json\/wp\/v2\/categories?post=127619"},{"taxonomy":"post_tag","embeddable":true,"href":"https:\/\/mersingazetesi.com\/index.php\/wp-json\/wp\/v2\/tags?post=127619"}],"curies":[{"name":"wp","href":"https:\/\/api.w.org\/{rel}","templated":true}]}}