{"id":127616,"date":"2026-03-11T15:36:49","date_gmt":"2026-03-11T12:36:49","guid":{"rendered":"https:\/\/mersingazetesi.com\/?p=127616"},"modified":"2026-03-11T15:36:49","modified_gmt":"2026-03-11T12:36:49","slug":"yenisehirde-kadin-gucu-zirve-yapti","status":"publish","type":"post","link":"https:\/\/mersingazetesi.com\/index.php\/2026\/03\/11\/yenisehirde-kadin-gucu-zirve-yapti\/","title":{"rendered":"Yeni\u015fehir\u2019de kad\u0131n g\u00fcc\u00fc zirve yapt\u0131"},"content":{"rendered":"<p>Mersin Yeni\u015fehir Belediyesi, &#8220;Emekten Giri\u015fime, Yerelden Gelece\u011fe&#8221; mottosuyla d\u00fczenledi\u011fi \u2018Yeni\u015fehir \u00dcreten Kad\u0131nlar Zirvesi\u2019 ile y\u00fczlerce kad\u0131na ilham ve rehberlik sundu. Ba\u015far\u0131 hikayelerinden finansal okuryazarl\u0131\u011fa kadar pek \u00e7ok konunun ele al\u0131nd\u0131\u011f\u0131 zirvede, kad\u0131nlar\u0131n ekonomik hayattaki stratejik rol\u00fc vurguland\u0131.<br \/>\nYeni\u015fehir Belediyesi ev sahipli\u011finde Atat\u00fcrk K\u00fclt\u00fcr Merkezi\u2019nde d\u00fczenlenen Yeni\u015fehir \u00dcreten Kad\u0131nlar Zirvesi, kad\u0131nlar\u0131n ekonomik ve sosyal hayattaki varl\u0131\u011f\u0131n\u0131 g\u00fc\u00e7lendirmeyi hedefleyen \u00f6nemli bir bulu\u015fmaya sahne oldu. Kad\u0131n ve Aile Hizmetleri M\u00fcd\u00fcrl\u00fc\u011f\u00fc taraf\u0131ndan \u201cEmekten Giri\u015fime, Yerelden Gelece\u011fe\u201d ve \u201cBenim Cesaretim Senin Umudun Olsun\u201d mottolar\u0131yla ger\u00e7ekle\u015ftirilen zirve, kad\u0131n \u00fcreticileri, giri\u015fimci adaylar\u0131n\u0131 ve uzman isimleri bir araya getirdi. Fuaye alan\u0131nda kurulan stantlarda kad\u0131nlar\u0131n el eme\u011fi \u00fcr\u00fcnleri sergilenirken, kad\u0131n eme\u011fini konu alan foto\u011fraf sergisi ve heykel \u00e7al\u0131\u015fmalar\u0131 da ziyaret\u00e7ilerin ilgisini \u00e7ekti. G\u00fcn boyunca d\u00fczenlenen panel ve oturumlarda ilham veren ba\u015far\u0131 hik\u00e2yeleri payla\u015f\u0131l\u0131rken, giri\u015fimcilik, dijital d\u00f6n\u00fc\u015f\u00fcm ve finansal okuryazarl\u0131k gibi konular ele al\u0131nd\u0131.<br \/>\nKADINLARIN G\u00dc\u00c7LENMES\u0130 TOPLUMSAL D\u00d6N\u00dc\u015e\u00dcM\u00dcN ANAHTARI<br \/>\nZirvenin a\u00e7\u0131l\u0131\u015f konu\u015fmas\u0131n\u0131 yapan Yeni\u015fehir Belediyesi Kad\u0131n ve Aile Hizmetleri M\u00fcd\u00fcr\u00fc Deniz Yozgat \u015eehito\u011flu, kad\u0131n eme\u011finin yaln\u0131zca ortaya \u00e7\u0131kan \u00fcr\u00fcnle \u00f6l\u00e7\u00fclemeyece\u011fini belirtti. \u015eehito\u011flu, \u00fcretimin arkas\u0131nda sab\u0131r, emek ve \u00e7o\u011fu zaman g\u00f6r\u00fcnmeyen b\u00fcy\u00fck bir m\u00fccadelenin bulundu\u011funu vurgulayarak \u015funlar\u0131 s\u00f6yledi: \u201cBug\u00fcn ger\u00e7ekle\u015ftirdi\u011fimiz Yeni\u015fehir \u00dcreten Kad\u0131nlar Zirvesi ile \u00fcretici kad\u0131nlar\u0131m\u0131z\u0131 bir araya getirmeyi, deneyimlerini payla\u015fabilecekleri bir alan olu\u015fturmay\u0131 ve birbirlerinden ilham alabilecekleri bir bulu\u015fma zemini yaratmay\u0131 ama\u00e7l\u0131yoruz. Kad\u0131nlar\u0131n \u00fcretim yolculuklar\u0131nda kar\u015f\u0131la\u015ft\u0131klar\u0131 zorluklar\u0131 birlikte konu\u015fabilecekleri ve gelece\u011fe dair stratejik bir yol haritas\u0131 olu\u015fturabilecekleri bir ortam olu\u015fturmay\u0131 hedefliyoruz.\u201d \u015eehito\u011flu, ayr\u0131ca kad\u0131nlar\u0131n g\u00fc\u00e7lenmesinin yaln\u0131zca bireysel bir kazan\u0131m olmad\u0131\u011f\u0131n\u0131 belirterek bunun toplumun tamam\u0131na yay\u0131lan g\u00fc\u00e7l\u00fc bir d\u00f6n\u00fc\u015f\u00fcm yaratt\u0131\u011f\u0131n\u0131 ifade ederek, zirvenin ilerleyen y\u0131llarda b\u00fcy\u00fcyerek gelenekselle\u015fmesini temenni etti.<br \/>\nTU\u011eCU: \u201cS\u00dcRD\u00dcR\u00dcLEB\u0130L\u0130R KALKINMANIN ANAHTARI KADINLARIN G\u00dc\u00c7LENMES\u0130\u201d<br \/>\nProgram\u0131n ana konu\u015fmac\u0131s\u0131 G\u0130\u015eKAD Y\u00f6netim Kurulu \u00dcyesi ve Y\u00d6NDER Ba\u015fkan\u0131 Ayferi Tu\u011fcu oldu. \u201cS\u00fcrd\u00fcr\u00fclebilir Kalk\u0131nman\u0131n Anahtar\u0131, Kad\u0131n\u0131n \u00c7ok Y\u00f6nl\u00fc G\u00fc\u00e7lendirilmesi\u201d ba\u015fl\u0131kl\u0131 konu\u015fmas\u0131nda Tu\u011fcu, kad\u0131nlar\u0131n ekonomik ve sosyal hayattaki rol\u00fcne dikkat \u00e7ekti. Kad\u0131nlar\u0131n toplumun yar\u0131s\u0131n\u0131 olu\u015fturdu\u011funu ve gelirlerinin b\u00fcy\u00fck b\u00f6l\u00fcm\u00fcn\u00fc aile, e\u011fitim ve \u00e7ocuklara yeniden yat\u0131rd\u0131\u011f\u0131n\u0131 belirten Tu\u011fcu, bunun kalk\u0131nman\u0131n en h\u0131zl\u0131 motorlar\u0131ndan biri oldu\u011funu s\u00f6yledi. T\u00fcrkiye\u2019de kad\u0131nlar\u0131n i\u015f g\u00fcc\u00fcne kat\u0131l\u0131m oran\u0131n\u0131n erkeklere k\u0131yasla olduk\u00e7a d\u00fc\u015f\u00fck oldu\u011funa dikkat \u00e7eken Tu\u011fcu, e\u011fitimin bu tabloyu de\u011fi\u015ftirecek en \u00f6nemli unsur oldu\u011funu vurgulad\u0131. Tu\u011fcu ayr\u0131ca kad\u0131n giri\u015fimcili\u011finin desteklenmesi i\u00e7in vergi ve sigorta te\u015fvikleri, mikro krediler, kad\u0131n kooperatiflerine al\u0131m \u00f6nceli\u011fi ve dijital okuryazarl\u0131k e\u011fitimlerinin yayg\u0131nla\u015ft\u0131r\u0131lmas\u0131 gerekti\u011fini ifade etti.<br \/>\nZORLUKLARDAN DO\u011eAN BA\u015eARI H\u0130K\u00c2YELER\u0130<br \/>\nZirvede \u201cBenim Cesaretim Senin Umudun Olsun\u201d ba\u015fl\u0131kl\u0131 ilham paneli de d\u00fczenlendi. Panelde konu\u015fan BeeHacer Ar\u0131 \u00dcr\u00fcnleri Kurucusu Hacer Yavuz, hayat\u0131ndaki zorluklara ra\u011fmen giri\u015fimcilikten vazge\u00e7meyen hik\u00e2yesini payla\u015ft\u0131. Yavuz, \u00e7ocuk ya\u015fta evlilikten a\u011f\u0131r bir hastal\u0131\u011fa, ard\u0131ndan ya\u015fad\u0131\u011f\u0131 b\u00fcy\u00fck kay\u0131plara kadar bir\u00e7ok zorlukla m\u00fccadele etti\u011fini anlatarak \u015funlar\u0131 s\u00f6yledi: \u201c\u00d6ncelikle b\u00f6yle bir bulu\u015fmay\u0131 ger\u00e7ekle\u015ftirdi\u011fi i\u00e7in Yeni\u015fehir Belediyesi\u2019ne te\u015fekk\u00fcr ediyorum. 5 \u00e7ocuklu Y\u00f6r\u00fck bir ailenin en k\u00fc\u00e7\u00fck \u00e7ocu\u011fuyum. Ar\u0131c\u0131l\u0131k yap\u0131yorum ama ar\u0131c\u0131l\u0131\u011f\u0131n i\u00e7ine do\u011fmu\u015f bir \u00e7ocu\u011fuyum. Ben \u0131\u015f\u0131\u011f\u0131m\u0131 kendim buldum. Yollar \u00e7ok \u00e7ak\u0131ll\u0131, \u00e7ok ta\u015fl\u0131 ama ben o engellerin aras\u0131ndan y\u00fcr\u00fcmeyi se\u00e7tim. Bug\u00fcn kurdu\u011fum markada sekiz kad\u0131nla \u00e7al\u0131\u015f\u0131yorum, hedefim 800 kad\u0131nla \u00e7al\u0131\u015fmak.\u201d 2015 y\u0131l\u0131nda ya\u015fad\u0131\u011f\u0131 trafik kazas\u0131nda yak\u0131nlar\u0131n\u0131 kaybetti\u011fini ve ard\u0131ndan t\u00fcm ar\u0131 kovanlar\u0131n\u0131n zehirlenmesiyle b\u00fcy\u00fck bir ekonomik kay\u0131p ya\u015fad\u0131\u011f\u0131n\u0131 anlatan Yavuz, buna ra\u011fmen yeniden ba\u015flayarak yoluna devam etti\u011fini s\u00f6yledi.<br \/>\n\u00dcZ\u00dcK: \u201cGER\u00c7EK SERMAYE VAZGE\u00c7MEMEKT\u0130R\u201d<br \/>\nPanelin bir di\u011fer konu\u015fmac\u0131s\u0131 Can Kost\u00fcm Evi kurucusu Emine \u00dcz\u00fck ise \u201cKendini Kurtarma Rehberi\u201d ba\u015fl\u0131kl\u0131 konu\u015fmas\u0131nda hayat m\u00fccadelesini anlatt\u0131. \u0130\u015f kurma s\u00fcrecinde ciddi ekonomik ve psikolojik zorluklarla kar\u015f\u0131la\u015ft\u0131\u011f\u0131n\u0131 belirten \u00dcz\u00fck, giri\u015fimcili\u011fin yaln\u0131zca finansal de\u011fil ayn\u0131 zamanda g\u00fc\u00e7l\u00fc bir karakter meselesi oldu\u011funu ifade etti. \u00dcz\u00fck, \u00f6zellikle anneli\u011fin kendisine b\u00fcy\u00fck bir sorumluluk ve motivasyon verdi\u011fini belirterek \u015fu ifadeleri kulland\u0131: \u201cBankada sermayem yoktu ama t\u00fckenmez bir kayna\u011f\u0131m vard\u0131: sorumluluk. Sorumluluk insan\u0131 disipline eder ve bahane \u00fcretme l\u00fcks\u00fcn\u00fc elinden al\u0131r. Vazge\u00e7medi\u011finiz s\u00fcrece s\u0131f\u0131rda kalmazs\u0131n\u0131z.\u201d<br \/>\nG\u0130R\u0130\u015e\u0130MC\u0130L\u0130K E\u011e\u0130T\u0130MLER\u0130 VE UZMAN OTURUMLARI<br \/>\nZirve kapsam\u0131nda d\u00fczenlenen \u201c\u00dcretimden Markaya: Giri\u015fimcilikte Stratejik Yol Haritas\u0131\u201d oturumunda ise giri\u015fimcili\u011fin temel ad\u0131mlar\u0131 ele al\u0131nd\u0131. \u0130\u00e7 mimar ve Mamalav Kurucusu B\u00fc\u015fra K\u0131sa \u00c7a\u011f\u0131r, \u201cGiri\u015fimcilik 101\u201d sunumunda i\u015f kurman\u0131n temel s\u00fcre\u00e7lerini anlatt\u0131. Captain Digital marka y\u00f6neticisi ve dijital i\u00e7erik \u00fcreticisi Melisa Ersoy, dijital d\u00fcnyada marka varl\u0131\u011f\u0131 olu\u015fturman\u0131n \u00f6nemine de\u011findi. Kamina Sigorta ve Yat\u0131r\u0131m Finans Dan\u0131\u015fman\u0131 Sibel Bar Teki\u015f ise giri\u015fimcilikte finansal okuryazarl\u0131\u011f\u0131n kritik rol\u00fcn\u00fc vurgulad\u0131. Program kapsam\u0131nda ayr\u0131ca Uzman psikolog G\u00fclnihal Bilim de \u201cGiri\u015fimcilikte Psikolojik Sa\u011flaml\u0131k\u201d ba\u015fl\u0131kl\u0131 sunumunda kad\u0131nlar\u0131n toplumsal rollerin k\u0131skac\u0131nda kaybettikleri \u2018Spontanite\u2019 ve \u2018Yarat\u0131c\u0131l\u0131k\u2019 g\u00fc\u00e7lerini nas\u0131l geri kazanabileceklerini ele ald\u0131. Giri\u015fimcilikte s\u00fcrd\u00fcr\u00fclebilir ba\u015far\u0131n\u0131n anahtar\u0131 olarak sunulan psikolojik sa\u011flaml\u0131k ile duygusal bast\u0131rman\u0131n tetikledi\u011fi otoimm\u00fcn hastal\u0131klar aras\u0131ndaki sars\u0131c\u0131 ba\u011f, bilimsel veriler ve psikodrama tekniklerine de\u011finen Bilim, kat\u0131l\u0131mc\u0131lara ba\u015fkalar\u0131n\u0131n yazd\u0131\u011f\u0131 m\u00fckemmeliyet\u00e7i senaryolar\u0131 oynamak yerine, kendi \u00f6zg\u00fcn kendilik rollerini in\u015fa ederek hem bedensel sa\u011fl\u0131klar\u0131n\u0131 hem de i\u015f d\u00fcnyas\u0131ndaki \u00f6zg\u00fcn varl\u0131klar\u0131n\u0131 koruman\u0131n yollar\u0131n\u0131 ke\u015ffetmelerinin \u00f6nemini anlatt\u0131.<\/p>\n","protected":false},"excerpt":{"rendered":"<p>Mersin Yeni\u015fehir Belediyesi, &#8220;Emekten Giri\u015fime, Yerelden Gelece\u011fe&#8221; mottosuyla d\u00fczenledi\u011fi \u2018Yeni\u015fehir \u00dcreten Kad\u0131nlar Zirvesi\u2019 ile y\u00fczlerce kad\u0131na ilham ve rehberlik sundu. Ba\u015far\u0131 hikayelerinden finansal okuryazarl\u0131\u011fa kadar pek \u00e7ok konunun ele al\u0131nd\u0131\u011f\u0131 zirvede, kad\u0131nlar\u0131n ekonomik hayattaki stratejik rol\u00fc vurguland\u0131. Yeni\u015fehir Belediyesi ev sahipli\u011finde Atat\u00fcrk K\u00fclt\u00fcr Merkezi\u2019nde d\u00fczenlenen Yeni\u015fehir \u00dcreten Kad\u0131nlar Zirvesi, kad\u0131nlar\u0131n ekonomik ve sosyal hayattaki varl\u0131\u011f\u0131n\u0131 [&hellip;]<\/p>\n","protected":false},"author":2,"featured_media":127617,"comment_status":"open","ping_status":"open","sticky":false,"template":"","format":"standard","meta":{"footnotes":""},"categories":[2],"tags":[],"class_list":["post-127616","post","type-post","status-publish","format-standard","has-post-thumbnail","hentry","category-kadin"],"views":2809,"_links":{"self":[{"href":"https:\/\/mersingazetesi.com\/index.php\/wp-json\/wp\/v2\/posts\/127616","targetHints":{"allow":["GET"]}}],"collection":[{"href":"https:\/\/mersingazetesi.com\/index.php\/wp-json\/wp\/v2\/posts"}],"about":[{"href":"https:\/\/mersingazetesi.com\/index.php\/wp-json\/wp\/v2\/types\/post"}],"author":[{"embeddable":true,"href":"https:\/\/mersingazetesi.com\/index.php\/wp-json\/wp\/v2\/users\/2"}],"replies":[{"embeddable":true,"href":"https:\/\/mersingazetesi.com\/index.php\/wp-json\/wp\/v2\/comments?post=127616"}],"version-history":[{"count":1,"href":"https:\/\/mersingazetesi.com\/index.php\/wp-json\/wp\/v2\/posts\/127616\/revisions"}],"predecessor-version":[{"id":127618,"href":"https:\/\/mersingazetesi.com\/index.php\/wp-json\/wp\/v2\/posts\/127616\/revisions\/127618"}],"wp:featuredmedia":[{"embeddable":true,"href":"https:\/\/mersingazetesi.com\/index.php\/wp-json\/wp\/v2\/media\/127617"}],"wp:attachment":[{"href":"https:\/\/mersingazetesi.com\/index.php\/wp-json\/wp\/v2\/media?parent=127616"}],"wp:term":[{"taxonomy":"category","embeddable":true,"href":"https:\/\/mersingazetesi.com\/index.php\/wp-json\/wp\/v2\/categories?post=127616"},{"taxonomy":"post_tag","embeddable":true,"href":"https:\/\/mersingazetesi.com\/index.php\/wp-json\/wp\/v2\/tags?post=127616"}],"curies":[{"name":"wp","href":"https:\/\/api.w.org\/{rel}","templated":true}]}}