{"id":127610,"date":"2026-03-11T15:08:15","date_gmt":"2026-03-11T12:08:15","guid":{"rendered":"https:\/\/mersingazetesi.com\/?p=127610"},"modified":"2026-03-11T15:08:15","modified_gmt":"2026-03-11T12:08:15","slug":"kuzey-ulkeleri-netanyahu-kararini-uygulayacak-araplarda-uygulayan-yok","status":"publish","type":"post","link":"https:\/\/mersingazetesi.com\/index.php\/2026\/03\/11\/kuzey-ulkeleri-netanyahu-kararini-uygulayacak-araplarda-uygulayan-yok\/","title":{"rendered":"Kuzey \u00dclkeleri Netanyahu Karar\u0131n\u0131 Uygulayacak  ARAPLARDA UYGULAYAN YOK!"},"content":{"rendered":"<p>Norve\u00e7, \u0130sve\u00e7, Finlandiya, Danimarka ve \u0130zlanda, Uluslararas\u0131 Ceza Mahkemesi\u2019nin (UCM) \u0130srail Ba\u015fbakan\u0131 Benjamin Netanyahu hakk\u0131nda verdi\u011fi tutuklama karar\u0131n\u0131 uygulayacaklar\u0131n\u0131 a\u00e7\u0131klad\u0131. Bu \u00fclkeler, Netanyahu\u2019nun kendi topraklar\u0131na girmesi halinde tutuklanabilece\u011fini belirtti.<\/p>\n<p>\u00d6te yandan, Uluslararas\u0131 Ceza Mahkemesi\u2019nin karar\u0131n\u0131 uygulayaca\u011f\u0131n\u0131 a\u00e7\u0131k\u00e7a ilan eden herhangi bir Arap \u00fclkesi \u015fu ana kadar bulunmuyor.<\/p>\n<p>Bir\u00e7ok Arap \u00fclkesi mahkemenin karar\u0131na siyasi destek a\u00e7\u0131klamalar\u0131 yapsa da, Netanyahu\u2019yu tutuklayacaklar\u0131n\u0131 resmen duyuran bir Arap devleti hen\u00fcz olmad\u0131.<\/p>\n","protected":false},"excerpt":{"rendered":"<p>Norve\u00e7, \u0130sve\u00e7, Finlandiya, Danimarka ve \u0130zlanda, Uluslararas\u0131 Ceza Mahkemesi\u2019nin (UCM) \u0130srail Ba\u015fbakan\u0131 Benjamin Netanyahu hakk\u0131nda verdi\u011fi tutuklama karar\u0131n\u0131 uygulayacaklar\u0131n\u0131 a\u00e7\u0131klad\u0131. Bu \u00fclkeler, Netanyahu\u2019nun kendi topraklar\u0131na girmesi halinde tutuklanabilece\u011fini belirtti. \u00d6te yandan, Uluslararas\u0131 Ceza Mahkemesi\u2019nin karar\u0131n\u0131 uygulayaca\u011f\u0131n\u0131 a\u00e7\u0131k\u00e7a ilan eden herhangi bir Arap \u00fclkesi \u015fu ana kadar bulunmuyor. Bir\u00e7ok Arap \u00fclkesi mahkemenin karar\u0131na siyasi destek a\u00e7\u0131klamalar\u0131 [&hellip;]<\/p>\n","protected":false},"author":2,"featured_media":127611,"comment_status":"open","ping_status":"open","sticky":false,"template":"","format":"standard","meta":{"footnotes":""},"categories":[3],"tags":[],"class_list":["post-127610","post","type-post","status-publish","format-standard","has-post-thumbnail","hentry","category-dunya"],"views":2000,"_links":{"self":[{"href":"https:\/\/mersingazetesi.com\/index.php\/wp-json\/wp\/v2\/posts\/127610","targetHints":{"allow":["GET"]}}],"collection":[{"href":"https:\/\/mersingazetesi.com\/index.php\/wp-json\/wp\/v2\/posts"}],"about":[{"href":"https:\/\/mersingazetesi.com\/index.php\/wp-json\/wp\/v2\/types\/post"}],"author":[{"embeddable":true,"href":"https:\/\/mersingazetesi.com\/index.php\/wp-json\/wp\/v2\/users\/2"}],"replies":[{"embeddable":true,"href":"https:\/\/mersingazetesi.com\/index.php\/wp-json\/wp\/v2\/comments?post=127610"}],"version-history":[{"count":1,"href":"https:\/\/mersingazetesi.com\/index.php\/wp-json\/wp\/v2\/posts\/127610\/revisions"}],"predecessor-version":[{"id":127612,"href":"https:\/\/mersingazetesi.com\/index.php\/wp-json\/wp\/v2\/posts\/127610\/revisions\/127612"}],"wp:featuredmedia":[{"embeddable":true,"href":"https:\/\/mersingazetesi.com\/index.php\/wp-json\/wp\/v2\/media\/127611"}],"wp:attachment":[{"href":"https:\/\/mersingazetesi.com\/index.php\/wp-json\/wp\/v2\/media?parent=127610"}],"wp:term":[{"taxonomy":"category","embeddable":true,"href":"https:\/\/mersingazetesi.com\/index.php\/wp-json\/wp\/v2\/categories?post=127610"},{"taxonomy":"post_tag","embeddable":true,"href":"https:\/\/mersingazetesi.com\/index.php\/wp-json\/wp\/v2\/tags?post=127610"}],"curies":[{"name":"wp","href":"https:\/\/api.w.org\/{rel}","templated":true}]}}