{"id":127585,"date":"2026-03-11T13:01:54","date_gmt":"2026-03-11T10:01:54","guid":{"rendered":"https:\/\/mersingazetesi.com\/?p=127585"},"modified":"2026-03-11T13:01:54","modified_gmt":"2026-03-11T10:01:54","slug":"bu-yil-akkuyuda-bizim-icin-cok-onemli-bir-yil","status":"publish","type":"post","link":"https:\/\/mersingazetesi.com\/index.php\/2026\/03\/11\/bu-yil-akkuyuda-bizim-icin-cok-onemli-bir-yil\/","title":{"rendered":"&#8216;Bu y\u0131l Akkuyu\u2019da bizim i\u00e7in \u00e7ok \u00f6nemli bir y\u0131l&#8217;"},"content":{"rendered":"<p>Fransa&#8217;n\u0131n ba\u015fkenti Paris&#8217;in banliy\u00f6s\u00fc Boulogne-Billancourt kentinde d\u00fcn yakla\u015f\u0131k 40 \u00fclkenin kat\u0131l\u0131m\u0131yla N\u00fckleer Enerji Zirvesi d\u00fczenlendi. Bakan Bayraktar, kat\u0131ld\u0131\u011f\u0131 zirve kapsam\u0131nda, Uluslararas\u0131 Atom Enerjisi Ajans\u0131 (UAEA) Ba\u015fkan\u0131 Rafael Mariano Grossi, \u0130talya ve S\u0131rbistan&#8217;\u0131n yan\u0131 s\u0131ra farkl\u0131 \u00fclke temsilcileriyle ikili g\u00f6r\u00fc\u015fmelerde bulundu.<\/p>\n<p>Bayraktar, &#8220;T\u00fcrkiye&#8217;de \u015fu anda arzla alakal\u0131 bir s\u0131k\u0131nt\u0131 g\u00f6z\u00fckm\u00fcyor. Yani enerjimizi tedarik etmemizde bir s\u0131k\u0131nt\u0131 yok. \u00c7ok farkl\u0131 kaynaklardan enerji al\u0131yoruz. T\u00fcrkiye enerji rotas\u0131 a\u00e7\u0131s\u0131ndan da \u00e7e\u015fitlili\u011fe sahip. G\u00fcn\u00fcn sonunda T\u00fcrkiye&#8217;nin enerjide ba\u011f\u0131ms\u0131zl\u0131k hikayesi asl\u0131nda ekonomide ba\u011f\u0131ms\u0131zl\u0131k hikayesi anlam\u0131na geliyor&#8221; diye konu\u015ftu.<\/p>\n<p>Bayraktar, n\u00fckleerin enerjinin ciddi finansman ihtiyac\u0131 do\u011furdu\u011funun ve n\u00fckleer enerji \u00fcretimi konusunda ciddi bir insan kayna\u011f\u0131 altyap\u0131s\u0131 geli\u015ftirmek gerekti\u011finin alt\u0131n\u0131 \u00e7izdi. Ruslarla geli\u015ftirilen Akkuyu N\u00fckleer projesi kapsam\u0131nda y\u00fczlerce \u00f6\u011frencinin e\u011fitim g\u00f6rd\u00fc\u011f\u00fcn\u00fc aktaran Bayraktar, bu \u00f6\u011frencilerin mezun oldu\u011funu ve \u00e7al\u0131\u015fmaya ba\u015flad\u0131\u011f\u0131n\u0131 ifade etti.<\/p>\n<p>Bayraktar, T\u00fcrkiye&#8217;nin \u00f6n\u00fcnde K\u00fc\u00e7\u00fck Mod\u00fcler Reakt\u00f6r (SMR) meselesi oldu\u011funu, yeni n\u00fckleer \u00e7a\u011f\u0131nda bu reakt\u00f6rleri \u00e7ok \u00f6nemli bir f\u0131rsat olarak g\u00f6rd\u00fcklerini kaydetti.<\/p>\n<p>Son haftalarda G\u00fcney Kore ve Kanada&#8217;ya ziyaretlerinde n\u00fckleer enerji meselesi ve bu alandaki i\u015fbirli\u011finin ana g\u00fcndemleri oldu\u011funa i\u015faret eden Bayraktar, &#8220;T\u00fcrkiye olarak \u015fu anda Akkuyu&#8217;da in\u015fa etti\u011fimiz 4 reakt\u00f6re ilave 8 b\u00fcy\u00fck \u00f6l\u00e7ekli reakt\u00f6r ilave etmeyi planl\u0131yoruz. 4&#8217;\u00fc Sinop&#8217;ta, 4&#8217;\u00fc Trakya&#8217;da olmak \u00fczere&#8221; dedi.<\/p>\n<p>Bayraktar, bu konuda farkl\u0131 \u00fclkelerle m\u00fczakerelerin devam etti\u011fini, Frans\u0131zlarla n\u00fckleer enerji alan\u0131nda i\u015fbirlikleri oldu\u011funu ve Akkuyu N\u00fckleer G\u00fc\u00e7 Santrali&#8217;nde Frans\u0131z \u015firketlerle ekipman tedari\u011fi ve santralin ba\u011f\u0131ms\u0131z denetimi konusunda \u00e7al\u0131\u015fmalar oldu\u011fundan bahsetti. T\u00fcrkiye&#8217;nin kendi gemileriyle Akdeniz&#8217;de ve Karadeniz&#8217;de kararl\u0131l\u0131kla petrol ve do\u011falgaz aramaya ba\u015flad\u0131\u011f\u0131n\u0131 ve bunu s\u00fcrd\u00fcrd\u00fc\u011f\u00fcn\u00fc hat\u0131rlatan Bayraktar, T\u00fcrkiye&#8217;nin enerji stratejisinde ortaya koydu\u011fu uzun d\u00f6nemli planlarda bir istikrar oldu\u011funun da alt\u0131n\u0131 \u00e7izdi.<\/p>\n<p>&nbsp;<\/p>\n<p>Zirve kapsam\u0131nda ikili g\u00f6r\u00fc\u015fmelerde bulundu\u011funu da aktaran Bayraktar, bunlardan en \u00f6nemlisini UAEA Ba\u015fkan\u0131 Grossi ile ger\u00e7ekle\u015ftirdi\u011fini s\u00f6yledi.<\/p>\n<p>Bayraktar, UAEA&#8217;n\u0131n T\u00fcrkiye&#8217;nin n\u00fckleer geli\u015fiminde \u00f6nemli rol oynad\u0131\u011f\u0131n\u0131 dile getirerek, Grossi\u2019nin daha \u00f6nce Akkuyu N\u00fckleer Santrali\u2019ne de geldi\u011fini hat\u0131rlatt\u0131.<\/p>\n<p>Bakan Bayraktar, &#8220;Bu y\u0131l Akkuyu\u2019da bizim i\u00e7in \u00e7ok \u00f6nemli bir y\u0131l. \u0130n\u015fallah ilk elektri\u011fe ili\u015fkin \u00e7al\u0131\u015fmalar\u0131m\u0131z yo\u011fun bir \u015fekilde devam ediyor. UAEA, n\u00fckleer alandaki standartlar\u0131 belirleyen ve bunlar\u0131n uygulanmas\u0131n\u0131 yak\u0131ndan takip eden \u00f6nemli bir kurum&#8221; ifadelerini kulland\u0131.<\/p>\n<div class=\"news-tags\"><\/div>\n","protected":false},"excerpt":{"rendered":"<p>Fransa&#8217;n\u0131n ba\u015fkenti Paris&#8217;in banliy\u00f6s\u00fc Boulogne-Billancourt kentinde d\u00fcn yakla\u015f\u0131k 40 \u00fclkenin kat\u0131l\u0131m\u0131yla N\u00fckleer Enerji Zirvesi d\u00fczenlendi. Bakan Bayraktar, kat\u0131ld\u0131\u011f\u0131 zirve kapsam\u0131nda, Uluslararas\u0131 Atom Enerjisi Ajans\u0131 (UAEA) Ba\u015fkan\u0131 Rafael Mariano Grossi, \u0130talya ve S\u0131rbistan&#8217;\u0131n yan\u0131 s\u0131ra farkl\u0131 \u00fclke temsilcileriyle ikili g\u00f6r\u00fc\u015fmelerde bulundu. Bayraktar, &#8220;T\u00fcrkiye&#8217;de \u015fu anda arzla alakal\u0131 bir s\u0131k\u0131nt\u0131 g\u00f6z\u00fckm\u00fcyor. Yani enerjimizi tedarik etmemizde bir s\u0131k\u0131nt\u0131 [&hellip;]<\/p>\n","protected":false},"author":2,"featured_media":127186,"comment_status":"open","ping_status":"open","sticky":false,"template":"","format":"standard","meta":{"footnotes":""},"categories":[7,3],"tags":[],"class_list":["post-127585","post","type-post","status-publish","format-standard","has-post-thumbnail","hentry","category-teknoloji","category-dunya"],"views":2838,"_links":{"self":[{"href":"https:\/\/mersingazetesi.com\/index.php\/wp-json\/wp\/v2\/posts\/127585","targetHints":{"allow":["GET"]}}],"collection":[{"href":"https:\/\/mersingazetesi.com\/index.php\/wp-json\/wp\/v2\/posts"}],"about":[{"href":"https:\/\/mersingazetesi.com\/index.php\/wp-json\/wp\/v2\/types\/post"}],"author":[{"embeddable":true,"href":"https:\/\/mersingazetesi.com\/index.php\/wp-json\/wp\/v2\/users\/2"}],"replies":[{"embeddable":true,"href":"https:\/\/mersingazetesi.com\/index.php\/wp-json\/wp\/v2\/comments?post=127585"}],"version-history":[{"count":1,"href":"https:\/\/mersingazetesi.com\/index.php\/wp-json\/wp\/v2\/posts\/127585\/revisions"}],"predecessor-version":[{"id":127586,"href":"https:\/\/mersingazetesi.com\/index.php\/wp-json\/wp\/v2\/posts\/127585\/revisions\/127586"}],"wp:featuredmedia":[{"embeddable":true,"href":"https:\/\/mersingazetesi.com\/index.php\/wp-json\/wp\/v2\/media\/127186"}],"wp:attachment":[{"href":"https:\/\/mersingazetesi.com\/index.php\/wp-json\/wp\/v2\/media?parent=127585"}],"wp:term":[{"taxonomy":"category","embeddable":true,"href":"https:\/\/mersingazetesi.com\/index.php\/wp-json\/wp\/v2\/categories?post=127585"},{"taxonomy":"post_tag","embeddable":true,"href":"https:\/\/mersingazetesi.com\/index.php\/wp-json\/wp\/v2\/tags?post=127585"}],"curies":[{"name":"wp","href":"https:\/\/api.w.org\/{rel}","templated":true}]}}