{"id":127576,"date":"2026-03-11T12:03:08","date_gmt":"2026-03-11T09:03:08","guid":{"rendered":"https:\/\/mersingazetesi.com\/?p=127576"},"modified":"2026-03-11T12:03:08","modified_gmt":"2026-03-11T09:03:08","slug":"kadin-mucadelesi-once-vatan-mucadelesidir","status":"publish","type":"post","link":"https:\/\/mersingazetesi.com\/index.php\/2026\/03\/11\/kadin-mucadelesi-once-vatan-mucadelesidir\/","title":{"rendered":"&#8216;Kad\u0131n m\u00fccadelesi &#8220;\u00f6nce vatan&#8221; m\u00fccadelesidir&#8217;"},"content":{"rendered":"<div>Cumhuriyet Kad\u0131nlar\u0131 Derne\u011fi 8 Mart D\u00fcnya Emek\u00e7i Kad\u0131nlar G\u00fcn\u00fc nedeniyle bas\u0131n a\u00e7\u0131klamas\u0131 ger\u00e7ekle\u015ftirdi.\u00a0Cumhuriyet Kad\u0131nlar\u0131 Derne\u011fi Mersin \u015eube Ba\u015fkan\u0131 Lerzan \u00d6zgen\u00e7\u00a08 Mart D\u00fcnya Emek\u00e7i Kad\u0131nlar G\u00fcn\u00fc&#8217;nde kad\u0131n emek\u00e7ilerinin dile getirdikleri ve maalesef de\u011fi\u015fmez hale gelmi\u015f talepleri oldu\u011funu s\u00f6yledi.<\/div>\n<div><\/div>\n<div>\u00d6zgen\u00e7, &#8220;Bunlar\u0131n ba\u015f\u0131nda &#8220;e\u015fit i\u015fe e\u015fit \u00fccret&#8221;; &#8220;\u00e7al\u0131\u015fma hayat\u0131nda f\u0131rsat e\u015fitli\u011fi&#8221;; &#8220;sendikala\u015fma hakk\u0131&#8221;; &#8220;kad\u0131n eme\u011finin g\u00f6r\u00fcn\u00fcr olmas\u0131&#8221; say\u0131labilir. Emek\u00e7i kad\u0131nlar\u0131m\u0131z hakl\u0131 taleplerinin pe\u015fine d\u00fc\u015fmekte sonuna kadar hakl\u0131d\u0131rlar.\u00a0Ancak biz bug\u00fcn ba\u015fka bir 8 Mart konu\u015faca\u011f\u0131z. Bug\u00fcn 8 Mart D\u00fcnya Emek\u00e7i Kad\u0131nlar G\u00fcn\u00fcn\u00fc, dostumuz \u0130ran&#8217;\u0131n emperyalizme ve siyonizme kar\u015f\u0131 verdi\u011fi onurlu sava\u015f\u0131n i\u00e7inden bakarak, emperyalizme kar\u015f\u0131 emek ve vatan m\u00fccadelesinin tek v\u00fccut olmas\u0131yla g\u00fcndeme getirece\u011fiz.\u00a0\u00c7a\u011f\u0131m\u0131zda emek\u00e7inin hak arama m\u00fccadelesi, k\u00fcresel s\u00f6m\u00fcr\u00fc d\u00fczenine kar\u015f\u0131 ba\u011f\u0131ms\u0131z mill\u00ee devletler cephesinde verilen m\u00fccadeledir. Emek\u00e7iyi ezen, emek\u00e7i kad\u0131n\u0131 iki kat ezen bu d\u00fczenin ad\u0131 emperyalist kapitalizmdir.\u00a0Kad\u0131n\u0131n tarihsel ezilmi\u015fli\u011fine kar\u015f\u0131 verdi\u011fi m\u00fccadele bundan ayr\u0131 de\u011fildir; mill\u00ee devletlerin emperyalizme kar\u015f\u0131 verdi\u011fi m\u00fccadelenin i\u00e7indedir. Kad\u0131n\u0131n kurtulu\u015fu, vatan\u0131n kurtulu\u015fuyla olacakt\u0131r. Kad\u0131n m\u00fccadelesi &#8220;\u00f6nce vatan&#8221; m\u00fccadelesidir!&#8221; dedi.<\/div>\n<div><\/div>\n<div><\/div>\n<div>&#8220;Bug\u00fcn \u0130ranl\u0131 kad\u0131nlar i\u00e7in, \u0130ran&#8217;\u0131n ba\u011f\u0131ms\u0131zl\u0131\u011f\u0131 i\u00e7in aya\u011fa kalkma ve sava\u015fma g\u00fcn\u00fcd\u00fcr&#8221;<\/div>\n<div>\n\u0130ran&#8217;\u0131n, emperyalist siyonist Amerika ve \u0130srail&#8217;in boyunduru\u011funa girmeyi kabul etmedi\u011fi i\u00e7in sald\u0131r\u0131ya u\u011frad\u0131\u011f\u0131n\u0131 belirten\u00a0\u00d6zgen\u00e7, &#8220;\u0130ran bu ahlaks\u0131z sald\u0131r\u0131ya kar\u015f\u0131 kahramanca ve kararl\u0131l\u0131kla sava\u015f\u0131yor. Rehberi Ayetullah Ali Hamaney&#8217;i \u015fehadete u\u011furlayarak sava\u015f\u0131yor. Kad\u0131n erkek sivil halk\u0131n\u0131 \u015fehit vererek, ilkokula giden k\u0131z \u00e7ocuklar\u0131n\u0131 beyaz kefenlere sararak sava\u015f\u0131yor.\u00a0Bug\u00fcn \u0130ranl\u0131 kad\u0131nlar i\u00e7in 8 Mart, \u0130ran&#8217;\u0131n ba\u011f\u0131ms\u0131zl\u0131\u011f\u0131 i\u00e7in aya\u011fa kalkma ve sava\u015fma g\u00fcn\u00fcd\u00fcr. Y\u0131llard\u0131r emperyalizme direnen \u0130ran&#8217;da kad\u0131nlar, &#8220;ba\u011f\u0131ms\u0131z vatan\u0131n yoksa pe\u015finde ko\u015faca\u011f\u0131n haklar\u0131n da yok&#8221; bilincinin temsilcisidir.\u00a0\u0130nsanl\u0131\u011fa 200 y\u0131ld\u0131r k\u00f6k s\u00f6kt\u00fcren k\u00fcresel emperyalist kapitalist sistem, art\u0131k \u00e7\u00f6kmektedir. Sistem; bankalar\u0131yla, borsalar\u0131yla, meclisleriyle, kendi yaratt\u0131\u011f\u0131 s\u00f6zde d\u00fczen ve hukuk sa\u011flay\u0131c\u0131s\u0131 uluslararas\u0131 kurumlar\u0131yla \u00e7\u00f6k\u00fcyor. Kendine tabi k\u0131lamad\u0131\u011f\u0131 devletlere kar\u015f\u0131 giri\u015ftikleri haydutluk, biraz daha ayakta kalmak i\u00e7in ba\u015fvurdu\u011fu g\u00fc\u00e7 g\u00f6sterisidir. Emperyalist kapitalist sistem mill\u00ee devletlerin \u015fahlan\u0131\u015f\u0131yla tarih olmaya do\u011fru s\u00fcr\u00fcklenirken; Asya&#8217;dan, insan\u0131 merkeze alan, s\u00f6m\u00fcr\u00fcy\u00fc ortadan kald\u0131ran, bar\u0131\u015f\u00e7\u0131l, yeni bir uygarl\u0131k tarih sahnesine \u00e7\u0131k\u0131yor. Emperyalizme kar\u015f\u0131 devletini savunan Bat\u0131 Asyal\u0131, Afrikal\u0131, Latin Amerikal\u0131 kad\u0131nlar, insanl\u0131k cephesinde saf tutarak kad\u0131n m\u00fccadelesini doruklara ta\u015f\u0131yor.&#8221; \u015feklinde konu\u015ftu.<\/div>\n<div><\/div>\n<div>&#8220;\u0130ran&#8217;\u0131n zaferi T\u00fcrkiye&#8217;nin de zaferi olacakt\u0131r&#8221;<\/div>\n<div><\/div>\n<div>\u00d6zgen\u00e7 \u015f\u00f6yle devam etti;<\/div>\n<div>&#8220;Bizim emek\u00e7i kad\u0131nlar\u0131m\u0131z da ayaklar\u0131 bu topraklara basan vatansever kad\u0131nlard\u0131r. Onlar\u0131n; \u00f6zelle\u015ftirmeye kar\u015f\u0131 \u00e7\u0131karak, \u00fcretim devrimini savunarak, vatan\u0131m\u0131z\u0131 b\u00f6ld\u00fcrmeyiz diyerek verdikleri hak arama m\u00fccadelesi, emperyalist hegemonyaya kar\u015f\u0131 verdi\u011fimiz m\u00fccadeleyle birle\u015fiyor. Cumhuriyet Kad\u0131nlar\u0131 Derne\u011fi&#8217;nin y\u00fcr\u00fctt\u00fc\u011f\u00fc Mill\u00ee Kad\u0131n Hareketinin amac\u0131 da vatansever kad\u0131nlar\u0131m\u0131z\u0131, \u00fclkemizin ba\u011f\u0131ms\u0131z ve ayd\u0131nl\u0131k gelece\u011fi i\u00e7in \u00fcreticilerin mill\u00ee iktidar\u0131 ve \u00fcretim devrimi \u00e7\u00f6z\u00fcm\u00fcnde birle\u015ftirmektir.\u00a0ABD ve \u0130srail&#8217;in, g\u00f6z\u00fc d\u00f6nm\u00fc\u015fl\u00fckle hedefe koydu\u011fu \u00fclke T\u00fcrkiye&#8217;dir. Bu nedenle \u0130ran devletinin verdi\u011fi sava\u015f, emperyalizme kar\u015f\u0131 bizim de sava\u015f\u0131m\u0131zd\u0131r, t\u00fcm insanl\u0131\u011f\u0131n sava\u015f\u0131d\u0131r. \u0130ran zafere ko\u015fuyor! \u0130ran&#8217;\u0131n zaferi T\u00fcrkiye&#8217;nin de zaferi olacakt\u0131r. \u0130ranl\u0131 kad\u0131nlarla zaferi kutlayaca\u011f\u0131m\u0131z g\u00fcnler yak\u0131nd\u0131r.&#8221;<\/div>\n","protected":false},"excerpt":{"rendered":"<p>Cumhuriyet Kad\u0131nlar\u0131 Derne\u011fi 8 Mart D\u00fcnya Emek\u00e7i Kad\u0131nlar G\u00fcn\u00fc nedeniyle bas\u0131n a\u00e7\u0131klamas\u0131 ger\u00e7ekle\u015ftirdi.\u00a0Cumhuriyet Kad\u0131nlar\u0131 Derne\u011fi Mersin \u015eube Ba\u015fkan\u0131 Lerzan \u00d6zgen\u00e7\u00a08 Mart D\u00fcnya Emek\u00e7i Kad\u0131nlar G\u00fcn\u00fc&#8217;nde kad\u0131n emek\u00e7ilerinin dile getirdikleri ve maalesef de\u011fi\u015fmez hale gelmi\u015f talepleri oldu\u011funu s\u00f6yledi. \u00d6zgen\u00e7, &#8220;Bunlar\u0131n ba\u015f\u0131nda &#8220;e\u015fit i\u015fe e\u015fit \u00fccret&#8221;; &#8220;\u00e7al\u0131\u015fma hayat\u0131nda f\u0131rsat e\u015fitli\u011fi&#8221;; &#8220;sendikala\u015fma hakk\u0131&#8221;; &#8220;kad\u0131n eme\u011finin g\u00f6r\u00fcn\u00fcr olmas\u0131&#8221; say\u0131labilir. [&hellip;]<\/p>\n","protected":false},"author":2,"featured_media":127577,"comment_status":"open","ping_status":"open","sticky":false,"template":"","format":"standard","meta":{"footnotes":""},"categories":[2,8],"tags":[],"class_list":["post-127576","post","type-post","status-publish","format-standard","has-post-thumbnail","hentry","category-kadin","category-mersin"],"views":3021,"_links":{"self":[{"href":"https:\/\/mersingazetesi.com\/index.php\/wp-json\/wp\/v2\/posts\/127576","targetHints":{"allow":["GET"]}}],"collection":[{"href":"https:\/\/mersingazetesi.com\/index.php\/wp-json\/wp\/v2\/posts"}],"about":[{"href":"https:\/\/mersingazetesi.com\/index.php\/wp-json\/wp\/v2\/types\/post"}],"author":[{"embeddable":true,"href":"https:\/\/mersingazetesi.com\/index.php\/wp-json\/wp\/v2\/users\/2"}],"replies":[{"embeddable":true,"href":"https:\/\/mersingazetesi.com\/index.php\/wp-json\/wp\/v2\/comments?post=127576"}],"version-history":[{"count":1,"href":"https:\/\/mersingazetesi.com\/index.php\/wp-json\/wp\/v2\/posts\/127576\/revisions"}],"predecessor-version":[{"id":127578,"href":"https:\/\/mersingazetesi.com\/index.php\/wp-json\/wp\/v2\/posts\/127576\/revisions\/127578"}],"wp:featuredmedia":[{"embeddable":true,"href":"https:\/\/mersingazetesi.com\/index.php\/wp-json\/wp\/v2\/media\/127577"}],"wp:attachment":[{"href":"https:\/\/mersingazetesi.com\/index.php\/wp-json\/wp\/v2\/media?parent=127576"}],"wp:term":[{"taxonomy":"category","embeddable":true,"href":"https:\/\/mersingazetesi.com\/index.php\/wp-json\/wp\/v2\/categories?post=127576"},{"taxonomy":"post_tag","embeddable":true,"href":"https:\/\/mersingazetesi.com\/index.php\/wp-json\/wp\/v2\/tags?post=127576"}],"curies":[{"name":"wp","href":"https:\/\/api.w.org\/{rel}","templated":true}]}}