{"id":127550,"date":"2026-03-11T09:44:32","date_gmt":"2026-03-11T06:44:32","guid":{"rendered":"https:\/\/mersingazetesi.com\/?p=127550"},"modified":"2026-03-11T10:22:01","modified_gmt":"2026-03-11T07:22:01","slug":"mersinde-yine-kadin-cinayeti","status":"publish","type":"post","link":"https:\/\/mersingazetesi.com\/index.php\/2026\/03\/11\/mersinde-yine-kadin-cinayeti\/","title":{"rendered":"Mersin\u2019de yine kad\u0131n cinayeti"},"content":{"rendered":"<p style=\"font-weight: 400;\"><strong class=\"searchword\">Mersin<\/strong>&#8216;de kocas\u0131 taraf\u0131ndan b\u0131\u00e7aklanan 2 \u00e7ocuk annesi 27 ya\u015f\u0131ndaki Song\u00fcl A. hayat\u0131n\u0131 kaybetti.<br \/>\nOlay, d\u00fcn \u00f6\u011fle saatlerinde merkez Toroslar Mahallesi&#8217;ndeki bir evde meydana geldi. \u0130ddiaya g\u00f6re, 2 \u00e7ocuk annesi Song\u00fcl A., hen\u00fcz bilinmeyen nedenle e\u015fi S.A. taraf\u0131ndan b\u0131\u00e7akla v\u00fccudunun \u00e7e\u015fitli yerlerinden yaraland\u0131. Olaydan sonra \u015f\u00fcpheli koca ka\u00e7arken, hastaneye kald\u0131r\u0131lan kad\u0131n t\u00fcm m\u00fcdahalelere ra\u011fmen kurtar\u0131lamayarak hayat\u0131n\u0131 kaybetti. Polis, yaralama ve h\u0131rs\u0131zl\u0131k gibi su\u00e7lardan kayd\u0131 oldu\u011fu \u00f6\u011frenilen \u015f\u00fcphelinin yakalanmas\u0131 i\u00e7in \u00e7al\u0131\u015fma ba\u015flatt\u0131.<\/p>\n<p>&nbsp;<\/p>\n<p style=\"font-weight: 400;\">Olayla ilgili Mimoza Kad\u0131n Derne\u011fi ise sosyal medya hesaplar\u0131 \u00fczerinden a\u00e7\u0131klama yaparak tepki g\u00f6sterdi.\u00a0\u00a0Yap\u0131lan a\u00e7\u0131klamada, &#8220;Song\u00fcl A. i\u00e7in adalet sa\u011flanana kadar s\u00fcrecin takip\u00e7isi olaca\u011f\u0131z ve hesab\u0131n\u0131 soraca\u011f\u0131z. Erkekler her g\u00fcn, her yerde; evde, i\u015fte, sokakta kad\u0131nlar\u0131 tehdit ediyor, katlediyor. Patriyarkaya, \u0131rk\u00e7\u0131l\u0131\u011fa, cinsiyet\u00e7i yarg\u0131ya ve cezas\u0131zl\u0131k politikas\u0131na kar\u015f\u0131 m\u00fccadele etmekten vazge\u00e7meyece\u011fiz! Kad\u0131nlar\u0131n ya\u015fam hakk\u0131n\u0131 elinden alan erkek \u015fiddeti tesad\u00fcf de\u011fil! Katledilen kad\u0131nlar\u0131n hesab\u0131n\u0131 soraca\u011f\u0131z&#8221; denildi.<\/p>\n","protected":false},"excerpt":{"rendered":"<p>Mersin\u2019in Akdeniz il\u00e7esinde Song\u00fcl A., \u015fiddet g\u00f6rd\u00fc\u011f\u00fc i\u00e7in bo\u015fanma a\u015famas\u0131nda oldu\u011fu Selami A. taraf\u0131ndan \u00e7ocuklar\u0131n\u0131 g\u00f6rmeye gitti\u011fi evde katledildi.<\/p>\n","protected":false},"author":2,"featured_media":127551,"comment_status":"open","ping_status":"open","sticky":false,"template":"","format":"standard","meta":{"footnotes":""},"categories":[2],"tags":[],"class_list":["post-127550","post","type-post","status-publish","format-standard","has-post-thumbnail","hentry","category-kadin"],"views":2495,"_links":{"self":[{"href":"https:\/\/mersingazetesi.com\/index.php\/wp-json\/wp\/v2\/posts\/127550","targetHints":{"allow":["GET"]}}],"collection":[{"href":"https:\/\/mersingazetesi.com\/index.php\/wp-json\/wp\/v2\/posts"}],"about":[{"href":"https:\/\/mersingazetesi.com\/index.php\/wp-json\/wp\/v2\/types\/post"}],"author":[{"embeddable":true,"href":"https:\/\/mersingazetesi.com\/index.php\/wp-json\/wp\/v2\/users\/2"}],"replies":[{"embeddable":true,"href":"https:\/\/mersingazetesi.com\/index.php\/wp-json\/wp\/v2\/comments?post=127550"}],"version-history":[{"count":5,"href":"https:\/\/mersingazetesi.com\/index.php\/wp-json\/wp\/v2\/posts\/127550\/revisions"}],"predecessor-version":[{"id":127556,"href":"https:\/\/mersingazetesi.com\/index.php\/wp-json\/wp\/v2\/posts\/127550\/revisions\/127556"}],"wp:featuredmedia":[{"embeddable":true,"href":"https:\/\/mersingazetesi.com\/index.php\/wp-json\/wp\/v2\/media\/127551"}],"wp:attachment":[{"href":"https:\/\/mersingazetesi.com\/index.php\/wp-json\/wp\/v2\/media?parent=127550"}],"wp:term":[{"taxonomy":"category","embeddable":true,"href":"https:\/\/mersingazetesi.com\/index.php\/wp-json\/wp\/v2\/categories?post=127550"},{"taxonomy":"post_tag","embeddable":true,"href":"https:\/\/mersingazetesi.com\/index.php\/wp-json\/wp\/v2\/tags?post=127550"}],"curies":[{"name":"wp","href":"https:\/\/api.w.org\/{rel}","templated":true}]}}