{"id":127547,"date":"2026-03-11T09:29:31","date_gmt":"2026-03-11T06:29:31","guid":{"rendered":"https:\/\/mersingazetesi.com\/?p=127547"},"modified":"2026-03-11T09:29:31","modified_gmt":"2026-03-11T06:29:31","slug":"insanlik-tarihinin-kara-lekesi-olarak-kabul-edilen-hocali-katliami-hakkinda-bilgi-verir-misiniz","status":"publish","type":"post","link":"https:\/\/mersingazetesi.com\/index.php\/2026\/03\/11\/insanlik-tarihinin-kara-lekesi-olarak-kabul-edilen-hocali-katliami-hakkinda-bilgi-verir-misiniz\/","title":{"rendered":"\u0130NSANLIK TAR\u0130H\u0130N\u0130N KARA LEKES\u0130 OLARAK KABUL ED\u0130LEN HOCALI KATL\u0130AMI HAKKINDA B\u0130LG\u0130 VER\u0130R M\u0130S\u0130N\u0130Z?"},"content":{"rendered":"<div class=\"gs\">\n<div class=\"\">\n<div id=\":p9\" class=\"ii gt\">\n<div id=\":pb\" class=\"a3s aiL\">\n<div id=\"avWBGd-66\">\n<div dir=\"ltr\">\n<div dir=\"auto\">\u0130nternet mail adresime gelen sorular\u0131n bir k\u0131sm\u0131 Ermeni katliamlar\u0131 ile ilgili\u2026<\/div>\n<div dir=\"auto\">\u0130stanbul Kad\u0131k\u00f6y\u2019den say\u0131n S\u00fcleyman BAHAR \u2018\u0131n sorusu da Azerbaycan Hocal\u0131&#8217;da yap\u0131lan Ermeni katliam\u0131 ile ilgili\u2026<\/div>\n<div dir=\"auto\">SORU:<\/div>\n<div dir=\"auto\">\u2018\u2019 \u2026Osmanl\u0131 \u0130mparatorlu\u011funun duraklad\u0131\u011f\u0131 ve ini\u015fe ge\u00e7ti\u011fi d\u00f6nemde, millet sistemi i\u00e7inde yer alan Ermenilerin i\u00e7inde ayr\u0131l\u0131k\u00e7\u0131 ve militan bir grubun, 1800\u2019lerin sonlar\u0131ndan itibaren Anadolu&#8217;da pek \u00e7ok ayaklanma ba\u015flat\u0131p kanl\u0131 sald\u0131r\u0131lar d\u00fczenledi\u011fini biliyoruz.<\/div>\n<div dir=\"auto\">21 Temmuz 1905\u2019te II. Abd\u00fclhamit\u2019e kar\u015f\u0131 Ta\u015fnak unsurlar taraf\u0131ndan yap\u0131lan ba\u015far\u0131s\u0131z olan suikast giri\u015fimini de biliyoruz.<\/div>\n<div dir=\"auto\">Benim sorum Ermenilerin Azerbaycanda yapt\u0131klar\u0131 Hocal\u0131 katliam\u0131 ile ilgili\u2026<\/div>\n<div dir=\"auto\">Yakla\u015f\u0131k 15-20 g\u00fcnd\u00fcr baz\u0131 k\u00f6\u015fe yazarlar\u0131m\u0131z Ermenilerin Hocal\u0131&#8217;da yapt\u0131\u011f\u0131 katliam ile ilgili makaleler yaz\u0131yor.<\/div>\n<div dir=\"auto\">Hocal\u0131 katliam\u0131 nedir? Bu olay\u0131 anlat\u0131r m\u0131s\u0131n\u0131z? \u2018\u2019<\/div>\n<div dir=\"auto\">CEVAP:<\/div>\n<div dir=\"auto\">Bundan yakla\u015f\u0131k 15 g\u00fcn \u00f6nce Gazetelerin 27 \u015eubat 2026 tarihli n\u00fcshalar\u0131nda: \u2018\u2019 \u0130nsanl\u0131k Tarihinin Kara Lekesi: Hocal\u0131 Katliam\u0131 \u2018\u2019 ba\u015fl\u0131kl\u0131 haberler yay\u0131nlanm\u0131\u015ft\u0131.<\/div>\n<div dir=\"auto\">Haberlerde: 34 y\u0131l \u00f6nce Da\u011fl\u0131k Karaba\u011f b\u00f6lgesindeki Hocal\u0131 kasabas\u0131nda Ermeni kuvvetlerinin yapt\u0131\u011f\u0131 katliam\u0131n ac\u0131s\u0131n\u0131n ilk g\u00fcnk\u00fc gibi tazeli\u011fini korudu\u011fu belirtiliyordu.<\/div>\n<div dir=\"auto\">936 kilometrekarelik alana sahip Hocal\u0131, konumu itibariyle Azerbaycan Da\u011fl\u0131k Karaba\u011f\u2019\u0131n en \u00f6nemli noktalar\u0131ndan biridir.<\/div>\n<div dir=\"auto\">2 bin 605 hanenin bulundu\u011fu Hocal\u0131 yakla\u015f\u0131k 7 bin ki\u015finin ya\u015fad\u0131\u011f\u0131 bir kasabayd\u0131.<\/div>\n<div dir=\"auto\">Evet\u2026 Gazetelerde belirtildi\u011fi \u015fekliyle 34 y\u0131l \u00f6nceydi. Takvimler 26 \u015eubat 1992\u2019yi g\u00f6steriyordu.<\/div>\n<div dir=\"auto\">D\u00fcnya, insanl\u0131k tarihinin en korkun\u00e7 katliamlar\u0131ndan birinde uyanm\u0131\u015ft\u0131.<\/div>\n<div dir=\"auto\">Tarihe kara bir leke olarak ge\u00e7en katliam, Azerbaycan&#8217;\u0131n Da\u011fl\u0131k Karaba\u011f b\u00f6lgesindeki Hocal\u0131 kasabas\u0131nda meydana gelmi\u015fti.<\/div>\n<div dir=\"auto\">Ermeni kuvvetleri kad\u0131n, erkek, \u00e7ocuk ayr\u0131m\u0131 yapmaks\u0131z\u0131n \u00f6n\u00fcne geleni katletmi\u015fti.<\/div>\n<div dir=\"auto\">Hocal\u0131 Katliam\u0131\u2019na giden olaylar zinciri, 1980\u2019li y\u0131llar\u0131n ikinci yar\u0131s\u0131nda SSCB\u2019nin da\u011f\u0131lma s\u00fcrecine girmesiyle birlikte ba\u015flam\u0131\u015ft\u0131.<\/div>\n<div dir=\"auto\">Ermenistan, Azerbaycan&#8217;a ait olan Karaba\u011f b\u00f6lgesinin da\u011fl\u0131k k\u0131sm\u0131nda hak iddia ediyordu.<\/div>\n<div dir=\"auto\">B\u00f6lge Azerbaycan\u2019a aitti.<\/div>\n<div dir=\"auto\">Da\u011fl\u0131k Karaba\u011f b\u00f6lgesindeki Ermenilerin 1988 y\u0131l\u0131nda Azerbaycan\u2019dan ayr\u0131l\u0131p Ermenistan\u2019a kat\u0131lmak istemesiyle iyice y\u00fckselmi\u015fti.<\/div>\n<div dir=\"auto\">Da\u011fl\u0131k Karaba\u011f Meclisi, Ermenistan\u2019a ba\u011fland\u0131\u011f\u0131n\u0131 ilan etmi\u015f, Azerbaycan da Da\u011fl\u0131k Karaba\u011f B\u00f6lgesi\u2019nin \u00f6zerk stat\u00fcs\u00fcn\u00fc kald\u0131r\u0131p kendine ba\u011flam\u0131\u015ft\u0131.<\/div>\n<div dir=\"auto\">T\u00fcm bu geli\u015fmeler \u00fczerine Karaba\u011f \u00f6zerk y\u00f6netimi ba\u011f\u0131ms\u0131zl\u0131k referandumu yapma karar\u0131 alm\u0131\u015ft\u0131.<\/div>\n<div dir=\"auto\">Azerbaycanl\u0131lar\u0131n kat\u0131lmad\u0131\u011f\u0131 referandumla \u201cDa\u011fl\u0131k Karaba\u011f Cumhuriyeti\u201d ilan edilmi\u015fti.<\/div>\n<div dir=\"auto\">Ermenistan ve Azerbaycan aras\u0131nda \u00e7at\u0131\u015fma ka\u00e7\u0131n\u0131lmaz hale gelmi\u015fti. Ermeni kuvvetleri, Da\u011fl\u0131k Karaba\u011f b\u00f6lgesini i\u015fgal etmi\u015fti.<\/div>\n<div dir=\"auto\">\u00c7at\u0131\u015fmalardan dolay\u0131 n\u00fcfus 3 bine kadar d\u00fc\u015fm\u00fc\u015ft\u00fc. B\u00f6lgedeki tek havaalan\u0131n\u0131n burada olmas\u0131 nedeniyle stratejik \u00f6neme sahipti.<\/div>\n<div dir=\"auto\">Ermeni kuvvetleri, 1991\u2019in son g\u00fcnlerinde harekete ge\u00e7mi\u015fti. Hocal\u0131\u2019ya \u00e7\u0131kan yollar\u0131 ve civardaki k\u00f6yleri ele ge\u00e7irmi\u015flerdi.<\/div>\n<div dir=\"auto\">25 \u015eubat 1992 ak\u015fam\u0131 Ermeni kuvvetleri sald\u0131r\u0131ya ba\u015flam\u0131\u015ft\u0131.<\/div>\n<div dir=\"auto\">26 \u015eubat sabah\u0131na kadar s\u00fcren katliam, 613 ki\u015finin can\u0131na malolmu\u015ftu.<\/div>\n<div dir=\"auto\">Ermeni askerlerinin gece karanl\u0131\u011f\u0131nda yapt\u0131\u011f\u0131 katliam, 26 \u015eubat&#8217;t\u0131n ilk \u0131\u015f\u0131klar\u0131yla insanl\u0131k tarihine kara bir leke olarak yaz\u0131lm\u0131\u015ft\u0131.<\/div>\n<div dir=\"auto\">Sivillerin toplu \u015fekilde \u00f6ld\u00fcr\u00fclmesi ve hunharca eylemler, tarihe kanl\u0131 harflerle yaz\u0131ld\u0131.<\/div>\n<div dir=\"auto\">Katledilenlerin adli t\u0131p muayeneleri ve \u015fahit ifadeleri, Hocal\u0131 sakinlerinin kafa derilerinin soyulmas\u0131, kurak, burun, cinsel organlar\u0131n\u0131n kesilmesi, g\u00f6zlerinin \u00e7\u0131kart\u0131lmas\u0131 gibi kad\u0131n, ya\u015fl\u0131 ve \u00e7ocuk ayr\u0131m\u0131 yap\u0131lmaks\u0131z\u0131n ak\u0131l almaz i\u015fkencelere maruz kald\u0131\u011f\u0131n\u0131 a\u00e7\u0131k\u00e7a kan\u0131tl\u0131yordu.<\/div>\n<div dir=\"auto\">Katliam\u0131n kurbanlar\u0131 aras\u0131nda boynu vurularak, yak\u0131larak katledilenlerin yan\u0131 s\u0131ra karn\u0131 s\u00fcng\u00fclenen hamile kad\u0131nlar da vard\u0131. O d\u00f6nemde \u00e7ekilen g\u00f6r\u00fcnt\u00fcler ve foto\u011fraflar, katliam\u0131n b\u00fcy\u00fckl\u00fc\u011f\u00fcn\u00fc ortaya koyuyor.<\/div>\n<div dir=\"auto\">\u00d6ld\u00fcr\u00fclenlerden 63\u2019\u00fc \u00e7ocuk, 106\u2019s\u0131 kad\u0131n, 70\u2019i ya\u015fl\u0131yd\u0131. 487 ki\u015fi a\u011f\u0131r yaral\u0131 olarak kurtulmu\u015ftu. 1275 ki\u015fi ise, Ermeni g\u00fc\u00e7lerin elinde esirdi. Esir al\u0131nan 68&#8217;i kad\u0131n, 26&#8217;s\u0131 \u00e7ocuk 150 ki\u015fiden hi\u00e7 haber al\u0131namam\u0131\u015ft\u0131.<\/div>\n<div dir=\"auto\">Katliamda 8 aile tamamen yok edilmi\u015fti, 25 \u00e7ocuk anne babas\u0131n\u0131, 130 \u00e7ocuk ise anne babasan birini kaybetmi\u015fti.<\/div>\n<div dir=\"auto\">\u0130nsanl\u0131k tarihinin en ac\u0131mas\u0131z katliamlar\u0131ndan biri olarak tarihe ge\u00e7en Hocal\u0131 Katliam\u0131 sonras\u0131 Azerbaycan Cumhurba\u015fkan\u0131 Ayaz Muttalibov g\u00f6revini b\u0131rakm\u0131\u015ft\u0131.<\/div>\n<div dir=\"auto\">Azerbaycan Parlamentosu Hocal\u0131\u2019da ya\u015fananlar\u0131n \u201csoyk\u0131r\u0131m\u201d oldu\u011funu ilan etmi\u015fti.<\/div>\n<div dir=\"auto\">Ermenistan ve Azerbaycan aras\u0131ndaki sava\u015f ise 1994 y\u0131l\u0131na kadar s\u00fcrm\u00fc\u015ft\u00fc. \u0130ki taraf aras\u0131nda yap\u0131lan bar\u0131\u015f g\u00f6r\u00fc\u015fmeleri sonu\u00e7suz kalm\u0131\u015ft\u0131.<\/div>\n<div dir=\"auto\">Azerbaycan-Ermenistan s\u0131n\u0131r\u0131nda 14 Temmuz&#8217;da 2020&#8217;de \u00e7\u0131kan \u00e7at\u0131\u015fmalarda, Azerbaycan ordusundan biri t\u00fcmgeneral olmak \u00fczere 7 askerin \u015fehit olmas\u0131, Da\u011fl\u0131k Karaba\u011f&#8217;\u0131n i\u015fgalden kurtar\u0131lmas\u0131na giden sava\u015f\u0131n fitilini ate\u015fleyen bir geli\u015fme olmu\u015ftu.<\/div>\n<div dir=\"auto\">Azerbaycan ordusu, 27 Eyl\u00fcl&#8217;de Ermeni g\u00fc\u00e7lerinin Da\u011fl\u0131k Karaba\u011f yak\u0131nlar\u0131nda sivil yerle\u015fimlere ate\u015f a\u00e7mas\u0131 \u00fczerine topraklar\u0131n\u0131 i\u015fgalden kurtarmak \u00fczere kar\u015f\u0131 sald\u0131r\u0131 ba\u015flatm\u0131\u015ft\u0131.<\/div>\n<div dir=\"auto\">\u0130\u015fgal alt\u0131ndaki topraklar Azerbaycan ordusu taraf\u0131ndan bir bir kurtar\u0131lm\u0131\u015ft\u0131. Toplamda 5 \u015fehir, 4 kasaba, 287 k\u00f6yde yeniden Azerbaycan bayra\u011f\u0131 dalgalanmaya ba\u015flam\u0131\u015ft\u0131.<\/div>\n<div dir=\"auto\">44 g\u00fcn s\u00fcren \u00e7at\u0131\u015fmalar boyunca Ermenistan ordusunun sald\u0131r\u0131lar\u0131nda 100 sivil hayat\u0131n\u0131 kaybetmi\u015f 416 sivil yaralanm\u0131\u015ft\u0131.<\/div>\n<div dir=\"auto\">Hocal\u0131&#8217;da ya\u015fananlar, 1949 Cenevre S\u00f6zle\u015fmelerinin, Birle\u015fmi\u015f Milletlerin Soyk\u0131r\u0131m Su\u00e7unun \u00d6nlenmesi ve Cezaland\u0131r\u0131lmas\u0131 S\u00f6zle\u015fmesi, Sivil ve Siyasi Haklar S\u00f6zle\u015fmesi, \u0130\u015fkence ve Di\u011fer Zalimane, \u0130nsanl\u0131k D\u0131\u015f\u0131 veya Onur K\u0131r\u0131c\u0131 Muamele veya Cezaya Kar\u015f\u0131 S\u00f6zle\u015fme, \u00c7ocuk Haklar\u0131 S\u00f6zle\u015fmesi gibi \u00e7ok say\u0131da s\u00f6zle\u015fmenin ciddi ihlali anlam\u0131na geliyordu.<\/div>\n<div dir=\"auto\">Avrupa \u0130nsan Haklar\u0131 Mahkemesinin 22 Nisan 2010 tarihli karar\u0131nda Hocal\u0131&#8217;da ya\u015fananlar, sava\u015f su\u00e7lar\u0131 veya insanl\u0131k aleyhine su\u00e7larla e\u015f de\u011fer eylemler olarak g\u00f6r\u00fclm\u00fc\u015ft\u00fc.<\/div>\n<div dir=\"auto\">Bug\u00fcne kadar 18 \u00fclkenin parlamentosu ve ABD&#8217;nin 24 eyaletinin meclisi, Hocal\u0131&#8217;da ya\u015fananlar\u0131 k\u0131nayan ve soyk\u0131r\u0131m olarak g\u00f6ren kararlar\u0131 kabul etmi\u015ftir.<\/div>\n<div dir=\"auto\">Hocal\u0131 \u015fehitlerine Allahtan rahmet diliyoruz.<\/div>\n<div dir=\"auto\">Ho\u015f\u00e7a kal\u0131n\u0131z.<\/div>\n<div dir=\"auto\">Sorular\u0131n\u0131z i\u00e7in (\u00a0<a href=\"mailto:gazimert333@gmail.com\" target=\"_blank\" rel=\"noopener\">gazimert333@gmail.com<\/a>\u00a0)<\/div>\n<\/div>\n<div class=\"yj6qo\"><\/div>\n<div class=\"adL\"><\/div>\n<\/div>\n<\/div>\n<\/div>\n<div id=\"avWBGd-67\" class=\"WhmR8e\" data-hash=\"0\"><\/div>\n<\/div>\n<\/div>\n","protected":false},"excerpt":{"rendered":"<p>\u0130nternet mail adresime gelen sorular\u0131n bir k\u0131sm\u0131 Ermeni katliamlar\u0131 ile ilgili\u2026 \u0130stanbul Kad\u0131k\u00f6y\u2019den say\u0131n S\u00fcleyman BAHAR \u2018\u0131n sorusu da Azerbaycan Hocal\u0131&#8217;da yap\u0131lan Ermeni katliam\u0131 ile ilgili\u2026 SORU: \u2018\u2019 \u2026Osmanl\u0131 \u0130mparatorlu\u011funun duraklad\u0131\u011f\u0131 ve ini\u015fe ge\u00e7ti\u011fi d\u00f6nemde, millet sistemi i\u00e7inde yer alan Ermenilerin i\u00e7inde ayr\u0131l\u0131k\u00e7\u0131 ve militan bir grubun, 1800\u2019lerin sonlar\u0131ndan itibaren Anadolu&#8217;da pek \u00e7ok ayaklanma ba\u015flat\u0131p [&hellip;]<\/p>\n","protected":false},"author":11,"featured_media":126869,"comment_status":"open","ping_status":"open","sticky":false,"template":"","format":"standard","meta":{"footnotes":""},"categories":[21],"tags":[],"class_list":["post-127547","post","type-post","status-publish","format-standard","has-post-thumbnail","hentry","category-gazi-mert"],"views":377,"_links":{"self":[{"href":"https:\/\/mersingazetesi.com\/index.php\/wp-json\/wp\/v2\/posts\/127547","targetHints":{"allow":["GET"]}}],"collection":[{"href":"https:\/\/mersingazetesi.com\/index.php\/wp-json\/wp\/v2\/posts"}],"about":[{"href":"https:\/\/mersingazetesi.com\/index.php\/wp-json\/wp\/v2\/types\/post"}],"author":[{"embeddable":true,"href":"https:\/\/mersingazetesi.com\/index.php\/wp-json\/wp\/v2\/users\/11"}],"replies":[{"embeddable":true,"href":"https:\/\/mersingazetesi.com\/index.php\/wp-json\/wp\/v2\/comments?post=127547"}],"version-history":[{"count":1,"href":"https:\/\/mersingazetesi.com\/index.php\/wp-json\/wp\/v2\/posts\/127547\/revisions"}],"predecessor-version":[{"id":127548,"href":"https:\/\/mersingazetesi.com\/index.php\/wp-json\/wp\/v2\/posts\/127547\/revisions\/127548"}],"wp:featuredmedia":[{"embeddable":true,"href":"https:\/\/mersingazetesi.com\/index.php\/wp-json\/wp\/v2\/media\/126869"}],"wp:attachment":[{"href":"https:\/\/mersingazetesi.com\/index.php\/wp-json\/wp\/v2\/media?parent=127547"}],"wp:term":[{"taxonomy":"category","embeddable":true,"href":"https:\/\/mersingazetesi.com\/index.php\/wp-json\/wp\/v2\/categories?post=127547"},{"taxonomy":"post_tag","embeddable":true,"href":"https:\/\/mersingazetesi.com\/index.php\/wp-json\/wp\/v2\/tags?post=127547"}],"curies":[{"name":"wp","href":"https:\/\/api.w.org\/{rel}","templated":true}]}}