{"id":127520,"date":"2026-03-11T09:13:34","date_gmt":"2026-03-11T06:13:34","guid":{"rendered":"https:\/\/mersingazetesi.com\/?p=127520"},"modified":"2026-03-11T09:13:34","modified_gmt":"2026-03-11T06:13:34","slug":"kadin-siginmaevi-sayisi-artmak-yerine-azaliyor","status":"publish","type":"post","link":"https:\/\/mersingazetesi.com\/index.php\/2026\/03\/11\/kadin-siginmaevi-sayisi-artmak-yerine-azaliyor\/","title":{"rendered":"KADIN SI\u011eINMAEV\u0130 SAYISI ARTMAK YER\u0130NE AZALIYOR!"},"content":{"rendered":"<p class=\"v1MsoNormal\">CHP Adana Milletvekili ve TBMM Ba\u015fkanl\u0131k Divan\u0131 \u00dcyesi Dr. M\u00fczeyyen \u015eevkin, Aile ve Sosyal Hizmetler Bakan\u0131&#8217;n\u0131n kad\u0131n s\u0131\u011f\u0131nmaevlerinin yaln\u0131zca y\u00fczde 69&#8217;unun dolu oldu\u011funu s\u00f6yleyerek yeni s\u0131\u011f\u0131nmaevlerine ihtiya\u00e7 olmad\u0131\u011f\u0131 y\u00f6n\u00fcndeki a\u00e7\u0131klamas\u0131na tepki g\u00f6sterdi.<\/p>\n<p class=\"v1MsoNormal\">Konuya ili\u015fkin T\u00fcrkiye B\u00fcy\u00fck Millet Meclisi&#8217;ne soru \u00f6nergesi veren Dr. \u015eevkin, kad\u0131na y\u00f6nelik \u015fiddetin her ge\u00e7en g\u00fcn artt\u0131\u011f\u0131 bir \u00fclkede s\u0131\u011f\u0131nmaevlerine ihtiya\u00e7 olmad\u0131\u011f\u0131 y\u00f6n\u00fcndeki a\u00e7\u0131klamalar\u0131n ger\u00e7eklerle ba\u011fda\u015fmad\u0131\u011f\u0131n\u0131 s\u00f6yledi.<\/p>\n<p class=\"v1MsoNormal\">Aile ve Sosyal Hizmetler Bakanl\u0131\u011f\u0131&#8217;n\u0131n 2022\u20132026 Stratejik Plan\u0131&#8217;nda T\u00fcrkiye&#8217;de 149 olan kad\u0131n s\u0131\u011f\u0131nmaevi say\u0131s\u0131n\u0131n 2023&#8217;te 159&#8217;a, 2024&#8217;te ise 164&#8217;e \u00e7\u0131kar\u0131lmas\u0131n\u0131n hedeflendi\u011fini hat\u0131rlatan Dr. \u015eevkin, bu hedeflere ula\u015f\u0131lamad\u0131\u011f\u0131n\u0131 belirtti.<\/p>\n<p class=\"v1MsoNormal\">\u015eevkin, bug\u00fcn T\u00fcrkiye&#8217;de 112&#8217;si Bakanl\u0131\u011fa, 25&#8217;i belediyelere, 3&#8217;\u00fc G\u00f6\u00e7 \u0130daresi Ba\u015fkanl\u0131\u011f\u0131&#8217;na ve yaln\u0131zca 1&#8217;i sivil toplum kurulu\u015funa ait olmak \u00fczere toplam 141 kad\u0131n konukevi bulundu\u011funu ifade ederek bu say\u0131n\u0131n kad\u0131na y\u00f6nelik \u015fiddetin boyutu dikkate al\u0131nd\u0131\u011f\u0131nda yetersiz oldu\u011funu vurgulad\u0131.<\/p>\n<p class=\"v1MsoNormal\"><b>&#8220;KADINLAR SI\u011eINMAEVLER\u0130NE ER\u0130\u015e\u0130MDE C\u0130DD\u0130 SORUNLAR YA\u015eIYOR&#8221;<\/b><\/p>\n<p class=\"v1MsoNormal\">N\u00fcfusu 100 binin \u00fczerindeki belediyelerin kad\u0131n konukevi a\u00e7ma y\u00fck\u00fcml\u00fcl\u00fc\u011f\u00fc bulundu\u011funu hat\u0131rlatan Dr. \u015eevkin, Cumhurba\u015fkanl\u0131\u011f\u0131 Strateji ve B\u00fct\u00e7e Ba\u015fkanl\u0131\u011f\u0131 verilerine g\u00f6re T\u00fcrkiye&#8217;de bu kapsamda 251 belediye bulundu\u011funu ancak belediyelere ait yaln\u0131zca 25 konukevi oldu\u011funu s\u00f6yledi.<\/p>\n<p class=\"v1MsoNormal\">Kad\u0131nlar\u0131n s\u0131\u011f\u0131nmaevlerine eri\u015fiminde de ciddi sorunlar ya\u015fand\u0131\u011f\u0131n\u0131 belirten Dr. \u015eevkin, s\u0131\u011f\u0131nmaevinden ayr\u0131lan bir\u00e7ok kad\u0131n\u0131n sosyal ve ekonomik desteklerin yetersizli\u011fi nedeniyle yeniden \u015fiddet ortam\u0131na d\u00f6nmek zorunda kald\u0131\u011f\u0131na dikkat \u00e7ekti.<\/p>\n<p class=\"v1MsoNormal\">CHP&#8217;li Dr. M\u00fczeyyen \u015eevkin ayr\u0131ca uygulamada 12 ya\u015f\u0131ndan b\u00fcy\u00fck erkek \u00e7ocu\u011fu olan kad\u0131nlar\u0131n, 60 ya\u015f\u0131ndan b\u00fcy\u00fck kad\u0131nlar\u0131n, m\u00fclteci kad\u0131nlar\u0131n ve LGBT\u0130+ bireylerin s\u0131\u011f\u0131nmaevlerine kabul edilmedi\u011fine ili\u015fkin iddialar\u0131 da Meclis g\u00fcndemine ta\u015f\u0131d\u0131.<\/p>\n<p class=\"v1MsoNormal\">Kad\u0131na y\u00f6nelik \u015fiddetin bu kadar yayg\u0131n oldu\u011fu bir \u00fclkede devletin g\u00f6revinin sorumluluktan ka\u00e7mak de\u011fil kad\u0131nlar\u0131n ya\u015fam hakk\u0131n\u0131 korumak oldu\u011funu vurgulayan Dr. \u015eevkin, \u015fu de\u011ferlendirmede bulundu:<\/p>\n<p class=\"v1MsoNormal\">&#8220;Kad\u0131nlar\u0131n ya\u015fam hakk\u0131 istatistiklerle ge\u00e7i\u015ftirilemez. Kad\u0131na y\u00f6nelik \u015fiddetle m\u00fccadele i\u00e7in daha fazla s\u0131\u011f\u0131nmaevi a\u00e7\u0131lmal\u0131, mevcut konukevlerinin kapasitesi art\u0131r\u0131lmal\u0131 ve kad\u0131nlar\u0131n ba\u011f\u0131ms\u0131z bir ya\u015fam kurabilmesi i\u00e7in g\u00fc\u00e7l\u00fc sosyal destek mekanizmalar\u0131 olu\u015fturulmal\u0131d\u0131r.&#8221;<\/p>\n","protected":false},"excerpt":{"rendered":"<p>CHP Adana Milletvekili ve TBMM Ba\u015fkanl\u0131k Divan\u0131 \u00dcyesi Dr. M\u00fczeyyen \u015eevkin, Aile ve Sosyal Hizmetler Bakan\u0131&#8217;n\u0131n kad\u0131n s\u0131\u011f\u0131nmaevlerinin yaln\u0131zca y\u00fczde 69&#8217;unun dolu oldu\u011funu s\u00f6yleyerek yeni s\u0131\u011f\u0131nmaevlerine ihtiya\u00e7 olmad\u0131\u011f\u0131 y\u00f6n\u00fcndeki a\u00e7\u0131klamas\u0131na tepki g\u00f6sterdi. Konuya ili\u015fkin T\u00fcrkiye B\u00fcy\u00fck Millet Meclisi&#8217;ne soru \u00f6nergesi veren Dr. \u015eevkin, kad\u0131na y\u00f6nelik \u015fiddetin her ge\u00e7en g\u00fcn artt\u0131\u011f\u0131 bir \u00fclkede s\u0131\u011f\u0131nmaevlerine ihtiya\u00e7 olmad\u0131\u011f\u0131 [&hellip;]<\/p>\n","protected":false},"author":2,"featured_media":127198,"comment_status":"open","ping_status":"open","sticky":false,"template":"","format":"standard","meta":{"footnotes":""},"categories":[2],"tags":[],"class_list":["post-127520","post","type-post","status-publish","format-standard","has-post-thumbnail","hentry","category-kadin"],"views":1251,"_links":{"self":[{"href":"https:\/\/mersingazetesi.com\/index.php\/wp-json\/wp\/v2\/posts\/127520","targetHints":{"allow":["GET"]}}],"collection":[{"href":"https:\/\/mersingazetesi.com\/index.php\/wp-json\/wp\/v2\/posts"}],"about":[{"href":"https:\/\/mersingazetesi.com\/index.php\/wp-json\/wp\/v2\/types\/post"}],"author":[{"embeddable":true,"href":"https:\/\/mersingazetesi.com\/index.php\/wp-json\/wp\/v2\/users\/2"}],"replies":[{"embeddable":true,"href":"https:\/\/mersingazetesi.com\/index.php\/wp-json\/wp\/v2\/comments?post=127520"}],"version-history":[{"count":1,"href":"https:\/\/mersingazetesi.com\/index.php\/wp-json\/wp\/v2\/posts\/127520\/revisions"}],"predecessor-version":[{"id":127521,"href":"https:\/\/mersingazetesi.com\/index.php\/wp-json\/wp\/v2\/posts\/127520\/revisions\/127521"}],"wp:featuredmedia":[{"embeddable":true,"href":"https:\/\/mersingazetesi.com\/index.php\/wp-json\/wp\/v2\/media\/127198"}],"wp:attachment":[{"href":"https:\/\/mersingazetesi.com\/index.php\/wp-json\/wp\/v2\/media?parent=127520"}],"wp:term":[{"taxonomy":"category","embeddable":true,"href":"https:\/\/mersingazetesi.com\/index.php\/wp-json\/wp\/v2\/categories?post=127520"},{"taxonomy":"post_tag","embeddable":true,"href":"https:\/\/mersingazetesi.com\/index.php\/wp-json\/wp\/v2\/tags?post=127520"}],"curies":[{"name":"wp","href":"https:\/\/api.w.org\/{rel}","templated":true}]}}