{"id":127498,"date":"2026-03-10T16:00:33","date_gmt":"2026-03-10T13:00:33","guid":{"rendered":"https:\/\/mersingazetesi.com\/?p=127498"},"modified":"2026-03-10T16:00:33","modified_gmt":"2026-03-10T13:00:33","slug":"akdeniz-belediye-spor-u-14-futbol-takimi-turkiye-sampiyonasi-yolunda","status":"publish","type":"post","link":"https:\/\/mersingazetesi.com\/index.php\/2026\/03\/10\/akdeniz-belediye-spor-u-14-futbol-takimi-turkiye-sampiyonasi-yolunda\/","title":{"rendered":"Akdeniz Belediye Spor U-14 Futbol Tak\u0131m\u0131 T\u00fcrkiye \u015eampiyonas\u0131 Yolunda"},"content":{"rendered":"<p>Akdeniz Kaymakam\u0131 ve Belediye Ba\u015fkan V. Zeyit \u015eener, 11\u201315 Mart tarihleri aras\u0131nda Aksaray\u2019da d\u00fczenlenecek T\u00fcrkiye \u015eampiyonas\u0131\u2019na kat\u0131lacak olan Akdeniz Belediye Spor Kul\u00fcb\u00fc U-14 futbol tak\u0131m\u0131n\u0131 makam\u0131nda kabul etti.<\/p>\n<p>&nbsp;<\/p>\n<p>Ba\u015fkan Vekili \u015eener, gen\u00e7 sporcular ve teknik heyetle bir s\u00fcre sohbet ederek tak\u0131m\u0131n elde etti\u011fi ba\u015far\u0131dan duydu\u011fu memnuniyeti dile getirdi. \u015eener, sporcular\u0131 ve teknik ekibi tebrik ederek T\u00fcrkiye \u015eampiyonas\u0131 b\u00f6lge finallerinde ba\u015far\u0131lar diledi.<\/p>\n<p>&nbsp;<\/p>\n<p>Ziyarette konu\u015fan Akdeniz Kaymakam\u0131 ve Belediye Ba\u015fkan V. Zeyit \u015eener, gen\u00e7 sporcular\u0131n elde etti\u011fi ba\u015far\u0131n\u0131n Mersin ad\u0131na gurur verici oldu\u011funu belirterek \u015fu ifadeleri kulland\u0131:<\/p>\n<p>&nbsp;<\/p>\n<p>\u201cAkdeniz Belediye Spor Kul\u00fcb\u00fc U-14 futbol tak\u0131m\u0131m\u0131z\u0131n lig boyunca g\u00f6sterdi\u011fi performans bizleri son derece mutlu etti. Nama\u011flup \u015fekilde ligi lider tamamlamalar\u0131 ve Play-Off\u2019lardan birinci \u00e7\u0131karak ilimizi T\u00fcrkiye \u015eampiyonas\u0131\u2019nda temsil etme hakk\u0131 kazanmalar\u0131 b\u00fcy\u00fck bir ba\u015far\u0131d\u0131r. Gen\u00e7 sporcular\u0131m\u0131z\u0131n azmi ve disipliniyle Aksaray\u2019da da il\u00e7emizi ve ilimizi en iyi \u015fekilde temsil edeceklerine inan\u0131yorum. Sporcular\u0131m\u0131za ve teknik heyetimize y\u00fcrekten ba\u015far\u0131lar diliyorum.\u201d<\/p>\n<p>&nbsp;<\/p>\n<p>Akdeniz Belediye Spor U-14 futbol tak\u0131m\u0131, ligde oynad\u0131\u011f\u0131 10 ma\u00e7ta 8 galibiyet ve 2 beraberlik alarak 26 puanla nama\u011flup lider oldu. Play-Off kar\u015f\u0131la\u015fmalar\u0131n\u0131 da birinci s\u0131rada tamamlayan tak\u0131m, bu sonu\u00e7la Mersin\u2019i T\u00fcrkiye \u015eampiyonas\u0131\u2019nda temsil etme hakk\u0131 kazand\u0131.<\/p>\n<p>&nbsp;<\/p>\n<p>11\u201315 Mart tarihleri aras\u0131nda Aksaray\u2019da d\u00fczenlenecek T\u00fcrkiye \u015eampiyonas\u0131 B\u00f6lge Finalleri\u2019nde 8 tak\u0131m, bir \u00fcst tura y\u00fckselmek i\u00e7in m\u00fccadele edecek.<\/p>\n<p>&nbsp;<\/p>\n<p>Ziyaret, hat\u0131ra foto\u011fraf\u0131 \u00e7ekilmesi ve sporculara ba\u015far\u0131 temennilerinin iletilmesinin ard\u0131ndan sona erdi.<\/p>\n","protected":false},"excerpt":{"rendered":"<p>Akdeniz Kaymakam\u0131 ve Belediye Ba\u015fkan V. Zeyit \u015eener, 11\u201315 Mart tarihleri aras\u0131nda Aksaray\u2019da d\u00fczenlenecek T\u00fcrkiye \u015eampiyonas\u0131\u2019na kat\u0131lacak olan Akdeniz Belediye Spor Kul\u00fcb\u00fc U-14 futbol tak\u0131m\u0131n\u0131 makam\u0131nda kabul etti. &nbsp; Ba\u015fkan Vekili \u015eener, gen\u00e7 sporcular ve teknik heyetle bir s\u00fcre sohbet ederek tak\u0131m\u0131n elde etti\u011fi ba\u015far\u0131dan duydu\u011fu memnuniyeti dile getirdi. \u015eener, sporcular\u0131 ve teknik ekibi tebrik [&hellip;]<\/p>\n","protected":false},"author":2,"featured_media":127499,"comment_status":"open","ping_status":"open","sticky":false,"template":"","format":"standard","meta":{"footnotes":""},"categories":[6],"tags":[],"class_list":["post-127498","post","type-post","status-publish","format-standard","has-post-thumbnail","hentry","category-spor"],"views":982,"_links":{"self":[{"href":"https:\/\/mersingazetesi.com\/index.php\/wp-json\/wp\/v2\/posts\/127498","targetHints":{"allow":["GET"]}}],"collection":[{"href":"https:\/\/mersingazetesi.com\/index.php\/wp-json\/wp\/v2\/posts"}],"about":[{"href":"https:\/\/mersingazetesi.com\/index.php\/wp-json\/wp\/v2\/types\/post"}],"author":[{"embeddable":true,"href":"https:\/\/mersingazetesi.com\/index.php\/wp-json\/wp\/v2\/users\/2"}],"replies":[{"embeddable":true,"href":"https:\/\/mersingazetesi.com\/index.php\/wp-json\/wp\/v2\/comments?post=127498"}],"version-history":[{"count":1,"href":"https:\/\/mersingazetesi.com\/index.php\/wp-json\/wp\/v2\/posts\/127498\/revisions"}],"predecessor-version":[{"id":127500,"href":"https:\/\/mersingazetesi.com\/index.php\/wp-json\/wp\/v2\/posts\/127498\/revisions\/127500"}],"wp:featuredmedia":[{"embeddable":true,"href":"https:\/\/mersingazetesi.com\/index.php\/wp-json\/wp\/v2\/media\/127499"}],"wp:attachment":[{"href":"https:\/\/mersingazetesi.com\/index.php\/wp-json\/wp\/v2\/media?parent=127498"}],"wp:term":[{"taxonomy":"category","embeddable":true,"href":"https:\/\/mersingazetesi.com\/index.php\/wp-json\/wp\/v2\/categories?post=127498"},{"taxonomy":"post_tag","embeddable":true,"href":"https:\/\/mersingazetesi.com\/index.php\/wp-json\/wp\/v2\/tags?post=127498"}],"curies":[{"name":"wp","href":"https:\/\/api.w.org\/{rel}","templated":true}]}}