{"id":127382,"date":"2026-03-09T18:02:04","date_gmt":"2026-03-09T15:02:04","guid":{"rendered":"https:\/\/mersingazetesi.com\/?p=127382"},"modified":"2026-03-09T18:02:04","modified_gmt":"2026-03-09T15:02:04","slug":"macaristan-secimleri-moskovanin-golgesi","status":"publish","type":"post","link":"https:\/\/mersingazetesi.com\/index.php\/2026\/03\/09\/macaristan-secimleri-moskovanin-golgesi\/","title":{"rendered":"Macaristan Se\u00e7imleri: Moskova\u2019n\u0131n G\u00f6lgesi"},"content":{"rendered":"<p>Avrupa\u2019n\u0131n kalbinde yap\u0131lacak bir se\u00e7im, yeniden b\u00fcy\u00fck g\u00fc\u00e7 rekabetinin tart\u0131\u015fma konusu haline geldi. Macaristan\u2019da yakla\u015fan parlamento se\u00e7imleri yaln\u0131zca \u00fclkenin i\u00e7 siyasi dengelerini de\u011fil, Avrupa Birli\u011fi ile Rusya aras\u0131ndaki jeopolitik gerilimin de bir yans\u0131mas\u0131 olarak g\u00f6r\u00fcl\u00fcyor.<\/p>\n<p>Muhalefet lideri P\u00e9ter Magyar\u2019\u0131n Moskova\u2019ya yapt\u0131\u011f\u0131 \u00e7a\u011fr\u0131 bu nedenle s\u0131radan bir siyasi a\u00e7\u0131klama de\u011fil. Magyar, Rusya\u2019n\u0131n Macaristan\u2019\u0131n i\u00e7 siyasetini etkilemeye \u00e7al\u0131\u015fmamas\u0131 gerekti\u011fini a\u00e7\u0131k\u00e7a dile getirdi. Bu s\u00f6zler, Kremlin\u2019in Ba\u015fbakan Viktor Orb\u00e1n lehine se\u00e7im sonucunu etkilemek i\u00e7in gizli bir ekip g\u00f6nderdi\u011fi y\u00f6n\u00fcndeki iddialar\u0131n ard\u0131ndan geldi.<\/p>\n<p>12 Nisan\u2019da yap\u0131lacak se\u00e7imler, 2010\u2019dan bu yana iktidarda olan Orb\u00e1n i\u00e7in belki de en kritik siyasi s\u0131navlardan biri olacak. Uzun s\u00fcredir Macaristan siyasetinin tart\u0131\u015fmas\u0131z akt\u00f6r\u00fc olan Orb\u00e1n\u2019\u0131n kar\u015f\u0131s\u0131nda bu kez kamuoyu yoklamalar\u0131nda g\u00fc\u00e7l\u00fc g\u00f6r\u00fcnen bir rakip var. Tisza Partisi lideri P\u00e9ter Magyar, kampanyas\u0131n\u0131 de\u011fi\u015fim ve Avrupa ile daha dengeli ili\u015fkiler \u00fczerine kuruyor.<\/p>\n<p>Ancak se\u00e7im tart\u0131\u015fmas\u0131n\u0131n merkezinde yaln\u0131zca i\u00e7 politika yok. Rusya\u2019n\u0131n Budape\u015fte\u2019deki b\u00fcy\u00fckel\u00e7ili\u011finde diplomatik stat\u00fc alt\u0131nda faaliyet g\u00f6sterdi\u011fi iddia edilen bir ekip \u00fczerinden y\u00fcr\u00fct\u00fclen m\u00fcdahale iddialar\u0131, Macaristan se\u00e7imlerini uluslararas\u0131 bir mesele haline getirdi.<\/p>\n<p>\u0130ddialara g\u00f6re operasyon Kremlin\u2019e yak\u0131n isimler taraf\u0131ndan koordine ediliyor. Moskova ise bu su\u00e7lamalar\u0131 kesin bir dille reddediyor ve bunlar\u0131 \u201csahte haber\u201d olarak nitelendiriyor. Fakat modern siyasetin yeni ger\u00e7e\u011fi \u015fu: Se\u00e7imlere m\u00fcdahale iddialar\u0131 art\u0131k yaln\u0131zca teorik tart\u0131\u015fmalar de\u011fil; bir\u00e7ok \u00fclkede ya\u015fanan somut bir g\u00fcvenlik sorunu.<\/p>\n<p>Macaristan\u2019da bu tart\u0131\u015fman\u0131n bu kadar g\u00fc\u00e7l\u00fc olmas\u0131n\u0131n bir nedeni de Viktor Orb\u00e1n\u2019\u0131n izledi\u011fi d\u0131\u015f politika. Orb\u00e1n, Avrupa\u2019da Rusya Devlet Ba\u015fkan\u0131 Vladimir Putin ile d\u00fczenli temas\u0131n\u0131 s\u00fcrd\u00fcren nadir liderlerden biri olarak \u00f6ne \u00e7\u0131k\u0131yor. Avrupa Birli\u011fi Rusya\u2019ya kar\u015f\u0131 yapt\u0131r\u0131mlar\u0131 art\u0131r\u0131rken, Macaristan\u2019\u0131n Moskova ile enerji ili\u015fkilerini s\u00fcrd\u00fcrmesi Br\u00fcksel\u2019de uzun s\u00fcredir rahats\u0131zl\u0131k yarat\u0131yor.<\/p>\n<p>\u00dcstelik Ukrayna sava\u015f\u0131 se\u00e7im kampanyas\u0131n\u0131n merkezine yerle\u015fmi\u015f durumda. Orb\u00e1n y\u00f6netimi sava\u015f konusunda temkinli bir \u00e7izgi izlerken, muhalefet Macaristan\u2019\u0131n Avrupa ve NATO i\u00e7indeki rol\u00fcn\u00fcn g\u00fc\u00e7lendirilmesi gerekti\u011fini savunuyor.<\/p>\n<p>T\u00fcm bu geli\u015fmeler Macaristan\u2019daki se\u00e7imleri s\u0131radan bir ulusal yar\u0131\u015f olmaktan \u00e7\u0131kar\u0131yor. Sand\u0131kta verilecek karar, yaln\u0131zca Budape\u015fte\u2019deki siyasi dengeleri de\u011fil; Avrupa\u2019n\u0131n Rusya ile ili\u015fkilerinin gelece\u011fini de etkileme potansiyeline sahip.<\/p>\n<p>As\u0131l soru \u015fu: Macar se\u00e7meni hangi yolu tercih edecek?<\/p>\n<p>Bir yanda Moskova ile pragmatik ili\u015fkileri s\u00fcrd\u00fcren mevcut y\u00f6netim, di\u011fer yanda Avrupa ile daha g\u00fc\u00e7l\u00fc entegrasyonu savunan bir muhalefet.\u00a012 Nisan\u2019daki se\u00e7imler bu iki yakla\u015f\u0131m aras\u0131nda bir tercih anlam\u0131na geliyor.<\/p>\n<p>Ve e\u011fer iddialar do\u011fruysa, bu tercih yaln\u0131zca Macaristan i\u00e7inde de\u011fil, k\u00fcresel g\u00fc\u00e7 dengeleri a\u00e7\u0131s\u0131ndan da yak\u0131ndan izleniyor. \u00c7\u00fcnk\u00fc g\u00fcn\u00fcm\u00fcz d\u00fcnyas\u0131nda se\u00e7imler art\u0131k sadece sand\u0131k ba\u015f\u0131nda kazan\u0131lm\u0131yor; bilgi sava\u015flar\u0131n\u0131n, diplomatik bask\u0131lar\u0131n ve jeopolitik hesaplar\u0131n g\u00f6lgesinde ger\u00e7ekle\u015fiyor.<\/p>\n<div>\n<div class=\"adm\">\n<div id=\"q_27\" class=\"ajR h4\"><\/div>\n<\/div>\n<\/div>\n","protected":false},"excerpt":{"rendered":"<p>Avrupa\u2019n\u0131n kalbinde yap\u0131lacak bir se\u00e7im, yeniden b\u00fcy\u00fck g\u00fc\u00e7 rekabetinin tart\u0131\u015fma konusu haline geldi. Macaristan\u2019da yakla\u015fan parlamento se\u00e7imleri yaln\u0131zca \u00fclkenin i\u00e7 siyasi dengelerini de\u011fil, Avrupa Birli\u011fi ile Rusya aras\u0131ndaki jeopolitik gerilimin de bir yans\u0131mas\u0131 olarak g\u00f6r\u00fcl\u00fcyor. Muhalefet lideri P\u00e9ter Magyar\u2019\u0131n Moskova\u2019ya yapt\u0131\u011f\u0131 \u00e7a\u011fr\u0131 bu nedenle s\u0131radan bir siyasi a\u00e7\u0131klama de\u011fil. Magyar, Rusya\u2019n\u0131n Macaristan\u2019\u0131n i\u00e7 siyasetini etkilemeye [&hellip;]<\/p>\n","protected":false},"author":27,"featured_media":126042,"comment_status":"open","ping_status":"open","sticky":false,"template":"","format":"standard","meta":{"footnotes":""},"categories":[112],"tags":[],"class_list":["post-127382","post","type-post","status-publish","format-standard","has-post-thumbnail","hentry","category-umut-can-erkan"],"views":762,"_links":{"self":[{"href":"https:\/\/mersingazetesi.com\/index.php\/wp-json\/wp\/v2\/posts\/127382","targetHints":{"allow":["GET"]}}],"collection":[{"href":"https:\/\/mersingazetesi.com\/index.php\/wp-json\/wp\/v2\/posts"}],"about":[{"href":"https:\/\/mersingazetesi.com\/index.php\/wp-json\/wp\/v2\/types\/post"}],"author":[{"embeddable":true,"href":"https:\/\/mersingazetesi.com\/index.php\/wp-json\/wp\/v2\/users\/27"}],"replies":[{"embeddable":true,"href":"https:\/\/mersingazetesi.com\/index.php\/wp-json\/wp\/v2\/comments?post=127382"}],"version-history":[{"count":1,"href":"https:\/\/mersingazetesi.com\/index.php\/wp-json\/wp\/v2\/posts\/127382\/revisions"}],"predecessor-version":[{"id":127383,"href":"https:\/\/mersingazetesi.com\/index.php\/wp-json\/wp\/v2\/posts\/127382\/revisions\/127383"}],"wp:featuredmedia":[{"embeddable":true,"href":"https:\/\/mersingazetesi.com\/index.php\/wp-json\/wp\/v2\/media\/126042"}],"wp:attachment":[{"href":"https:\/\/mersingazetesi.com\/index.php\/wp-json\/wp\/v2\/media?parent=127382"}],"wp:term":[{"taxonomy":"category","embeddable":true,"href":"https:\/\/mersingazetesi.com\/index.php\/wp-json\/wp\/v2\/categories?post=127382"},{"taxonomy":"post_tag","embeddable":true,"href":"https:\/\/mersingazetesi.com\/index.php\/wp-json\/wp\/v2\/tags?post=127382"}],"curies":[{"name":"wp","href":"https:\/\/api.w.org\/{rel}","templated":true}]}}