{"id":127359,"date":"2026-03-09T12:57:01","date_gmt":"2026-03-09T09:57:01","guid":{"rendered":"https:\/\/mersingazetesi.com\/?p=127359"},"modified":"2026-03-09T12:57:01","modified_gmt":"2026-03-09T09:57:01","slug":"turkiyenin-gonderdigi-f-16lar-kktcde","status":"publish","type":"post","link":"https:\/\/mersingazetesi.com\/index.php\/2026\/03\/09\/turkiyenin-gonderdigi-f-16lar-kktcde\/","title":{"rendered":"T\u00fcrkiye&#8217;nin g\u00f6nderdi\u011fi F-16&#8217;lar KKTC&#8217;de"},"content":{"rendered":"<p>T\u00fcrkiye&#8217;nin\u00a0<strong class=\"searchword\">KKTC<\/strong>&#8216;nin g\u00fcvenli\u011finin art\u0131r\u0131lmas\u0131na y\u00f6nelik planlamalar \u00e7er\u00e7evesinde adaya g\u00f6nderdi\u011fi F-16 sava\u015f u\u00e7aklar\u0131\u00a0<strong class=\"searchword\">KKTC<\/strong>&#8216;de selamlama u\u00e7u\u015fu ger\u00e7ekle\u015ftirdi.<br \/>\nMilli Savunma Bakanl\u0131\u011f\u0131 (MSB),\u00a0<strong class=\"searchword\">KKTC<\/strong>&#8216;nin g\u00fcvenli\u011finin art\u0131r\u0131lmas\u0131na y\u00f6nelik planlamalar \u00e7er\u00e7evesinde adaya F-16 sava\u015f u\u00e7a\u011f\u0131 ile hava savunma sistemlerinin konu\u015fland\u0131r\u0131ld\u0131\u011f\u0131n\u0131 a\u00e7\u0131klad\u0131. MSB\u2019nin a\u00e7\u0131klamas\u0131ndan k\u0131sa bir s\u00fcre sonra T\u00fcrkiye\u2019nin g\u00f6nderdi\u011fi F-16\u2019lar ilk kez adada konu\u015flanmak \u00fczere\u00a0<strong class=\"searchword\">KKTC<\/strong>\u2019deki Ercan Havaliman\u0131\u2019na ula\u015ft\u0131.\u00a0<strong class=\"searchword\">KKTC<\/strong>\u2019ye ula\u015fan F-16\u2019lar havaliman\u0131ndaki pisti ge\u00e7erek ilk olarak selamlama u\u00e7u\u015fu ger\u00e7ekle\u015ftirdi.<br \/>\nOperasyonel halde\u00a0<strong class=\"searchword\">KKTC<\/strong>\u2019de bulunacak toplamda 6 adet F-16, eski Ercan Havaliman\u0131nda konu\u015flanacak.<br \/>\nMSB, b\u00f6lgedeki son geli\u015fmeler kapsam\u0131nda Kuzey K\u0131br\u0131s T\u00fcrk Cumhuriyeti&#8217;nin (<strong class=\"searchword\">KKTC<\/strong>) g\u00fcvenli\u011fini art\u0131rmak amac\u0131yla F-16 sava\u015f u\u00e7a\u011f\u0131 ve hava savunma sistemi konu\u015fland\u0131r\u0131ld\u0131\u011f\u0131n\u0131 duyurmu\u015ftur. Bakanl\u0131k taraf\u0131ndan yap\u0131lan yaz\u0131l\u0131 a\u00e7\u0131klamada, &#8220;B\u00f6lgemizde ya\u015fanan son geli\u015fmeler kapsam\u0131nda Kuzey K\u0131br\u0131s T\u00fcrk Cumhuriyeti&#8217;nin g\u00fcvenli\u011finin art\u0131r\u0131lmas\u0131na y\u00f6nelik yap\u0131lan kademeli planlamalar \u00e7er\u00e7evesinde; 6 adet F-16 sava\u015f u\u00e7a\u011f\u0131 ve hava savunma sistemleri bug\u00fcnden itibaren Kuzey K\u0131br\u0131s T\u00fcrk Cumhuriyeti&#8217;ne konu\u015fland\u0131r\u0131lm\u0131\u015ft\u0131r. Geli\u015fmelere g\u00f6re yap\u0131lacak de\u011ferlendirmeler neticesinde ihtiya\u00e7 duyulmas\u0131 h\u00e2linde ilave tedbirler al\u0131nmaya devam edilecektir&#8221; denilmi\u015fti.<\/p>\n","protected":false},"excerpt":{"rendered":"<p>T\u00fcrkiye&#8217;nin\u00a0KKTC&#8216;nin g\u00fcvenli\u011finin art\u0131r\u0131lmas\u0131na y\u00f6nelik planlamalar \u00e7er\u00e7evesinde adaya g\u00f6nderdi\u011fi F-16 sava\u015f u\u00e7aklar\u0131\u00a0KKTC&#8216;de selamlama u\u00e7u\u015fu ger\u00e7ekle\u015ftirdi. Milli Savunma Bakanl\u0131\u011f\u0131 (MSB),\u00a0KKTC&#8216;nin g\u00fcvenli\u011finin art\u0131r\u0131lmas\u0131na y\u00f6nelik planlamalar \u00e7er\u00e7evesinde adaya F-16 sava\u015f u\u00e7a\u011f\u0131 ile hava savunma sistemlerinin konu\u015fland\u0131r\u0131ld\u0131\u011f\u0131n\u0131 a\u00e7\u0131klad\u0131. MSB\u2019nin a\u00e7\u0131klamas\u0131ndan k\u0131sa bir s\u00fcre sonra T\u00fcrkiye\u2019nin g\u00f6nderdi\u011fi F-16\u2019lar ilk kez adada konu\u015flanmak \u00fczere\u00a0KKTC\u2019deki Ercan Havaliman\u0131\u2019na ula\u015ft\u0131.\u00a0KKTC\u2019ye ula\u015fan F-16\u2019lar havaliman\u0131ndaki pisti ge\u00e7erek [&hellip;]<\/p>\n","protected":false},"author":2,"featured_media":127360,"comment_status":"open","ping_status":"open","sticky":false,"template":"","format":"standard","meta":{"footnotes":""},"categories":[3],"tags":[],"class_list":["post-127359","post","type-post","status-publish","format-standard","has-post-thumbnail","hentry","category-dunya"],"views":1215,"_links":{"self":[{"href":"https:\/\/mersingazetesi.com\/index.php\/wp-json\/wp\/v2\/posts\/127359","targetHints":{"allow":["GET"]}}],"collection":[{"href":"https:\/\/mersingazetesi.com\/index.php\/wp-json\/wp\/v2\/posts"}],"about":[{"href":"https:\/\/mersingazetesi.com\/index.php\/wp-json\/wp\/v2\/types\/post"}],"author":[{"embeddable":true,"href":"https:\/\/mersingazetesi.com\/index.php\/wp-json\/wp\/v2\/users\/2"}],"replies":[{"embeddable":true,"href":"https:\/\/mersingazetesi.com\/index.php\/wp-json\/wp\/v2\/comments?post=127359"}],"version-history":[{"count":1,"href":"https:\/\/mersingazetesi.com\/index.php\/wp-json\/wp\/v2\/posts\/127359\/revisions"}],"predecessor-version":[{"id":127361,"href":"https:\/\/mersingazetesi.com\/index.php\/wp-json\/wp\/v2\/posts\/127359\/revisions\/127361"}],"wp:featuredmedia":[{"embeddable":true,"href":"https:\/\/mersingazetesi.com\/index.php\/wp-json\/wp\/v2\/media\/127360"}],"wp:attachment":[{"href":"https:\/\/mersingazetesi.com\/index.php\/wp-json\/wp\/v2\/media?parent=127359"}],"wp:term":[{"taxonomy":"category","embeddable":true,"href":"https:\/\/mersingazetesi.com\/index.php\/wp-json\/wp\/v2\/categories?post=127359"},{"taxonomy":"post_tag","embeddable":true,"href":"https:\/\/mersingazetesi.com\/index.php\/wp-json\/wp\/v2\/tags?post=127359"}],"curies":[{"name":"wp","href":"https:\/\/api.w.org\/{rel}","templated":true}]}}