{"id":127302,"date":"2026-03-09T10:10:19","date_gmt":"2026-03-09T07:10:19","guid":{"rendered":"https:\/\/mersingazetesi.com\/?p=127302"},"modified":"2026-03-09T10:10:19","modified_gmt":"2026-03-09T07:10:19","slug":"fatih-sultan-mehmedin-mahkemece-yargilandigi-dogru-mudur","status":"publish","type":"post","link":"https:\/\/mersingazetesi.com\/index.php\/2026\/03\/09\/fatih-sultan-mehmedin-mahkemece-yargilandigi-dogru-mudur\/","title":{"rendered":"FAT\u0130H SULTAN MEHMED\u2019\u0130N MAHKEMECE YARGILANDI\u011eI DO\u011eRU MUDUR?"},"content":{"rendered":"<div class=\"gs\">\n<div class=\"\">\n<div id=\":n3\" class=\"ii gt\">\n<div id=\":n2\" class=\"a3s aiL\">\n<div id=\"avWBGd-17\">\n<div dir=\"ltr\">\n<div>\n<div dir=\"auto\">\u0130stanbul\u2019dan Say\u0131n Sebahattin \u00d6zbek soruyor:<\/div>\n<div dir=\"auto\">SORU:<\/div>\n<div dir=\"auto\">\u2018\u2019\u2026\u0130stanbul 2010 y\u0131l\u0131nda Avrupa&#8217;n\u0131n k\u00fclt\u00fcr ba\u015fkenti ilan edilmi\u015fti.<\/div>\n<div dir=\"auto\">O g\u00fcnleri hat\u0131rl\u0131yorum:<\/div>\n<div dir=\"auto\">16 Ocak 2010\u2019da \u0130stanbul K\u00fclt\u00fcr ba\u015fkentinin resmi a\u00e7\u0131l\u0131\u015f\u0131nda 7 ayr\u0131 yerde g\u00f6rkemli \u015f\u00f6lenler yap\u0131lm\u0131\u015ft\u0131.<\/div>\n<div dir=\"auto\">Bir y\u0131l boyunca 497 proje hayata ge\u00e7irilmi\u015fti\u2026<\/div>\n<div dir=\"auto\">Sergi ve festivaller, m\u00fcze ve k\u00fct\u00fcphaneler 39 il\u00e7eye yay\u0131lm\u0131\u015ft\u0131\u2026<\/div>\n<div dir=\"auto\">\u0130lk g\u00fcn yap\u0131lan g\u00f6rkemli a\u00e7\u0131l\u0131\u015f t\u00f6renlerini izlerken arkada\u015flar\u0131mla eski \u0130stanbul\u2019u konu\u015fmu\u015ftuk.<\/div>\n<div dir=\"auto\">Yani Fatih Sultan Mehmet&#8217;in \u0130stanbul\u2019u fethetti\u011fi y\u0131llar\u0131 konu\u015fmu\u015ftuk.<\/div>\n<div dir=\"auto\">\u0130stanbul\u2019un fethedilmesini sa\u011flayan Fatih Sultan Mehmet\u2019in \u0130stanbul\u2019a H\u0131z\u0131r \u00c7elebi\u2019yi \u201cBelediye ba\u015fkan\u0131\u201d ve ayn\u0131 zamanda mahkemeye \u201cKad\u0131\u201d yani \u201cH\u00e2kim\u201dtayin etti\u011fini tarih kitaplar\u0131nda okumu\u015ftum.<\/div>\n<div dir=\"auto\">T\u00f6renleri izlerken bir arkada\u015f\u0131m Fatih Sultan Mehmet&#8217;in bir su\u00e7tan dolay\u0131 h\u00e2kim kar\u015f\u0131s\u0131na \u00e7\u0131kar\u0131ld\u0131\u011f\u0131n\u0131 ve mahkeme ba\u015fkan\u0131n\u0131n Padi\u015faha ceza verdi\u011fini anlatm\u0131\u015ft\u0131.<\/div>\n<div dir=\"auto\">O g\u00fcnden bug\u00fcne akl\u0131ma tak\u0131l\u0131yor: B\u00f6yle bir yarg\u0131lama olmu\u015f mudur?\u2019\u2019<\/div>\n<div dir=\"auto\">CEVAP:<\/div>\n<div dir=\"auto\">2006 y\u0131l\u0131nda al\u0131nan bir kararla \u0130stanbul\u2019un 2010 y\u0131l\u0131nda Avrupa K\u00fclt\u00fcr Ba\u015fkenti ilan edilmesi ve k\u00fclt\u00fcr ba\u015fkentimizde g\u00f6rkemli t\u00f6renlerin yap\u0131lmas\u0131 ger\u00e7ekten \u00fclkemiz i\u00e7in gurur verici bir geli\u015fme idi\u2026<\/div>\n<div dir=\"auto\">2010 y\u0131l\u0131 boyunca daha \u00f6nce haz\u0131rlanan 500\u2019e yak\u0131n proje ger\u00e7ekle\u015fmi\u015f \u0130stanbul T\u00fcrk d\u00fcnyas\u0131n\u0131n da manevi ba\u015fkenti olmu\u015ftu.<\/div>\n<div dir=\"auto\">2010 y\u0131l\u0131 adeta T\u00fcrk d\u00fcnyas\u0131n\u0131n y\u0131l\u0131 olmu\u015ftu.<\/div>\n<div dir=\"auto\">2010 y\u0131l\u0131ndan 2021 y\u0131l\u0131na kadar \u0130stanbul&#8217;a yap\u0131lan yat\u0131r\u0131mlar \u00c7ILGIN T\u00dcRKLER s\u00f6zlerine kadar uzanm\u0131\u015ft\u0131r.<\/div>\n<div dir=\"auto\">Fatih Sultan Mehmet d\u00f6neminde Osmanl\u0131lar\u0131n adaleti o kadar g\u00fc\u00e7l\u00fc idi ki; b\u00fct\u00fcn H\u0131ristiyanlar o d\u00f6nemlerde Osmanl\u0131lar\u0131n egemenli\u011fi alt\u0131na girebilmek i\u00e7in adeta birbirleriyle yar\u0131\u015f etmi\u015flerdir.<\/div>\n<div dir=\"auto\">Bir \u00f6rnek vermek gerekirse; Ukrayna&#8217;da ya\u015fayan Mormonlar, Rus\u2019lar\u0131n bask\u0131s\u0131ndan o kadar b\u0131km\u0131\u015flard\u0131 ki kiliselerinin defterine \u015f\u00f6yle yazm\u0131\u015flard\u0131r:<\/div>\n<div dir=\"auto\">\u201c &#8211; Ya Rabbi. Osmanl\u0131\u2019n\u0131n g\u00fcc\u00fcn\u00fc kuvvetini art\u0131r ki, gelip bizi de kurtars\u0131n\u2026 Bize din h\u00fcrriyeti versin\u2026 Can ve mal emniyetimizi sa\u011flas\u0131n\u2026 \u00c2min\u2026\u201d<\/div>\n<div dir=\"auto\">Mormon\u2019lar 1800 y\u0131llar\u0131nda Rus zulm\u00fcnden Amerika\u2019ya ka\u00e7m\u0131\u015flar ve yanlar\u0131nda bu kilise defterini de g\u00f6t\u00fcrm\u00fc\u015flerdi.<\/div>\n<div dir=\"auto\">Bug\u00fcn bu defter ad\u0131 ge\u00e7en sayfa a\u00e7\u0131lm\u0131\u015f olarak Amerika\u2019n\u0131n Utah b\u00f6lgesindeki bir Mormon kilisesinde te\u015fhir edilmektedir.<\/div>\n<div dir=\"auto\">Utah, Amerika Birle\u015fik Devletleri&#8217;nin bat\u0131s\u0131nda yer alan bir eyalettir. Rocky Da\u011flar\u0131 b\u00f6lgesinde yer al\u0131r ve co\u011frafi \u00e7e\u015fitlili\u011fiyle bilinir. Ba\u015fkenti ve en b\u00fcy\u00fck \u015fehri Salt Lake City\u2019dir.<\/div>\n<div dir=\"auto\">Yerli Halklar: Utah&#8217;\u0131n ilk sakinleri, Ute, Paiute, Shoshone ve Navajo gibi \u00e7e\u015fitli yerli Amerikan kabileleriydi. Bu kabileler, b\u00f6lgede binlerce y\u0131ld\u0131r ya\u015fam\u0131\u015f ve avc\u0131l\u0131k, toplay\u0131c\u0131l\u0131k ve tar\u0131m gibi ge\u00e7im kaynaklar\u0131yla hayatlar\u0131n\u0131 s\u00fcrd\u00fcrm\u00fc\u015flerdir.<\/div>\n<div dir=\"auto\">Avrupal\u0131lar\u0131n Geli\u015fi: B\u00f6lgeye ilk gelen Avrupal\u0131lar, 18. y\u00fczy\u0131lda \u0130spanyol ka\u015fiflerdi. Ancak, \u0130spanyollar b\u00f6lgede kal\u0131c\u0131 bir yerle\u015fim kurmad\u0131lar.<\/div>\n<div dir=\"auto\">Mormonlar\u0131n Yerle\u015fimi: 19. y\u00fczy\u0131l\u0131n ortalar\u0131nda Josept Simith taraf\u0131ndan kurulan Mormon cemaati, dini bask\u0131lardan ka\u00e7arak Utah&#8217;a yerle\u015fti. Brigham Young liderli\u011findeki Mormonlar, Salt Lake Vadisi&#8217;ne yerle\u015ferek Salt Lake City&#8217;yi kurdular ve b\u00f6lgede \u00f6nemli bir etki yaratt\u0131lar.<\/div>\n<div dir=\"auto\">ABD&#8217;ye Kat\u0131l\u0131m: Utah, uzun bir s\u00fcre boyunca kendi kendini y\u00f6neten bir yap\u0131ya sahip olsa da, 1896&#8217;da Amerika Birle\u015fik Devletleri&#8217;ne kat\u0131ld\u0131.<\/div>\n<div dir=\"auto\">\u00d6rnekleri \u00e7o\u011faltmak m\u00fcmk\u00fcnd\u00fcr.<\/div>\n<div dir=\"auto\">Fatih Sultan Mehmet, Padi\u015fah oldu\u011fu halde yarg\u0131lanm\u0131\u015ft\u0131.<\/div>\n<div dir=\"auto\">\u201cYarg\u0131\u201d konusunu anlatmadan \u00f6nce Fatih Sultan Mehmet\u2019i mahkemeye \u00e7a\u011f\u0131ran \u201cBelediye Ba\u015fkan\u0131\u201d ve \u201cKad\u0131 =H\u00e2kim\u201d hakk\u0131nda da bilgi verelim:<\/div>\n<div dir=\"auto\">Fatih Sultan Mehmet\u2019i mahkemeye \u00e7a\u011f\u0131ran \u201cKad\u0131\u201d n\u0131n ad\u0131 H\u0131z\u0131r \u00c7elebi\u2019dir.<\/div>\n<div dir=\"auto\">H\u0131z\u0131r \u00c7elebi 1407 senesinde do\u011fmu\u015f 1453 senesinde \u0130stanbul\u2019da vefat etmi\u015ftir.<\/div>\n<div dir=\"auto\">\u00dclkenin en \u00fcnl\u00fc alimlerindendir.<\/div>\n<div dir=\"auto\">Fatih\u2019in padi\u015fahl\u0131\u011f\u0131n\u0131n ilk y\u0131llar\u0131nda Arabistan\u2019dan gelen bir alimin ilim ve fen konusunda sordu\u011fu sorulara cevap veremeyen \u0130stanbul&#8217;daki alimlere k\u0131zan Fatih:<\/div>\n<div dir=\"auto\">\u201c\u00dclkemde bu adama cevap verecek bir ilim adam\u0131m\u0131z yok mudur?\u201d diye k\u00fckremi\u015f kendisine o d\u00f6nemde Sivrihisar medresesinde g\u00f6rev yapan H\u0131z\u0131r \u00c7elebi tavsiye edilmi\u015ftir.<\/div>\n<div dir=\"auto\">H\u0131z\u0131r \u00c7elebi\u2019nin Arabistan\u2019dan gelen ilim adam\u0131na verdi\u011fi mant\u0131kl\u0131 cevaplar ve H\u0131z\u0131r \u00c7elebi\u2019nin sordu\u011fu sorulara alim\u2019in cevap veremeyi\u015fi Fatih\u2019in \u00e7ok ho\u015funa gitmi\u015ftir ve kendisini \u201c\u0130stanbul Kad\u0131s\u0131=Hakimi\u201d ve \u201c\u0130stanbul Belediye Ba\u015fkan\u0131\u201d yapm\u0131\u015ft\u0131r.<\/div>\n<div dir=\"auto\">H\u0131z\u0131r \u00c7elebi, \u0130stanbul Kad\u0131s\u0131 ve Belediye Ba\u015fkan\u0131 olarak g\u00f6reve ba\u015flad\u0131ktan bir m\u00fcddet sonra bir Hristiyan mimar gelmi\u015f ve Fatih Sultan Mehmet\u2019 den \u015fik\u00e2yet\u00e7i oldu\u011funu s\u00f6ylemi\u015ftir.<\/div>\n<div dir=\"auto\">\u015eik\u00e2yet konusu \u015fudur:<\/div>\n<div dir=\"auto\">Fatih Sultan Mehmet; Ayasofya\u2019dan daha y\u00fcksek kubbeye ve daha \u00fcst\u00fcn mimari hususiyetlere sahip bir cami yapt\u0131rmak istemi\u015f, bir Hristiyan mimar in\u015faat\u0131n yap\u0131m\u0131n\u0131 \u00fcstlenmi\u015ftir.<\/div>\n<div dir=\"auto\">Ancak, Hristiyan olu\u015fu nedeniyle Ayasofya\u2019dan daha y\u00fcksek kubbesi olan bir camii yapmak istememi\u015f ve M\u0131s\u0131r&#8217;dan getirilen mermer s\u00fctunlar\u0131n u\u00e7lar\u0131n\u0131 kestirmi\u015ftir.<\/div>\n<div dir=\"auto\">Fatih s\u00fctunlar\u0131n kas\u0131tl\u0131 olarak kestirildi\u011fini \u00f6\u011frenince \u00e7ok k\u0131zm\u0131\u015f ve mimar\u0131n elinin kesilmesini emretmi\u015ftir.<\/div>\n<div dir=\"auto\">Eli kesilen mimar Osmanl\u0131n\u0131n adaletini \u00f6l\u00e7mek i\u00e7in devrin \u201cKad\u0131\u201d yani\u201cH\u00e2kim\u201di olan H\u0131z\u0131r \u00c7elebi\u2019ye m\u00fcracaat ve \u015fikayette bulunmu\u015ftur.<\/div>\n<div dir=\"auto\">H\u0131z\u0131r \u00c7elebi olay\u0131 incelemi\u015f ve \u015fahitlerle birlikte Fatih Sultan Mehmet\u2019i mahkemeye celp etmi\u015ftir.<\/div>\n<div dir=\"auto\">Fatih ba\u015f k\u00f6\u015feye oturmak i\u00e7in y\u00f6nelmi\u015f fakat H\u0131z\u0131r \u00c7elebi:<\/div>\n<div dir=\"auto\">\u201cOturma Beg\u00fcm. Hasm\u0131nla y\u00fczle\u015fmek \u00fczere, mahkeme huzurunda ayakta dur.\u201d demi\u015ftir.<\/div>\n<div dir=\"auto\">Fatih\u2019i ayakta bekletmi\u015ftir.<\/div>\n<div dir=\"auto\">Mahkeme sonunda Hristiyan Mimar hakl\u0131 bulunmu\u015f ve Fatih\u2019in elinin kesilmesine karar verilmi\u015ftir.<\/div>\n<div dir=\"auto\">Hristiyan mimar bu adil karar kar\u015f\u0131s\u0131nda g\u00f6zya\u015flar\u0131n\u0131 tutamam\u0131\u015f, \u015fahadet getirerek M\u00fcsl\u00fcman olmu\u015ftur.<\/div>\n<div dir=\"auto\">Fatih Sultan Mehmet de \u00f6l\u00fcnceye kadar mimar\u0131n iki \u00e7ocu\u011fu ve han\u0131m\u0131yla birlikte b\u00fct\u00fcn mai\u015fetini \u015fahsi servetinden vererek rahat ya\u015famas\u0131n\u0131 sa\u011flam\u0131\u015ft\u0131r.<\/div>\n<div dir=\"auto\">Mimar, han\u0131m\u0131 ve \u00e7ocuklar\u0131yla birlikte \u0130slamiyet&#8217;in yay\u0131lmas\u0131 i\u00e7in \u00f6l\u00fcnceye kadar gayret g\u00f6stermi\u015ftir.<\/div>\n<div dir=\"auto\">Birka\u00e7 g\u00fcn sonra H\u0131z\u0131r \u00c7elebi\u2019yi ziyarete giden Fatih k\u0131l\u0131c\u0131n\u0131 g\u00f6stererek:<\/div>\n<div dir=\"auto\">\u201cE\u011fer bana bir su\u00e7lu gibi de\u011fil de bir padi\u015fah gibi muamele etseydin seni \u015fu k\u0131l\u0131c\u0131mla par\u00e7alard\u0131m\u201d demi\u015ftir.<\/div>\n<div dir=\"auto\">H\u0131z\u0131r \u00c7elebi de paltosunun iki ete\u011finin alt\u0131ndaki 2 adet aslan\u0131 g\u00f6stererek:<\/div>\n<div dir=\"auto\">\u201cE\u011fer padi\u015fahl\u0131\u011f\u0131na g\u00fcvenip, dinin emri olan h\u00fckme kar\u015f\u0131 gelseydin seni bu aslanlara par\u00e7alatacakt\u0131m\u201d demi\u015ftir.<\/div>\n<div dir=\"auto\">\u0130\u015fte Osmanl\u0131lar\u0131n adalet anlay\u0131\u015f\u0131\u2026<\/div>\n<div dir=\"auto\">Bu anlay\u0131\u015f Avrupa K\u00fclt\u00fcr Ba\u015fkenti \u0130stanbul\u2019u T\u00fcrk d\u00fcnyas\u0131n\u0131n manevi ba\u015fkenti yapm\u0131\u015ft\u0131r.<\/div>\n<div dir=\"auto\">Ho\u015f\u00e7a kal\u0131n\u0131z.<\/div>\n<div dir=\"auto\">sorular\u0131n\u0131z i\u00e7in (\u00a0<a href=\"mailto:gazimert333@gmail.com\" target=\"_blank\" rel=\"noopener\">gazimert333@gmail.com<\/a>\u00a0)<\/div>\n<\/div>\n<\/div>\n<div class=\"yj6qo\"><\/div>\n<div class=\"adL\"><\/div>\n<\/div>\n<\/div>\n<\/div>\n<div id=\"avWBGd-18\" class=\"WhmR8e\" data-hash=\"0\"><\/div>\n<\/div>\n<\/div>\n","protected":false},"excerpt":{"rendered":"<p>\u0130stanbul\u2019dan Say\u0131n Sebahattin \u00d6zbek soruyor: SORU: \u2018\u2019\u2026\u0130stanbul 2010 y\u0131l\u0131nda Avrupa&#8217;n\u0131n k\u00fclt\u00fcr ba\u015fkenti ilan edilmi\u015fti. O g\u00fcnleri hat\u0131rl\u0131yorum: 16 Ocak 2010\u2019da \u0130stanbul K\u00fclt\u00fcr ba\u015fkentinin resmi a\u00e7\u0131l\u0131\u015f\u0131nda 7 ayr\u0131 yerde g\u00f6rkemli \u015f\u00f6lenler yap\u0131lm\u0131\u015ft\u0131. Bir y\u0131l boyunca 497 proje hayata ge\u00e7irilmi\u015fti\u2026 Sergi ve festivaller, m\u00fcze ve k\u00fct\u00fcphaneler 39 il\u00e7eye yay\u0131lm\u0131\u015ft\u0131\u2026 \u0130lk g\u00fcn yap\u0131lan g\u00f6rkemli a\u00e7\u0131l\u0131\u015f t\u00f6renlerini izlerken arkada\u015flar\u0131mla [&hellip;]<\/p>\n","protected":false},"author":11,"featured_media":126869,"comment_status":"open","ping_status":"open","sticky":false,"template":"","format":"standard","meta":{"footnotes":""},"categories":[21],"tags":[],"class_list":["post-127302","post","type-post","status-publish","format-standard","has-post-thumbnail","hentry","category-gazi-mert"],"views":370,"_links":{"self":[{"href":"https:\/\/mersingazetesi.com\/index.php\/wp-json\/wp\/v2\/posts\/127302","targetHints":{"allow":["GET"]}}],"collection":[{"href":"https:\/\/mersingazetesi.com\/index.php\/wp-json\/wp\/v2\/posts"}],"about":[{"href":"https:\/\/mersingazetesi.com\/index.php\/wp-json\/wp\/v2\/types\/post"}],"author":[{"embeddable":true,"href":"https:\/\/mersingazetesi.com\/index.php\/wp-json\/wp\/v2\/users\/11"}],"replies":[{"embeddable":true,"href":"https:\/\/mersingazetesi.com\/index.php\/wp-json\/wp\/v2\/comments?post=127302"}],"version-history":[{"count":1,"href":"https:\/\/mersingazetesi.com\/index.php\/wp-json\/wp\/v2\/posts\/127302\/revisions"}],"predecessor-version":[{"id":127303,"href":"https:\/\/mersingazetesi.com\/index.php\/wp-json\/wp\/v2\/posts\/127302\/revisions\/127303"}],"wp:featuredmedia":[{"embeddable":true,"href":"https:\/\/mersingazetesi.com\/index.php\/wp-json\/wp\/v2\/media\/126869"}],"wp:attachment":[{"href":"https:\/\/mersingazetesi.com\/index.php\/wp-json\/wp\/v2\/media?parent=127302"}],"wp:term":[{"taxonomy":"category","embeddable":true,"href":"https:\/\/mersingazetesi.com\/index.php\/wp-json\/wp\/v2\/categories?post=127302"},{"taxonomy":"post_tag","embeddable":true,"href":"https:\/\/mersingazetesi.com\/index.php\/wp-json\/wp\/v2\/tags?post=127302"}],"curies":[{"name":"wp","href":"https:\/\/api.w.org\/{rel}","templated":true}]}}