{"id":127299,"date":"2026-03-09T10:09:07","date_gmt":"2026-03-09T07:09:07","guid":{"rendered":"https:\/\/mersingazetesi.com\/?p=127299"},"modified":"2026-03-09T10:09:07","modified_gmt":"2026-03-09T07:09:07","slug":"toroslarin-melekleri-8-martta-parkeye-indi","status":"publish","type":"post","link":"https:\/\/mersingazetesi.com\/index.php\/2026\/03\/09\/toroslarin-melekleri-8-martta-parkeye-indi\/","title":{"rendered":"TOROSLAR&#8217;IN MELEKLER\u0130 8 MART&#8217;TA PARKEYE \u0130ND\u0130"},"content":{"rendered":"<p>Toroslar Belediyesi Spor Kul\u00fcb\u00fc Kad\u0131n Hentbol Tak\u0131m\u0131, 8 Mart D\u00fcnya Emek\u00e7i Kad\u0131nlar G\u00fcn\u00fc&#8217;nde anlaml\u0131 bir galibiyete imza att\u0131. Toroslar temsilcisi, Hentbol Mersin Spor Kul\u00fcb\u00fc ile kar\u015f\u0131la\u015ft\u0131\u011f\u0131 m\u00fccadelede sahadan 61-17&#8217;lik farkl\u0131 bir skorla galip ayr\u0131larak hem sporseverlere hem de kad\u0131nlara \u00f6zel g\u00fcne yak\u0131\u015f\u0131r bir ba\u015far\u0131 ya\u015fatt\u0131.<\/p>\n<p>&nbsp;<\/p>\n<p>Yal\u0131nayak 500 Ki\u015filik Spor Salonu&#8217;nda oynanan kar\u015f\u0131la\u015fma, trib\u00fcnlerdeki co\u015fkulu atmosferle dikkat \u00e7ekti. Ma\u00e7 \u00f6ncesinde Toroslar Belediye Ba\u015fkan\u0131 Abdurrahman Y\u0131ld\u0131z ile Toroslar Belediyesi Spor Kul\u00fcb\u00fc Ba\u015fkan\u0131 Mevl\u00fct \u00c7oban, 8 Mart D\u00fcnya Emek\u00e7i Kad\u0131nlar G\u00fcn\u00fc dolay\u0131s\u0131yla sahaya \u00e7\u0131kan sporculara ve kar\u015f\u0131la\u015fman\u0131n hakemlerine \u00e7i\u00e7ek takdim etti.<\/p>\n<p>&nbsp;<\/p>\n<p>Sporculara verilen \u00e7i\u00e7ekler, salonda alk\u0131\u015flarla kar\u015f\u0131land\u0131 ve m\u00fcsabaka dostluk mesajlar\u0131yla ba\u015flad\u0131. Hentbol Kad\u0131nlar 2. Ligi F Grubu&#8217;nda m\u00fccadele eden Toroslar Belediyesi Spor Kul\u00fcb\u00fc Kad\u0131n Hentbol Tak\u0131m\u0131, grup a\u015famas\u0131ndaki son ma\u00e7\u0131n\u0131 da kazanarak \u00f6nemli bir ba\u015far\u0131 elde etti. Ald\u0131\u011f\u0131 bu galibiyetle puan\u0131n\u0131 12&#8217;ye y\u00fckselten Toroslar&#8217;\u0131n melekleri, grubunu lider tamamlayarak zirveye yerle\u015fti.<\/p>\n<p>&nbsp;<\/p>\n<p>Ba\u015far\u0131l\u0131 performanslar\u0131yla dikkat \u00e7eken tak\u0131m, bu sonu\u00e7la birlikte U\u015fak&#8217;ta d\u00fczenlenecek Play-Off m\u00fcsabakalar\u0131nda Mersin&#8217;i ve Toroslar&#8217;\u0131 temsil etme hakk\u0131 kazand\u0131.<\/p>\n<p>&nbsp;<\/p>\n<p>&#8220;G\u00dc\u00c7L\u00dc KADIN, G\u00dc\u00c7L\u00dc YARINLARDIR&#8221;<\/p>\n<p>&nbsp;<\/p>\n<p>Kar\u015f\u0131la\u015fman\u0131n ard\u0131ndan de\u011ferlendirmelerde bulunan Toroslar Belediye Ba\u015fkan\u0131 Abdurrahman Y\u0131ld\u0131z, kad\u0131nlar\u0131n hayat\u0131n her alan\u0131nda oldu\u011fu gibi spor alan\u0131nda da \u00f6nemli ba\u015far\u0131lara imza att\u0131\u011f\u0131n\u0131 belirterek kad\u0131n sporcularla gurur duyduklar\u0131n\u0131 ifade etti.<\/p>\n<p>&nbsp;<\/p>\n<p>Ba\u015fkan Y\u0131ld\u0131z, kad\u0131nlar\u0131n sporda g\u00f6sterdi\u011fi azim ve kararl\u0131l\u0131\u011f\u0131n topluma ilham verdi\u011fini belirterek, &#8220;Kad\u0131nlar\u0131n hayat\u0131n her alan\u0131nda oldu\u011fu gibi spor alan\u0131nda da ortaya koyduklar\u0131 azim, kararl\u0131l\u0131k ve ba\u015far\u0131 bizlere b\u00fcy\u00fck bir gurur veriyor. Sahada sporcular\u0131m\u0131z\u0131n ortaya koydu\u011fu m\u00fccadele kadar trib\u00fcnlerde g\u00f6rd\u00fc\u011f\u00fcm\u00fcz birlik ve beraberlik de bizleri son derece mutlu etti. Spor, dostlu\u011fu ve dayan\u0131\u015fmay\u0131 bir araya getiren evrensel bir dildir.&#8221; dedi.<\/p>\n<p>&nbsp;<\/p>\n<p>&#8220;SPORDA KADINLARIN YANINDAYIZ&#8221;<\/p>\n<p>Toroslar Belediyesi olarak gen\u00e7lere ve kad\u0131n sporculara destek vermeyi s\u00fcrd\u00fcreceklerini belirten Ba\u015fkan Y\u0131ld\u0131z, kad\u0131n hentbol tak\u0131m\u0131n\u0131n Play-Off s\u00fcrecinde de \u00f6nemli ba\u015far\u0131lara imza ataca\u011f\u0131na inand\u0131klar\u0131n\u0131 s\u00f6yledi.<\/p>\n<p>&nbsp;<\/p>\n","protected":false},"excerpt":{"rendered":"<p>Toroslar Belediyesi Spor Kul\u00fcb\u00fc Kad\u0131n Hentbol Tak\u0131m\u0131, 8 Mart D\u00fcnya Emek\u00e7i Kad\u0131nlar G\u00fcn\u00fc&#8217;nde anlaml\u0131 bir galibiyete imza att\u0131. Toroslar temsilcisi, Hentbol Mersin Spor Kul\u00fcb\u00fc ile kar\u015f\u0131la\u015ft\u0131\u011f\u0131 m\u00fccadelede sahadan 61-17&#8217;lik farkl\u0131 bir skorla galip ayr\u0131larak hem sporseverlere hem de kad\u0131nlara \u00f6zel g\u00fcne yak\u0131\u015f\u0131r bir ba\u015far\u0131 ya\u015fatt\u0131. &nbsp; Yal\u0131nayak 500 Ki\u015filik Spor Salonu&#8217;nda oynanan kar\u015f\u0131la\u015fma, trib\u00fcnlerdeki co\u015fkulu [&hellip;]<\/p>\n","protected":false},"author":2,"featured_media":127300,"comment_status":"open","ping_status":"open","sticky":false,"template":"","format":"standard","meta":{"footnotes":""},"categories":[6,2],"tags":[],"class_list":["post-127299","post","type-post","status-publish","format-standard","has-post-thumbnail","hentry","category-spor","category-kadin"],"views":1142,"_links":{"self":[{"href":"https:\/\/mersingazetesi.com\/index.php\/wp-json\/wp\/v2\/posts\/127299","targetHints":{"allow":["GET"]}}],"collection":[{"href":"https:\/\/mersingazetesi.com\/index.php\/wp-json\/wp\/v2\/posts"}],"about":[{"href":"https:\/\/mersingazetesi.com\/index.php\/wp-json\/wp\/v2\/types\/post"}],"author":[{"embeddable":true,"href":"https:\/\/mersingazetesi.com\/index.php\/wp-json\/wp\/v2\/users\/2"}],"replies":[{"embeddable":true,"href":"https:\/\/mersingazetesi.com\/index.php\/wp-json\/wp\/v2\/comments?post=127299"}],"version-history":[{"count":1,"href":"https:\/\/mersingazetesi.com\/index.php\/wp-json\/wp\/v2\/posts\/127299\/revisions"}],"predecessor-version":[{"id":127301,"href":"https:\/\/mersingazetesi.com\/index.php\/wp-json\/wp\/v2\/posts\/127299\/revisions\/127301"}],"wp:featuredmedia":[{"embeddable":true,"href":"https:\/\/mersingazetesi.com\/index.php\/wp-json\/wp\/v2\/media\/127300"}],"wp:attachment":[{"href":"https:\/\/mersingazetesi.com\/index.php\/wp-json\/wp\/v2\/media?parent=127299"}],"wp:term":[{"taxonomy":"category","embeddable":true,"href":"https:\/\/mersingazetesi.com\/index.php\/wp-json\/wp\/v2\/categories?post=127299"},{"taxonomy":"post_tag","embeddable":true,"href":"https:\/\/mersingazetesi.com\/index.php\/wp-json\/wp\/v2\/tags?post=127299"}],"curies":[{"name":"wp","href":"https:\/\/api.w.org\/{rel}","templated":true}]}}