{"id":127274,"date":"2026-03-08T17:15:40","date_gmt":"2026-03-08T14:15:40","guid":{"rendered":"https:\/\/mersingazetesi.com\/?p=127274"},"modified":"2026-03-08T17:15:40","modified_gmt":"2026-03-08T14:15:40","slug":"mersinde-camide-cikan-yangin-hasara-yol-acti","status":"publish","type":"post","link":"https:\/\/mersingazetesi.com\/index.php\/2026\/03\/08\/mersinde-camide-cikan-yangin-hasara-yol-acti\/","title":{"rendered":"Mersin&#8217;de camide \u00e7\u0131kan yang\u0131n hasara yol a\u00e7t\u0131"},"content":{"rendered":"<p><strong class=\"searchword\">Mersin<\/strong>\u2019in Bozyaz\u0131 il\u00e7esinde bir camide elektrik panosundan \u00e7\u0131kt\u0131\u011f\u0131 de\u011ferlendirilen yang\u0131n, itfaiye ekiplerinin m\u00fcdahalesiyle b\u00fcy\u00fcmeden s\u00f6nd\u00fcr\u00fcld\u00fc.<br \/>\nEdinilen bilgiye g\u00f6re, Bozyaz\u0131 il\u00e7esine ba\u011fl\u0131 Tekmen Mahallesi\u2019nde bulunan Tekmen Merkez Camiinde sabaha kar\u015f\u0131 yang\u0131n \u00e7\u0131kt\u0131. Sahura kalkan vatanda\u015flar\u0131n duman\u0131 fark etmesi \u00fczerine durum 112 Acil \u00c7a\u011fr\u0131 Merkezine bildirildi. \u0130hbar \u00fczerine olay yerine\u00a0<strong class=\"searchword\">Mersin<\/strong>\u00a0B\u00fcy\u00fck\u015fehir Belediyesi itfaiye ekipleri sevk edildi. Ekiplerin h\u0131zl\u0131 m\u00fcdahalesiyle yang\u0131n k\u0131sa s\u00fcrede kontrol alt\u0131na al\u0131narak s\u00f6nd\u00fcr\u00fcld\u00fc.<br \/>\nYang\u0131n nedeniyle camide bulunan hal\u0131lar\u0131n bir k\u0131sm\u0131 ile imam odas\u0131nda hasar olu\u015furken, caminin tamam\u0131n\u0131n dumandan etkilendi\u011fi \u00f6\u011frenildi.<br \/>\nElektrik panosundan \u00e7\u0131kt\u0131\u011f\u0131 de\u011ferlendirilen yang\u0131nla ilgili inceleme ba\u015flat\u0131ld\u0131.<\/p>\n","protected":false},"excerpt":{"rendered":"<p>Mersin\u2019in Bozyaz\u0131 il\u00e7esinde bir camide elektrik panosundan \u00e7\u0131kt\u0131\u011f\u0131 de\u011ferlendirilen yang\u0131n, itfaiye ekiplerinin m\u00fcdahalesiyle b\u00fcy\u00fcmeden s\u00f6nd\u00fcr\u00fcld\u00fc. Edinilen bilgiye g\u00f6re, Bozyaz\u0131 il\u00e7esine ba\u011fl\u0131 Tekmen Mahallesi\u2019nde bulunan Tekmen Merkez Camiinde sabaha kar\u015f\u0131 yang\u0131n \u00e7\u0131kt\u0131. Sahura kalkan vatanda\u015flar\u0131n duman\u0131 fark etmesi \u00fczerine durum 112 Acil \u00c7a\u011fr\u0131 Merkezine bildirildi. \u0130hbar \u00fczerine olay yerine\u00a0Mersin\u00a0B\u00fcy\u00fck\u015fehir Belediyesi itfaiye ekipleri sevk edildi. Ekiplerin h\u0131zl\u0131 [&hellip;]<\/p>\n","protected":false},"author":2,"featured_media":127275,"comment_status":"open","ping_status":"open","sticky":false,"template":"","format":"standard","meta":{"footnotes":""},"categories":[1],"tags":[],"class_list":["post-127274","post","type-post","status-publish","format-standard","has-post-thumbnail","hentry","category-gundem"],"views":280,"_links":{"self":[{"href":"https:\/\/mersingazetesi.com\/index.php\/wp-json\/wp\/v2\/posts\/127274","targetHints":{"allow":["GET"]}}],"collection":[{"href":"https:\/\/mersingazetesi.com\/index.php\/wp-json\/wp\/v2\/posts"}],"about":[{"href":"https:\/\/mersingazetesi.com\/index.php\/wp-json\/wp\/v2\/types\/post"}],"author":[{"embeddable":true,"href":"https:\/\/mersingazetesi.com\/index.php\/wp-json\/wp\/v2\/users\/2"}],"replies":[{"embeddable":true,"href":"https:\/\/mersingazetesi.com\/index.php\/wp-json\/wp\/v2\/comments?post=127274"}],"version-history":[{"count":1,"href":"https:\/\/mersingazetesi.com\/index.php\/wp-json\/wp\/v2\/posts\/127274\/revisions"}],"predecessor-version":[{"id":127276,"href":"https:\/\/mersingazetesi.com\/index.php\/wp-json\/wp\/v2\/posts\/127274\/revisions\/127276"}],"wp:featuredmedia":[{"embeddable":true,"href":"https:\/\/mersingazetesi.com\/index.php\/wp-json\/wp\/v2\/media\/127275"}],"wp:attachment":[{"href":"https:\/\/mersingazetesi.com\/index.php\/wp-json\/wp\/v2\/media?parent=127274"}],"wp:term":[{"taxonomy":"category","embeddable":true,"href":"https:\/\/mersingazetesi.com\/index.php\/wp-json\/wp\/v2\/categories?post=127274"},{"taxonomy":"post_tag","embeddable":true,"href":"https:\/\/mersingazetesi.com\/index.php\/wp-json\/wp\/v2\/tags?post=127274"}],"curies":[{"name":"wp","href":"https:\/\/api.w.org\/{rel}","templated":true}]}}