{"id":127266,"date":"2026-03-08T13:41:35","date_gmt":"2026-03-08T10:41:35","guid":{"rendered":"https:\/\/mersingazetesi.com\/?p=127266"},"modified":"2026-03-08T13:41:35","modified_gmt":"2026-03-08T10:41:35","slug":"istanbul-kgk-iftarinda-kadinlar-one-cikti","status":"publish","type":"post","link":"https:\/\/mersingazetesi.com\/index.php\/2026\/03\/08\/istanbul-kgk-iftarinda-kadinlar-one-cikti\/","title":{"rendered":"\u0130stanbul KGK \u0130ftar\u0131nda Kad\u0131nlar \u00d6ne \u00c7\u0131kt\u0131"},"content":{"rendered":"<div class=\"container\">\n<p class=\"lead text-lg-start text-dark my-2 description\">K\u00fcresel Gazeteciler Konseyi (KGK) geleneksel iftar bulu\u015fmalar\u0131n\u0131n ikincisini \u0130stanbul\u2019da ger\u00e7ekle\u015ftirdi.<\/p>\n<p>Etkinlik, Mecidiyek\u00f6y\u2019deki Focaccia Restaurant\u2019\u0131n \u00f6zel salonunda d\u00fczenlenen sofra etraf\u0131nda ger\u00e7ekle\u015fti. \u0130stanbul\u2019da g\u00f6rev yapan KGK \u00fcyeleri, KGK Hollanda Temsilcisi Yavuz Nufel, M\u0131s\u0131r Temsilcisi Maseut Ali, Gazze\u2019de aya\u011f\u0131n\u0131 kaybeden TRT muhabiri Sami \u015eahade, Yabanc\u0131 Gazeteciler Derne\u011fi kurucu ba\u015fkan\u0131 Christian Failand ve Hindistan \u0130stanbul Konsolosu Bhasker Dwivedi\u2019nin yan\u0131 s\u0131ra Bas\u0131n \u0130lan Kurumu Denetim Kurulu Ba\u015fkan\u0131 Baturhan Ko\u00e7ak da kat\u0131ld\u0131. Konuklara iftariyelikler, mercimek \u00e7orbas\u0131, peynirli b\u00f6rek, kar\u0131\u015f\u0131k \u0131zgara ve soft i\u00e7ecekler sunuldu.<\/p>\n<p>\u0130ftar sofras\u0131nda KGK Genel Ba\u015fkan\u0131 Mehmet Ali Dim\u2019e, Genel Ba\u015fkan Yard\u0131mc\u0131s\u0131 Nalan Yazgan, Mali Ba\u015fkan Erdal G\u00fcven, Genel Sekreter Yard\u0131mc\u0131s\u0131 Hayati Ar\u0131gan, y\u00f6netim kurulu \u00fcyeleri Dursun Eker ve Serta\u00e7 Viranc\u0131k ile D\u0131\u015f Medya Meclis Ba\u015fkan Vekili Ahmet Co\u015fkunayd\u0131n ve Yayg\u0131n Medya Ba\u015fkan Yard\u0131mc\u0131s\u0131 Ferhat Y\u0131ld\u0131r\u0131m e\u015flik etti.<\/p>\n<p>KGK Genel Ba\u015fkan\u0131 Mehmet Ali Dim, etkinlikte yapt\u0131\u011f\u0131 konu\u015fmada, KGK\u2019n\u0131n y\u00fcr\u00fctt\u00fc\u011f\u00fc faaliyetleri aktard\u0131 ve 8 Mart D\u00fcnya Kad\u0131nlar G\u00fcn\u00fc vesilesiyle kad\u0131na y\u00f6nelik \u015fiddet ve kad\u0131n cinayetlerine kar\u015f\u0131 y\u00fcr\u00fct\u00fclen sosyal arabuluculuk projesine de\u011findi. Dim, iftara kat\u0131lan kad\u0131n \u00fcyelere birer k\u0131rm\u0131z\u0131 g\u00fcl takdim ederek g\u00fcnlerini kutlad\u0131 ve \u00f6zellikle yak\u0131n co\u011frafyada ya\u015fanan sava\u015flarla ilgili duyarl\u0131 habercilik yap\u0131lmas\u0131 gerekti\u011fine vurgu yapt\u0131.<\/p>\n<div class=\"post-flash\">\n<div class=\"row g-0 align-items-center\">\n<div class=\"col-7 col-sm-9\">\n<div class=\"post-flash-heading p-2\"><\/div>\n<\/div>\n<\/div>\n<\/div>\n<p>Dim a\u00e7\u0131klamas\u0131nda, \u201cBu sava\u015f\u0131n \u00fclkemize s\u0131\u00e7ramamas\u0131 i\u00e7in ve karde\u015f Azerbaycan ile ilgili dezenformasyon i\u00e7erikli yay\u0131nlarda dikkatli olmak zorunday\u0131z. Konseyimiz bu konularda milli duru\u015funu s\u00fcrd\u00fcrmeye devam edecektir. S\u0131k\u0131\u015f\u0131k haber trafi\u011fine ra\u011fmen iftar sofram\u0131za onur katan herkese te\u015fekk\u00fcr ederim. Allah ibadetlerimizi kabul etsin\u201d ifadelerini kulland\u0131.<\/p>\n<p>\u0130ftar, \u00e7ay ve kahve e\u015fli\u011finde mesleki sohbetlerle sona erdi.<\/p>\n<p>&nbsp;<\/p>\n<\/div>\n<div class=\"bg-light py-1\">\n<div class=\"container d-flex justify-content-between align-items-center\">\n<div class=\"meta-author\"><\/div>\n<\/div>\n<\/div>\n","protected":false},"excerpt":{"rendered":"<p>K\u00fcresel Gazeteciler Konseyi (KGK) geleneksel iftar bulu\u015fmalar\u0131n\u0131n ikincisini \u0130stanbul\u2019da ger\u00e7ekle\u015ftirdi. Etkinlik, Mecidiyek\u00f6y\u2019deki Focaccia Restaurant\u2019\u0131n \u00f6zel salonunda d\u00fczenlenen sofra etraf\u0131nda ger\u00e7ekle\u015fti. \u0130stanbul\u2019da g\u00f6rev yapan KGK \u00fcyeleri, KGK Hollanda Temsilcisi Yavuz Nufel, M\u0131s\u0131r Temsilcisi Maseut Ali, Gazze\u2019de aya\u011f\u0131n\u0131 kaybeden TRT muhabiri Sami \u015eahade, Yabanc\u0131 Gazeteciler Derne\u011fi kurucu ba\u015fkan\u0131 Christian Failand ve Hindistan \u0130stanbul Konsolosu Bhasker Dwivedi\u2019nin yan\u0131 [&hellip;]<\/p>\n","protected":false},"author":2,"featured_media":127267,"comment_status":"open","ping_status":"open","sticky":false,"template":"","format":"standard","meta":{"footnotes":""},"categories":[1],"tags":[],"class_list":["post-127266","post","type-post","status-publish","format-standard","has-post-thumbnail","hentry","category-gundem"],"views":353,"_links":{"self":[{"href":"https:\/\/mersingazetesi.com\/index.php\/wp-json\/wp\/v2\/posts\/127266","targetHints":{"allow":["GET"]}}],"collection":[{"href":"https:\/\/mersingazetesi.com\/index.php\/wp-json\/wp\/v2\/posts"}],"about":[{"href":"https:\/\/mersingazetesi.com\/index.php\/wp-json\/wp\/v2\/types\/post"}],"author":[{"embeddable":true,"href":"https:\/\/mersingazetesi.com\/index.php\/wp-json\/wp\/v2\/users\/2"}],"replies":[{"embeddable":true,"href":"https:\/\/mersingazetesi.com\/index.php\/wp-json\/wp\/v2\/comments?post=127266"}],"version-history":[{"count":2,"href":"https:\/\/mersingazetesi.com\/index.php\/wp-json\/wp\/v2\/posts\/127266\/revisions"}],"predecessor-version":[{"id":127269,"href":"https:\/\/mersingazetesi.com\/index.php\/wp-json\/wp\/v2\/posts\/127266\/revisions\/127269"}],"wp:featuredmedia":[{"embeddable":true,"href":"https:\/\/mersingazetesi.com\/index.php\/wp-json\/wp\/v2\/media\/127267"}],"wp:attachment":[{"href":"https:\/\/mersingazetesi.com\/index.php\/wp-json\/wp\/v2\/media?parent=127266"}],"wp:term":[{"taxonomy":"category","embeddable":true,"href":"https:\/\/mersingazetesi.com\/index.php\/wp-json\/wp\/v2\/categories?post=127266"},{"taxonomy":"post_tag","embeddable":true,"href":"https:\/\/mersingazetesi.com\/index.php\/wp-json\/wp\/v2\/tags?post=127266"}],"curies":[{"name":"wp","href":"https:\/\/api.w.org\/{rel}","templated":true}]}}