{"id":127256,"date":"2026-03-08T12:04:24","date_gmt":"2026-03-08T09:04:24","guid":{"rendered":"https:\/\/mersingazetesi.com\/?p=127256"},"modified":"2026-03-08T12:04:24","modified_gmt":"2026-03-08T09:04:24","slug":"kadinlar-gununu-tarlada-calisarak-kutladilar-2","status":"publish","type":"post","link":"https:\/\/mersingazetesi.com\/index.php\/2026\/03\/08\/kadinlar-gununu-tarlada-calisarak-kutladilar-2\/","title":{"rendered":"Kad\u0131nlar G\u00fcn\u00fcn\u00fc tarlada \u00e7al\u0131\u015farak kutlad\u0131lar"},"content":{"rendered":"<p>Mersin&#8217;in Silifke il\u00e7esinde 8 Mart D\u00fcnya Kad\u0131nlar G\u00fcn\u00fc&#8217;nde bir\u00e7ok kad\u0131n, tarlada sabah saat 06.00&#8217;da ba\u015flad\u0131klar\u0131 mesailerini g\u00fcne\u015f bat\u0131ncaya kadar s\u00fcrd\u00fcr\u00fcyor.<br \/>\nT\u00fcm d\u00fcnyada emek\u00e7i kad\u0131nlar\u0131n g\u00fcn\u00fc olarak kutlanan 8 Mart D\u00fcnya Kad\u0131nlar G\u00fcn\u00fc, T\u00fcrkiye&#8217;nin \u00e7e\u015fitli b\u00f6lgelerinde etkinliklerle kutlan\u0131yor. Kimi kad\u0131nlar bu \u00f6zel g\u00fcnde e\u011flenirken kimileri de tarlalarda \u00e7al\u0131\u015farak ge\u00e7imini sa\u011flamaya \u00e7al\u0131\u015f\u0131yor. Tarladaki kad\u0131n is\u00e7ilerin g\u00fcnlerinden habersiz yevmiye tela\u015f\u0131na d\u00fc\u015ferken, ortaya konulan tablo hayat\u0131n ger\u00e7eklerini de g\u00f6zler \u00f6n\u00fcne seriyor.<br \/>\n\u00d6zellikle Silifke&#8217;de tarlalarda \u00e7al\u0131\u015fan kad\u0131n i\u015f\u00e7ilerin say\u0131s\u0131 olduk\u00e7a y\u00fcksek. Silifke&#8217;de binlerce kad\u0131n hemcinsleri \u00e7e\u015fitli etkinliklerle bu \u00f6zel g\u00fcn\u00fc kutlarken, baz\u0131 kad\u0131nlar tarlalarda \u00e7al\u0131\u015farak evine ekmek g\u00f6t\u00fcrme tela\u015f\u0131na d\u00fc\u015ft\u00fc.<br \/>\n8 Mart D\u00fcnya Emek\u00e7i Kad\u0131nlar G\u00fcn\u00fc&#8217;n\u00fcn kendileri i\u00e7in di\u011fer g\u00fcnlerden farkl\u0131 olmad\u0131\u011f\u0131n\u0131 belirten i\u015f\u00e7i \u00e7avu\u015fu Nahide Ayd\u0131n, bug\u00fcn\u00fc de \u00e7al\u0131\u015farak ge\u00e7irdiklerini yar\u0131n da \u00e7al\u0131\u015facaklar\u0131n\u0131 s\u00f6yledi. Ayd\u0131n, &#8220;8 Mart D\u00fcnya Kad\u0131nlar G\u00fcn\u00fc&#8217;nde yine \u00e7al\u0131\u015f\u0131yoruz. Kad\u0131nlar g\u00fcn\u00fcn\u00fc kutluyorum. \u00c7al\u0131\u015f\u0131p al\u0131n terimizle evimize ekmek g\u00f6t\u00fcr\u00fcyoruz. G\u00fcnl\u00fck \u00e7al\u0131\u015fmam\u0131z devam ediyor&#8221; dedi.<br \/>\nTeslime G\u00fcr de T\u00fcrk kad\u0131nlar\u0131n\u0131n ya\u011fmur \u00e7amur demeden \u00e7al\u0131\u015ft\u0131\u011f\u0131n\u0131, haklar\u0131 ile birlikte al\u0131n teri ile \u00e7al\u0131\u015farak emek harcad\u0131klar\u0131n\u0131 belirtti. Sultan Boz ise &#8220;Bug\u00fcn kad\u0131nlar g\u00fcn\u00fcnden haberimiz yok. Kalkt\u0131k tarlaya geldik \u00e7al\u0131\u015f\u0131yoruz. T\u00fcm kad\u0131nlar\u0131n kad\u0131nlar g\u00fcn\u00fc kutlu olsun&#8221; dedi.<\/p>\n","protected":false},"excerpt":{"rendered":"<p>Mersin&#8217;in Silifke il\u00e7esinde 8 Mart D\u00fcnya Kad\u0131nlar G\u00fcn\u00fc&#8217;nde bir\u00e7ok kad\u0131n, tarlada sabah saat 06.00&#8217;da ba\u015flad\u0131klar\u0131 mesailerini g\u00fcne\u015f bat\u0131ncaya kadar s\u00fcrd\u00fcr\u00fcyor. T\u00fcm d\u00fcnyada emek\u00e7i kad\u0131nlar\u0131n g\u00fcn\u00fc olarak kutlanan 8 Mart D\u00fcnya Kad\u0131nlar G\u00fcn\u00fc, T\u00fcrkiye&#8217;nin \u00e7e\u015fitli b\u00f6lgelerinde etkinliklerle kutlan\u0131yor. Kimi kad\u0131nlar bu \u00f6zel g\u00fcnde e\u011flenirken kimileri de tarlalarda \u00e7al\u0131\u015farak ge\u00e7imini sa\u011flamaya \u00e7al\u0131\u015f\u0131yor. Tarladaki kad\u0131n is\u00e7ilerin g\u00fcnlerinden habersiz [&hellip;]<\/p>\n","protected":false},"author":2,"featured_media":127257,"comment_status":"open","ping_status":"open","sticky":false,"template":"","format":"standard","meta":{"footnotes":""},"categories":[2],"tags":[],"class_list":["post-127256","post","type-post","status-publish","format-standard","has-post-thumbnail","hentry","category-kadin"],"views":1128,"_links":{"self":[{"href":"https:\/\/mersingazetesi.com\/index.php\/wp-json\/wp\/v2\/posts\/127256","targetHints":{"allow":["GET"]}}],"collection":[{"href":"https:\/\/mersingazetesi.com\/index.php\/wp-json\/wp\/v2\/posts"}],"about":[{"href":"https:\/\/mersingazetesi.com\/index.php\/wp-json\/wp\/v2\/types\/post"}],"author":[{"embeddable":true,"href":"https:\/\/mersingazetesi.com\/index.php\/wp-json\/wp\/v2\/users\/2"}],"replies":[{"embeddable":true,"href":"https:\/\/mersingazetesi.com\/index.php\/wp-json\/wp\/v2\/comments?post=127256"}],"version-history":[{"count":1,"href":"https:\/\/mersingazetesi.com\/index.php\/wp-json\/wp\/v2\/posts\/127256\/revisions"}],"predecessor-version":[{"id":127258,"href":"https:\/\/mersingazetesi.com\/index.php\/wp-json\/wp\/v2\/posts\/127256\/revisions\/127258"}],"wp:featuredmedia":[{"embeddable":true,"href":"https:\/\/mersingazetesi.com\/index.php\/wp-json\/wp\/v2\/media\/127257"}],"wp:attachment":[{"href":"https:\/\/mersingazetesi.com\/index.php\/wp-json\/wp\/v2\/media?parent=127256"}],"wp:term":[{"taxonomy":"category","embeddable":true,"href":"https:\/\/mersingazetesi.com\/index.php\/wp-json\/wp\/v2\/categories?post=127256"},{"taxonomy":"post_tag","embeddable":true,"href":"https:\/\/mersingazetesi.com\/index.php\/wp-json\/wp\/v2\/tags?post=127256"}],"curies":[{"name":"wp","href":"https:\/\/api.w.org\/{rel}","templated":true}]}}