{"id":127249,"date":"2026-03-08T12:00:34","date_gmt":"2026-03-08T09:00:34","guid":{"rendered":"https:\/\/mersingazetesi.com\/?p=127249"},"modified":"2026-03-08T12:00:34","modified_gmt":"2026-03-08T09:00:34","slug":"baskan-ozyigit-kadin-uretirse-dunya-degisir","status":"publish","type":"post","link":"https:\/\/mersingazetesi.com\/index.php\/2026\/03\/08\/baskan-ozyigit-kadin-uretirse-dunya-degisir\/","title":{"rendered":"Ba\u015fkan \u00d6zyi\u011fit: &#8220;Kad\u0131n \u00fcretirse d\u00fcnya de\u011fi\u015fir&#8221;"},"content":{"rendered":"<p>Yeni\u015fehir Belediye Ba\u015fkan\u0131 Abdullah \u00d6zyi\u011fit, 8 Mart D\u00fcnya Emek\u00e7i Kad\u0131nlar G\u00fcn\u00fc kapsam\u0131nda Kad\u0131n \u00dcretici Pazar\u0131\u2019n\u0131n emek\u00e7i kad\u0131nlar\u0131yla iftar sofras\u0131nda bulu\u015ftu. Ata Tenis Akademi Spor Kul\u00fcb\u00fc\u2019nde d\u00fczenlenen programda konu\u015fan \u00d6zyi\u011fit, kad\u0131n eme\u011finin toplumsal kalk\u0131nmadaki hayati rol\u00fcne dikkat \u00e7ekerek, &#8220;Zor ekonomik ko\u015fullarda kad\u0131n eme\u011fi sadece aile ekonomisi de\u011fil, toplumsal direni\u015fin de temel dire\u011fidir. Kad\u0131n bu \u00fclkenin ayakta kalan son kalesidir. Kad\u0131n \u00fcretirse d\u00fcnya de\u011fi\u015fir&#8221; dedi.<\/p>\n<p>Yeni\u015fehir Belediye Ba\u015fkan\u0131 Abdullah \u00d6zyi\u011fit, 8 Mart D\u00fcnya Emek\u00e7i Kad\u0131nlar G\u00fcn\u00fc dolay\u0131s\u0131yla Kad\u0131n \u00dcretici Pazar\u0131\u2019nda emek veren kad\u0131nlarla Ata Tenis Akademi Spor Kul\u00fcb\u00fc\u2019nde d\u00fczenlenen iftar program\u0131nda bir araya geldi. Etkinlikte konu\u015fan Ba\u015fkan \u00d6zyi\u011fit, Ramazan ay\u0131n\u0131n yard\u0131mla\u015fma ve dayan\u0131\u015fma ruhuna de\u011finerek, d\u00fcnyada ya\u015fanan ac\u0131lara da kay\u0131ts\u0131z kalmad\u0131. Kom\u015fu co\u011frafyalarda devam eden sava\u015flara ve d\u00f6k\u00fclen g\u00f6zya\u015flar\u0131na dikkat \u00e7eken Ba\u015fkan \u00d6zyi\u011fit, her ko\u015fulda do\u011frudan ve ger\u00e7eklikten yana olman\u0131n insani bir sorumluluk oldu\u011funu ifade ederek, \u201cB\u00f6yle zamanlarda hi\u00e7bir zaman do\u011frudan ve ger\u00e7eklikten ayr\u0131lmayaca\u011f\u0131z. Ve biz \u2018Su \u015f\u00f6yle mi d\u00fc\u015f\u00fcn\u00fcr sonra bize bunu mu yapar?\u2019 duygusuna kap\u0131lmadan do\u011fru olana do\u011fru, yanl\u0131\u015f olana da yanl\u0131\u015f demeyi bilmek zorunday\u0131z\u201d diye konu\u015ftu.<\/p>\n<p>\u201cKADIN EME\u011e\u0130 TOPLUMSAL D\u0130REN\u0130\u015e\u0130N TEMEL\u0130D\u0130R\u201d<\/p>\n<p>Ekonomik zorluklar\u0131n ya\u015fand\u0131\u011f\u0131 bu d\u00f6nemde kad\u0131nlar\u0131n \u00fcretim g\u00fcc\u00fcn\u00fcn stratejik bir \u00f6nem ta\u015f\u0131d\u0131\u011f\u0131n\u0131 belirten Ba\u015fkan \u00d6zyi\u011fit, kad\u0131n eme\u011finin toplumsal ba\u011flar\u0131 g\u00fc\u00e7lendiren ve dayan\u0131\u015fma a\u011flar\u0131 olu\u015fturan bir s\u00fcre\u00e7 oldu\u011funun alt\u0131n\u0131 \u00e7izerek, \u201cKad\u0131n eli de\u011fen her i\u015f, sadece bir \u00fcr\u00fcn de\u011fil; ayn\u0131 zamanda bir \u015fefkat ve diren\u00e7 hikayesidir. \u00dclkenin ge\u00e7ti\u011fi bu zorlu ekonomik dar bo\u011fazda, evinde, at\u00f6lyesinde, tarlas\u0131nda veya ofisinde emek veren kad\u0131n, asl\u0131nda bu \u00fclkenin ayakta kalan son kalesidir. \u015eartlar ne kadar zor olursa olsun m\u00fccadeleden ve \u00fcretmekten ba\u015fka da \u015fans\u0131m\u0131z yok.\u0130\u015fte b\u00f6ylesi zor ekonomik ko\u015fullarda kad\u0131n eme\u011fi sadece aile ekonomisi de\u011fil, toplumsal direni\u015fin de temel dire\u011fidir.Unutmayal\u0131m ki; bir toplumun kalk\u0131nmas\u0131, kad\u0131n\u0131n eme\u011finin g\u00f6r\u00fcn\u00fcr oldu\u011fu ve o eme\u011fin kar\u015f\u0131l\u0131\u011f\u0131n\u0131n adaletle \u00f6dendi\u011fi \u00f6l\u00e7\u00fcde m\u00fcmk\u00fcnd\u00fcr\u201d \u015feklinde konu\u015ftu.<\/p>\n<p>\u201cKADINLAR \u00c7OK G\u00dc\u00c7L\u00dc L\u0130DERLERD\u0130R\u201d<\/p>\n<p>Kad\u0131n ve Aile Hizmetleri M\u00fcd\u00fcrl\u00fc\u011f\u00fc ile birlikte y\u00fcr\u00fctt\u00fckleri \u00e7al\u0131\u015fmalar\u0131n kad\u0131n\u0131n toplumsal ya\u015famdaki belirleyici g\u00fcc\u00fcn\u00fc ve yard\u0131mla\u015fmay\u0131 nas\u0131l bir ya\u015fam bi\u00e7imine d\u00f6n\u00fc\u015ft\u00fcrd\u00fc\u011f\u00fcn\u00fc kan\u0131tlad\u0131\u011f\u0131n\u0131 kaydeden Ba\u015fkan \u00d6zyi\u011fit, \u201c\u0130nisiyatif almam\u0131za gerek kalmadan i\u015flerin kendili\u011finden y\u00fcr\u00fcmesi, asl\u0131nda kad\u0131nlar\u0131m\u0131z\u0131n ne kadar g\u00fc\u00e7l\u00fc birer lider ve organizat\u00f6r oldu\u011funun ispat\u0131d\u0131r. O y\u00fczden kad\u0131nlar hem \u00fcretimde hem de karar alma mekanizmalar\u0131nda daha fazla g\u00f6r\u00fcn\u00fcr olmal\u0131 ve yer almal\u0131d\u0131r. Kad\u0131n eme\u011fi \u00f6zg\u00fcrle\u015fti\u011finde ve hak etti\u011fi de\u011feri buldu\u011funda, sadece o aile de\u011fil, b\u00fct\u00fcn bir mahalle, b\u00fct\u00fcn bir \u015fehir ve nihayetinde b\u00fct\u00fcn bir \u00fclke refaha kavu\u015fur. \u00c7\u00fcnk\u00fc kad\u0131n \u00fcretirse d\u00fcnya de\u011fi\u015fir\u201d dedi. Konu\u015fmas\u0131n\u0131n sonunda 8 Mart D\u00fcnya Emek\u00e7i Kad\u0131nlar G\u00fcn\u00fc\u2019n\u00fc kutlayan Ba\u015fkan \u00d6zyi\u011fit, \u201cEn k\u00f6t\u00fc zaman\u0131m\u0131z\u0131n da b\u00f6yle olmas\u0131n\u0131 diliyorum ve 8 Mart\u2019\u0131 kutlarken sadece bir g\u00fcn\u00fc de\u011fil, kad\u0131nlar\u0131n y\u0131l\u0131n her g\u00fcn\u00fc b\u0131kmadan, usanmadan sergiledi\u011fi o devasa eme\u011fi selaml\u0131yoruz.\u00d6n\u00fcm\u00fczde bir bayram var. \u015eimdiden Ramazan Bayram\u0131n\u0131z\u0131 kutluyorum. Hepinizi sevgiyle, sayg\u0131yla selaml\u0131yorum. \u0130yi ki vars\u0131n\u0131z. Sa\u011f olun\u201d dedi.<\/p>\n<p>\u00d6te yandan Ba\u015fkan \u00d6zyi\u011fit, 8 Mart D\u00fcnya Emek\u00e7i Kad\u0131nlar G\u00fcn\u00fc dolay\u0131s\u0131yla Yeni\u015fehir Belediyesi kad\u0131n meclis \u00fcyelerinin de g\u00fcn\u00fcn\u00fc kutlad\u0131 ve katk\u0131lar\u0131 i\u00e7in te\u015fekk\u00fcr etti.<\/p>\n","protected":false},"excerpt":{"rendered":"<p>Yeni\u015fehir Belediye Ba\u015fkan\u0131 Abdullah \u00d6zyi\u011fit, 8 Mart D\u00fcnya Emek\u00e7i Kad\u0131nlar G\u00fcn\u00fc kapsam\u0131nda Kad\u0131n \u00dcretici Pazar\u0131\u2019n\u0131n emek\u00e7i kad\u0131nlar\u0131yla iftar sofras\u0131nda bulu\u015ftu. Ata Tenis Akademi Spor Kul\u00fcb\u00fc\u2019nde d\u00fczenlenen programda konu\u015fan \u00d6zyi\u011fit, kad\u0131n eme\u011finin toplumsal kalk\u0131nmadaki hayati rol\u00fcne dikkat \u00e7ekerek, &#8220;Zor ekonomik ko\u015fullarda kad\u0131n eme\u011fi sadece aile ekonomisi de\u011fil, toplumsal direni\u015fin de temel dire\u011fidir. Kad\u0131n bu \u00fclkenin ayakta [&hellip;]<\/p>\n","protected":false},"author":2,"featured_media":127250,"comment_status":"open","ping_status":"open","sticky":false,"template":"","format":"standard","meta":{"footnotes":""},"categories":[1],"tags":[],"class_list":["post-127249","post","type-post","status-publish","format-standard","has-post-thumbnail","hentry","category-gundem"],"views":343,"_links":{"self":[{"href":"https:\/\/mersingazetesi.com\/index.php\/wp-json\/wp\/v2\/posts\/127249","targetHints":{"allow":["GET"]}}],"collection":[{"href":"https:\/\/mersingazetesi.com\/index.php\/wp-json\/wp\/v2\/posts"}],"about":[{"href":"https:\/\/mersingazetesi.com\/index.php\/wp-json\/wp\/v2\/types\/post"}],"author":[{"embeddable":true,"href":"https:\/\/mersingazetesi.com\/index.php\/wp-json\/wp\/v2\/users\/2"}],"replies":[{"embeddable":true,"href":"https:\/\/mersingazetesi.com\/index.php\/wp-json\/wp\/v2\/comments?post=127249"}],"version-history":[{"count":2,"href":"https:\/\/mersingazetesi.com\/index.php\/wp-json\/wp\/v2\/posts\/127249\/revisions"}],"predecessor-version":[{"id":127252,"href":"https:\/\/mersingazetesi.com\/index.php\/wp-json\/wp\/v2\/posts\/127249\/revisions\/127252"}],"wp:featuredmedia":[{"embeddable":true,"href":"https:\/\/mersingazetesi.com\/index.php\/wp-json\/wp\/v2\/media\/127250"}],"wp:attachment":[{"href":"https:\/\/mersingazetesi.com\/index.php\/wp-json\/wp\/v2\/media?parent=127249"}],"wp:term":[{"taxonomy":"category","embeddable":true,"href":"https:\/\/mersingazetesi.com\/index.php\/wp-json\/wp\/v2\/categories?post=127249"},{"taxonomy":"post_tag","embeddable":true,"href":"https:\/\/mersingazetesi.com\/index.php\/wp-json\/wp\/v2\/tags?post=127249"}],"curies":[{"name":"wp","href":"https:\/\/api.w.org\/{rel}","templated":true}]}}