{"id":127240,"date":"2026-03-08T10:46:14","date_gmt":"2026-03-08T07:46:14","guid":{"rendered":"https:\/\/mersingazetesi.com\/?p=127240"},"modified":"2026-03-08T10:46:14","modified_gmt":"2026-03-08T07:46:14","slug":"emekli-kadinlar-da-sokakta","status":"publish","type":"post","link":"https:\/\/mersingazetesi.com\/index.php\/2026\/03\/08\/emekli-kadinlar-da-sokakta\/","title":{"rendered":"EMEKL\u0130 KADINLAR DA SOKAKTA"},"content":{"rendered":"<div dir=\"ltr\">8 Mart D\u00fcnya Emek\u00e7i Kad\u0131nlar G\u00fcn\u00fc \u00f6ncesi Emekli kad\u0131nlar, artan yoksulluk ve kad\u0131nlara y\u00f6nelik e\u015fitsizliklere\u00a0 kar\u015f\u0131 bas\u0131n a\u00e7\u0131klamas\u0131 yapt\u0131.<\/div>\n<div dir=\"ltr\">2021 T\u00fcm Emekliler Sendikas\u0131 Mersi \u015eubesi \u00fcyeleri ad\u0131na konu\u015fan Sendika Sekreteri S\u0131d\u0131ka G\u00fcnd\u00fcz, &#8220;Tarih boyunca kad\u0131nlar\u0131n e\u015fitlik ve \u00f6zg\u00fcrl\u00fck m\u00fccadelesi, ezilen s\u0131n\u0131flar\u0131n s\u00f6m\u00fcr\u00fcye ve despotizme kar\u015f\u0131 kurtulu\u015f m\u00fccadeleleriyle ba\u015fa ba\u015f y\u00fcr\u00fcm\u00fc\u015ft\u00fcr. Kad\u0131nlar, feodal d\u00fczenin sonunu getiren 1789 Frans\u0131z devrimiyle, \u0130nsan ve Yurtta\u015f Haklar\u0131 Bildirgesinin yan\u0131 ba\u015f\u0131na Kad\u0131n ve Kad\u0131n Yurtta\u015f Haklar\u0131 Bildirgesini koydular. Kapitalizme kar\u015f\u0131 i\u015f\u00e7i s\u0131n\u0131f\u0131n\u0131n y\u00fcr\u00fctt\u00fc\u011f\u00fc m\u00fccadele tarihi de kad\u0131n i\u015f\u00e7iler olmasayd\u0131 eksik kal\u0131rd\u0131. Emperyalizm ve kapitalizmin boyunduru\u011fundan kurtulup \u00f6zledi\u011fimiz ve mutlaka ula\u015faca\u011f\u0131m\u0131z e\u015fit ve \u00f6zg\u00fcr d\u00fcnyan\u0131n kurulu\u015fu da kad\u0131nlar\u0131n katk\u0131s\u0131 olmadan ger\u00e7ekle\u015femez. Sonuncusunu \u015fu anda ya\u015f\u0131yoruz, Amerikan emperyalizmi ve i\u015fgalci \u0130srail siyonizmi kom\u015fumuz \u0130ran\u2019a topyekun sava\u015f a\u00e7t\u0131. \u015eimdiden bini a\u015fk\u0131n sivil insan\u0131 katlettiler. Bilin\u00e7li bir \u015fekilde hedef al\u0131nan bir okulda e\u011fitim g\u00f6ren y\u00fczlerce k\u0131z \u00e7ocu\u011funu topluca katlettiler. Emperyalist-kapitalist d\u00fczen, i\u015f\u00e7ileri, emek\u00e7ileri, kad\u0131nlar\u0131, \u00e7ocuklar\u0131 s\u00f6m\u00fcren; halklar\u0131 s\u00f6m\u00fcrgele\u015ftiren bir s\u00f6m\u00fcr\u00fc ve bask\u0131 sistemidir; vicdans\u0131z bir insan ve toplum anlay\u0131\u015f\u0131n\u0131n cisimle\u015fmi\u015f halidir.&#8221; dedi.<\/div>\n<div dir=\"ltr\"><\/div>\n<div dir=\"ltr\">G\u00fcnd\u00fcz \u015f\u00f6yle devam etti;<\/div>\n<div dir=\"ltr\">&#8220;B\u00fct\u00fcn uluslar\u0131 modern devrimlerin kazan\u0131mlar\u0131ndan kopar\u0131p orta\u00e7a\u011f karanl\u0131\u011f\u0131na hapsetmek isteyen emperyalizmin bu u\u011fursuz plan\u0131 en \u00e7ok da biz kad\u0131nlar\u0131 vuruyor. 1990\u2019lara kadar modern bir \u00fclke olan Afganistan\u2019da bug\u00fcn kad\u0131nlar toplumsal ya\u015famdan d\u0131\u015fland\u0131lar. En taze \u00f6rnektir; kom\u015fumuz Suriye\u2019de emperyalizmin do\u011frudan deste\u011fiyle i\u015f ba\u015f\u0131na getirilen mezhep\u00e7itekfirci y\u00f6netim ilk i\u015f olarak kad\u0131nlar\u0131 \u015fiddet i\u015fkence ve katliamlarla toplumsal ya\u015famdan d\u0131\u015fl\u0131yor. \u0130ktidar\u0131n emeklileri ve t\u00fcm emek\u00e7ileri yoksulla\u015ft\u0131r\u0131rken bahaneleri hi\u00e7 t\u00fckenmiyor. D\u00fcn yoksullu\u011fumuza sebep depremdi, bug\u00fcn sava\u015f oldu gerek\u00e7eleri. Biz emekli kad\u0131nlar bu bahanelerin aldatmaca oldu\u011funu biliyoruz. \u00d6yle olmasa biz hep yoksul, onlar hep vars\u0131l olmazd\u0131, fedakarl\u0131kta e\u015fitlik olurdu. E\u015fimizin \u00e7ocuklar\u0131m\u0131z\u0131n torunlar\u0131m\u0131z\u0131n ve ye\u011fenlerimizin, yani b\u00fct\u00fcn toplumun refaha ula\u015faca\u011f\u0131 bir \u00fclke istiyoruz. Emperyalizmin, i\u015fbirlik\u00e7i kapitalist iktidar\u0131n ve ataerkil d\u00fczenin s\u00f6m\u00fcr\u00fc ve bask\u0131s\u0131ndan kurtulmak istiyoruz. Emperyalizme kar\u015f\u0131 vatan\u0131n ba\u011f\u0131ms\u0131zl\u0131\u011f\u0131n\u0131 ve b\u00fct\u00fcnl\u00fc\u011f\u00fcn\u00fc savunuyoruz. Feodal ataerkil gericili\u011fe kar\u015f\u0131 laik demokratik cumhuriyeti savunuyoruz. \u0130\u015fbirlik\u00e7i oligar\u015finin vurgunculu\u011funa kar\u015f\u0131 e\u015fitlik\u00e7i d\u00fczeni savunuyoruz.&#8221;<\/div>\n<div dir=\"ltr\"><\/div>\n<div dir=\"ltr\">\u00a0&#8220;Pahal\u0131l\u0131\u011fa kar\u015f\u0131 k\u00f6kl\u00fc ve etkin m\u00fccadele istiyoruz. Elektrik, do\u011fal gaz, su, ula\u015f\u0131m gibi temel hizmetlerin devlet eliyle sa\u011flanmas\u0131n\u0131 istiyoruz. Zincir marketlerin devletle\u015ftirilmesini\u00a0<wbr \/>istiyoruz. \u00c7ocuklar\u0131m\u0131z torunlar\u0131m\u0131z i\u00e7in paras\u0131z e\u011fitim, herkes i\u00e7in paras\u0131z sa\u011fl\u0131k istiyoruz. Emekli dul yetim ayl\u0131klar\u0131n\u0131n insanca ya\u015famaya yetecek kadar art\u0131r\u0131lmas\u0131n\u0131 istiyoruz. \u0130nsanca ya\u015famaya yetecek ayl\u0131k art\u0131\u015f\u0131n\u0131n kayna\u011f\u0131 dolar milyarderlerinin ve dolar milyonerlerinin hesaplar\u0131nda yat\u0131yor. Bir defal\u0131k servet vergisiyle kaynak olu\u015fur. Hayat\u0131n her alan\u0131nda, ev i\u00e7inde ve ev d\u0131\u015f\u0131nda e\u015fitlik istiyoruz. Aile, toplumsal egemenlik ili\u015fkilerini yeniden \u00fcreten bir yer olmaktan \u00e7\u0131ks\u0131n. Aile sadece sevgi, e\u015fitlik, \u00f6zg\u00fcrl\u00fck ve dayan\u0131\u015fma yuvas\u0131 olsun. Feodal ataerkil cinayetlerin ve \u015fiddetin durdurulmas\u0131 i\u00e7in topyek\u00fbn seferberlik istiyoruz. \u00dclkemizin emperyalizmin sava\u015f ve y\u0131k\u0131m makinesi NATO\u2019dan derh\u00e2l \u00e7\u0131kmas\u0131n\u0131, b\u00f6lgemizin bir bar\u0131\u015f adas\u0131 olmas\u0131n\u0131 istiyoruz. 8 Mart D\u00fcnya Emek\u00e7i Kad\u0131nlar G\u00fcn\u00fc kutlu olsun. \u201d<\/div>\n","protected":false},"excerpt":{"rendered":"<p>8 Mart D\u00fcnya Emek\u00e7i Kad\u0131nlar G\u00fcn\u00fc \u00f6ncesi Emekli kad\u0131nlar, artan yoksulluk ve kad\u0131nlara y\u00f6nelik e\u015fitsizliklere\u00a0 kar\u015f\u0131 bas\u0131n a\u00e7\u0131klamas\u0131 yapt\u0131. 2021 T\u00fcm Emekliler Sendikas\u0131 Mersi \u015eubesi \u00fcyeleri ad\u0131na konu\u015fan Sendika Sekreteri S\u0131d\u0131ka G\u00fcnd\u00fcz, &#8220;Tarih boyunca kad\u0131nlar\u0131n e\u015fitlik ve \u00f6zg\u00fcrl\u00fck m\u00fccadelesi, ezilen s\u0131n\u0131flar\u0131n s\u00f6m\u00fcr\u00fcye ve despotizme kar\u015f\u0131 kurtulu\u015f m\u00fccadeleleriyle ba\u015fa ba\u015f y\u00fcr\u00fcm\u00fc\u015ft\u00fcr. Kad\u0131nlar, feodal d\u00fczenin sonunu getiren [&hellip;]<\/p>\n","protected":false},"author":2,"featured_media":127241,"comment_status":"open","ping_status":"open","sticky":false,"template":"","format":"standard","meta":{"footnotes":""},"categories":[2],"tags":[],"class_list":["post-127240","post","type-post","status-publish","format-standard","has-post-thumbnail","hentry","category-kadin"],"views":992,"_links":{"self":[{"href":"https:\/\/mersingazetesi.com\/index.php\/wp-json\/wp\/v2\/posts\/127240","targetHints":{"allow":["GET"]}}],"collection":[{"href":"https:\/\/mersingazetesi.com\/index.php\/wp-json\/wp\/v2\/posts"}],"about":[{"href":"https:\/\/mersingazetesi.com\/index.php\/wp-json\/wp\/v2\/types\/post"}],"author":[{"embeddable":true,"href":"https:\/\/mersingazetesi.com\/index.php\/wp-json\/wp\/v2\/users\/2"}],"replies":[{"embeddable":true,"href":"https:\/\/mersingazetesi.com\/index.php\/wp-json\/wp\/v2\/comments?post=127240"}],"version-history":[{"count":1,"href":"https:\/\/mersingazetesi.com\/index.php\/wp-json\/wp\/v2\/posts\/127240\/revisions"}],"predecessor-version":[{"id":127242,"href":"https:\/\/mersingazetesi.com\/index.php\/wp-json\/wp\/v2\/posts\/127240\/revisions\/127242"}],"wp:featuredmedia":[{"embeddable":true,"href":"https:\/\/mersingazetesi.com\/index.php\/wp-json\/wp\/v2\/media\/127241"}],"wp:attachment":[{"href":"https:\/\/mersingazetesi.com\/index.php\/wp-json\/wp\/v2\/media?parent=127240"}],"wp:term":[{"taxonomy":"category","embeddable":true,"href":"https:\/\/mersingazetesi.com\/index.php\/wp-json\/wp\/v2\/categories?post=127240"},{"taxonomy":"post_tag","embeddable":true,"href":"https:\/\/mersingazetesi.com\/index.php\/wp-json\/wp\/v2\/tags?post=127240"}],"curies":[{"name":"wp","href":"https:\/\/api.w.org\/{rel}","templated":true}]}}