{"id":127236,"date":"2026-03-08T10:44:28","date_gmt":"2026-03-08T07:44:28","guid":{"rendered":"https:\/\/mersingazetesi.com\/?p=127236"},"modified":"2026-03-08T10:44:28","modified_gmt":"2026-03-08T07:44:28","slug":"talat-dincer-emekliyi-calismaya-mecbur-birakan-duzen-can-aliyor","status":"publish","type":"post","link":"https:\/\/mersingazetesi.com\/index.php\/2026\/03\/08\/talat-dincer-emekliyi-calismaya-mecbur-birakan-duzen-can-aliyor\/","title":{"rendered":"Talat Din\u00e7er: &#8220;Emekliyi \u00e7al\u0131\u015fmaya mecbur b\u0131rakan d\u00fczen can al\u0131yor&#8221;"},"content":{"rendered":"<p dir=\"ltr\">Mersin Milletvekili Talat Din\u00e7er, Ankara\u2019n\u0131n \u00c7ubuk il\u00e7esinde emekli olduktan yaln\u0131zca \u00fc\u00e7 g\u00fcn sonra yeniden \u00e7al\u0131\u015fmak zorunda kald\u0131\u011f\u0131 ta\u015f oca\u011f\u0131nda ya\u015fam\u0131n\u0131 yitiren i\u015f\u00e7i \u00fczerinden emeklilerin ge\u00e7im s\u0131k\u0131nt\u0131s\u0131n\u0131 Meclis g\u00fcndemine ta\u015f\u0131d\u0131. Din\u00e7er, d\u00fc\u015f\u00fck emekli ayl\u0131klar\u0131 ve a\u011f\u0131r ya\u015fam ko\u015fullar\u0131n\u0131n emeklileri yeniden en riskli i\u015flere itti\u011fini belirterek hem Meclis ara\u015ft\u0131rmas\u0131 a\u00e7\u0131lmas\u0131n\u0131 istedi hem de \u00c7al\u0131\u015fma ve Sosyal G\u00fcvenlik Bakan\u0131 Vedat I\u015f\u0131khan\u2019\u0131n yan\u0131tlamas\u0131 istemiyle sorular y\u00f6neltti.<\/p>\n<p dir=\"ltr\">\u201cEMEKL\u0130L\u0130K HUZUR DE\u011e\u0130L, HAYATTA KALMA M\u00dcCADELES\u0130NE D\u00d6N\u00dc\u015eT\u00dc\u201d<\/p>\n<p dir=\"ltr\">Din\u00e7er\u2019in Meclis Ba\u015fkanl\u0131\u011f\u0131\u2019na sundu\u011fu \u00f6nergede, ya\u015fam\u0131n\u0131 yitiren emeklinin y\u0131llarca prim \u00f6deyerek hak etti\u011fi maa\u015fla kira, fatura ve g\u0131da giderlerini kar\u015f\u0131layamad\u0131\u011f\u0131, bu nedenle dinlenmesi gereken ya\u015fta yeniden a\u011f\u0131r i\u015flerde \u00e7al\u0131\u015fmak zorunda kald\u0131\u011f\u0131 vurguland\u0131. \u00d6nergede, artan hayat pahal\u0131l\u0131\u011f\u0131, y\u00fcksek enflasyon ve temel ihtiya\u00e7lara gelen zamlar\u0131n emeklileri yeniden i\u015fg\u00fcc\u00fcne itti\u011fi kaydedildi.<\/p>\n<p dir=\"ltr\">Din\u00e7er, emeklili\u011fin bir l\u00fctuf de\u011fil, y\u0131llar\u0131n eme\u011finin kar\u015f\u0131l\u0131\u011f\u0131 oldu\u011funu belirterek, bug\u00fcn bir\u00e7ok emekli i\u00e7in bu d\u00f6nemin dinlenme ve insanca ya\u015fam evresi olmaktan \u00e7\u0131kt\u0131\u011f\u0131n\u0131, do\u011frudan bir hayatta kalma m\u00fccadelesine d\u00f6n\u00fc\u015ft\u00fc\u011f\u00fcn\u00fc ifade etti.<\/p>\n<p dir=\"ltr\">EMEKL\u0130LER\u0130N A\u011eIR VE G\u00dcVENCES\u0130Z \u0130\u015eLERDE \u00c7ALI\u015eTIRILDI\u011eI VURGUSU<\/p>\n<p dir=\"ltr\">\u00d6nergelerde, yeniden \u00e7al\u0131\u015fmak zorunda kalan emeklilerin \u00e7o\u011fu zaman en a\u011f\u0131r, en riskli ve en g\u00fcvencesiz alanlarda istihdam edildi\u011fine dikkat \u00e7ekildi. Ya\u015f\u0131n ilerlemesi, sa\u011fl\u0131k sorunlar\u0131n\u0131n artmas\u0131 ve reflekslerin zay\u0131flamas\u0131na ra\u011fmen emeklilerin madenlerde, in\u015faatlarda ve ta\u015f ocaklar\u0131nda \u00e7al\u0131\u015fmak zorunda b\u0131rak\u0131ld\u0131\u011f\u0131na i\u015faret edildi. Din\u00e7er, bunun bireysel bir tercih de\u011fil, ekonomik zorunluluk oldu\u011funu belirtti.<\/p>\n<p dir=\"ltr\">HEM ARA\u015eTIRMA \u00d6NERGES\u0130 HEM YAZILI SORU \u00d6NERGES\u0130<\/p>\n<p dir=\"ltr\">Talat Din\u00e7er, konuyla ilgili olarak TBMM Ba\u015fkanl\u0131\u011f\u0131\u2019na meclis ara\u015ft\u0131rma komisyonu kurulmas\u0131 talebi sundu. Ara\u015ft\u0131rma \u00f6nergesinde, emeklileri yeniden \u00e7al\u0131\u015fmaya mecbur b\u0131rakan ekonomik tablonun t\u00fcm y\u00f6nleriyle incelenmesi gerekti\u011fi ifade edildi.<\/p>\n<p dir=\"ltr\">Ayr\u0131ca \u00c7al\u0131\u015fma ve Sosyal G\u00fcvenlik Bakan\u0131 Vedat I\u015f\u0131khan\u2019\u0131n yan\u0131tlamas\u0131 istemiyle verdi\u011fi soru \u00f6nergesinde de son be\u015f y\u0131lda \u00e7al\u0131\u015f\u0131rken i\u015f kazas\u0131nda hayat\u0131n\u0131 kaybeden emekli say\u0131s\u0131, i\u015f kazas\u0131 sonucu sakat kalan emekli say\u0131s\u0131 ve ge\u00e7im s\u0131k\u0131nt\u0131s\u0131 nedeniyle yeniden \u00e7al\u0131\u015fmak zorunda kalan emeklilere ili\u015fkin verileri sordu.<\/p>\n<p dir=\"ltr\">Din\u00e7er\u2019in Bakanl\u0131\u011fa y\u00f6neltti\u011fi sorular aras\u0131nda \u015fu ba\u015fl\u0131klar \u00f6ne \u00e7\u0131kt\u0131: Son be\u015f y\u0131lda i\u015f kazas\u0131nda hayat\u0131n\u0131 kaybeden emekli say\u0131s\u0131, ge\u00e7im s\u0131k\u0131nt\u0131s\u0131 nedeniyle yeniden a\u011f\u0131r i\u015flerde \u00e7al\u0131\u015fmak zorunda kalan emeklilerin say\u0131s\u0131, i\u015f kazas\u0131 sonucu sakat kalan emeklilerin toplam\u0131 ve hak etti\u011fi maa\u015fla ge\u00e7inemedi\u011fi i\u00e7in yeniden \u00e7al\u0131\u015fmak zorunda b\u0131rak\u0131lan emeklilere ili\u015fkin resmi veriler. Din\u00e7er ayr\u0131ca, \u201cEmeklilik huzur d\u00f6nemi olmas\u0131 gerekirken neden hayatta kalma m\u00fccadelesine d\u00f6n\u00fc\u015ft\u00fc?\u201d sorusunu da g\u00fcndeme ta\u015f\u0131d\u0131.<\/p>\n<p dir=\"ltr\">\u201cBU TABLO DAHA KA\u00c7 CAN ALACAK?\u201d<\/p>\n<p dir=\"ltr\">Din\u00e7er, emeklilerin y\u0131llarca prim \u00f6demesine ra\u011fmen kira, fatura ve temel ihtiya\u00e7lar kar\u015f\u0131s\u0131nda \u00e7aresiz b\u0131rak\u0131ld\u0131\u011f\u0131n\u0131 savunarak, mevcut ekonomik tablonun daha ka\u00e7 emeklinin ya\u015fam\u0131na mal olaca\u011f\u0131n\u0131 sordu.<\/p>\n","protected":false},"excerpt":{"rendered":"<p>Mersin Milletvekili Talat Din\u00e7er, Ankara\u2019n\u0131n \u00c7ubuk il\u00e7esinde emekli olduktan yaln\u0131zca \u00fc\u00e7 g\u00fcn sonra yeniden \u00e7al\u0131\u015fmak zorunda kald\u0131\u011f\u0131 ta\u015f oca\u011f\u0131nda ya\u015fam\u0131n\u0131 yitiren i\u015f\u00e7i \u00fczerinden emeklilerin ge\u00e7im s\u0131k\u0131nt\u0131s\u0131n\u0131 Meclis g\u00fcndemine ta\u015f\u0131d\u0131. Din\u00e7er, d\u00fc\u015f\u00fck emekli ayl\u0131klar\u0131 ve a\u011f\u0131r ya\u015fam ko\u015fullar\u0131n\u0131n emeklileri yeniden en riskli i\u015flere itti\u011fini belirterek hem Meclis ara\u015ft\u0131rmas\u0131 a\u00e7\u0131lmas\u0131n\u0131 istedi hem de \u00c7al\u0131\u015fma ve Sosyal G\u00fcvenlik [&hellip;]<\/p>\n","protected":false},"author":2,"featured_media":105501,"comment_status":"open","ping_status":"open","sticky":false,"template":"","format":"standard","meta":{"footnotes":""},"categories":[1],"tags":[],"class_list":["post-127236","post","type-post","status-publish","format-standard","has-post-thumbnail","hentry","category-gundem"],"views":322,"_links":{"self":[{"href":"https:\/\/mersingazetesi.com\/index.php\/wp-json\/wp\/v2\/posts\/127236","targetHints":{"allow":["GET"]}}],"collection":[{"href":"https:\/\/mersingazetesi.com\/index.php\/wp-json\/wp\/v2\/posts"}],"about":[{"href":"https:\/\/mersingazetesi.com\/index.php\/wp-json\/wp\/v2\/types\/post"}],"author":[{"embeddable":true,"href":"https:\/\/mersingazetesi.com\/index.php\/wp-json\/wp\/v2\/users\/2"}],"replies":[{"embeddable":true,"href":"https:\/\/mersingazetesi.com\/index.php\/wp-json\/wp\/v2\/comments?post=127236"}],"version-history":[{"count":1,"href":"https:\/\/mersingazetesi.com\/index.php\/wp-json\/wp\/v2\/posts\/127236\/revisions"}],"predecessor-version":[{"id":127237,"href":"https:\/\/mersingazetesi.com\/index.php\/wp-json\/wp\/v2\/posts\/127236\/revisions\/127237"}],"wp:featuredmedia":[{"embeddable":true,"href":"https:\/\/mersingazetesi.com\/index.php\/wp-json\/wp\/v2\/media\/105501"}],"wp:attachment":[{"href":"https:\/\/mersingazetesi.com\/index.php\/wp-json\/wp\/v2\/media?parent=127236"}],"wp:term":[{"taxonomy":"category","embeddable":true,"href":"https:\/\/mersingazetesi.com\/index.php\/wp-json\/wp\/v2\/categories?post=127236"},{"taxonomy":"post_tag","embeddable":true,"href":"https:\/\/mersingazetesi.com\/index.php\/wp-json\/wp\/v2\/tags?post=127236"}],"curies":[{"name":"wp","href":"https:\/\/api.w.org\/{rel}","templated":true}]}}