{"id":127225,"date":"2026-03-08T10:23:15","date_gmt":"2026-03-08T07:23:15","guid":{"rendered":"https:\/\/mersingazetesi.com\/?p=127225"},"modified":"2026-03-08T10:23:15","modified_gmt":"2026-03-08T07:23:15","slug":"biz-genclerin-hayali","status":"publish","type":"post","link":"https:\/\/mersingazetesi.com\/index.php\/2026\/03\/08\/biz-genclerin-hayali\/","title":{"rendered":"B\u0130Z GEN\u00c7LER\u0130N HAYAL\u0130?"},"content":{"rendered":"<p>D\u00fcnyan\u0131n d\u00f6rt bir yan\u0131nda bombalar\u00a0patlarken, biz\u00a0gen\u00e7ler gelece\u011fimizi nas\u0131l hayal edebiliriz?<\/p>\n<div dir=\"ltr\"><\/div>\n<p>Ya\u015fam \u015fartlar\u0131 gittik\u00e7e zorla\u015fan bir\u00a0d\u00fcnyada, gen\u00e7ler\u00a0olarak kendimizi geli\u015ftirmeye ve ba\u015far\u0131l\u0131 olmaya \u00e7al\u0131\u015f\u0131rken artan gelecek\u00a0kayg\u0131s\u0131, ekonominin\u00a0fazlaca zorlanmas\u0131 ve her an sava\u015f\u0131n kap\u0131da olmas\u0131..!<\/p>\n<div dir=\"ltr\"><\/div>\n<p>Bu durumda iken sa\u011fl\u0131kl\u0131 kalabilmek m\u00fcmk\u00fcn m\u00fcd\u00fcr?<\/p>\n<div dir=\"ltr\"><\/div>\n<p>Bitmek bilmeyen toprak ve g\u00fc\u00e7 sava\u015flar\u0131 y\u00fcz\u00fcnden milyonlarca gen\u00e7 her g\u00fcn biraz daha umutsuzluk ve depresyonla ya\u015famaya \u00e7al\u0131\u015f\u0131yor.<\/p>\n<div dir=\"ltr\"><\/div>\n<p>Zaten\u00a0zor olan ya\u015fam \u015fartlar\u0131 da gittik\u00e7e katlan\u0131lamaz hale geliyor.<\/p>\n<div dir=\"ltr\"><\/div>\n<p>Gelece\u011fimiz i\u00e7in g\u00fczel yar\u0131nlar\u0131m\u0131z\u0131n olabilmesi i\u00e7in bu sava\u015flar\u0131n bir an \u00f6nce bar\u0131\u015f i\u00e7inde sonlanmas\u0131\u00a0gerekiyor.<\/p>\n<div dir=\"ltr\"><\/div>\n<p>Sa\u011fl\u0131kl\u0131, umutlu yar\u0131nlar i\u00e7in her daim bar\u0131\u015ftan yana olal\u0131m&#8230;<\/p>\n","protected":false},"excerpt":{"rendered":"<p>D\u00fcnyan\u0131n d\u00f6rt bir yan\u0131nda bombalar\u00a0patlarken, biz\u00a0gen\u00e7ler gelece\u011fimizi nas\u0131l hayal edebiliriz? Ya\u015fam \u015fartlar\u0131 gittik\u00e7e zorla\u015fan bir\u00a0d\u00fcnyada, gen\u00e7ler\u00a0olarak kendimizi geli\u015ftirmeye ve ba\u015far\u0131l\u0131 olmaya \u00e7al\u0131\u015f\u0131rken artan gelecek\u00a0kayg\u0131s\u0131, ekonominin\u00a0fazlaca zorlanmas\u0131 ve her an sava\u015f\u0131n kap\u0131da olmas\u0131..! Bu durumda iken sa\u011fl\u0131kl\u0131 kalabilmek m\u00fcmk\u00fcn m\u00fcd\u00fcr? Bitmek bilmeyen toprak ve g\u00fc\u00e7 sava\u015flar\u0131 y\u00fcz\u00fcnden milyonlarca gen\u00e7 her g\u00fcn biraz daha umutsuzluk ve depresyonla [&hellip;]<\/p>\n","protected":false},"author":19,"featured_media":126812,"comment_status":"open","ping_status":"open","sticky":false,"template":"","format":"standard","meta":{"footnotes":""},"categories":[135],"tags":[],"class_list":["post-127225","post","type-post","status-publish","format-standard","has-post-thumbnail","hentry","category-kalem-ve-vicdan-nurhayat-oncel"],"views":1087,"_links":{"self":[{"href":"https:\/\/mersingazetesi.com\/index.php\/wp-json\/wp\/v2\/posts\/127225","targetHints":{"allow":["GET"]}}],"collection":[{"href":"https:\/\/mersingazetesi.com\/index.php\/wp-json\/wp\/v2\/posts"}],"about":[{"href":"https:\/\/mersingazetesi.com\/index.php\/wp-json\/wp\/v2\/types\/post"}],"author":[{"embeddable":true,"href":"https:\/\/mersingazetesi.com\/index.php\/wp-json\/wp\/v2\/users\/19"}],"replies":[{"embeddable":true,"href":"https:\/\/mersingazetesi.com\/index.php\/wp-json\/wp\/v2\/comments?post=127225"}],"version-history":[{"count":1,"href":"https:\/\/mersingazetesi.com\/index.php\/wp-json\/wp\/v2\/posts\/127225\/revisions"}],"predecessor-version":[{"id":127226,"href":"https:\/\/mersingazetesi.com\/index.php\/wp-json\/wp\/v2\/posts\/127225\/revisions\/127226"}],"wp:featuredmedia":[{"embeddable":true,"href":"https:\/\/mersingazetesi.com\/index.php\/wp-json\/wp\/v2\/media\/126812"}],"wp:attachment":[{"href":"https:\/\/mersingazetesi.com\/index.php\/wp-json\/wp\/v2\/media?parent=127225"}],"wp:term":[{"taxonomy":"category","embeddable":true,"href":"https:\/\/mersingazetesi.com\/index.php\/wp-json\/wp\/v2\/categories?post=127225"},{"taxonomy":"post_tag","embeddable":true,"href":"https:\/\/mersingazetesi.com\/index.php\/wp-json\/wp\/v2\/tags?post=127225"}],"curies":[{"name":"wp","href":"https:\/\/api.w.org\/{rel}","templated":true}]}}