{"id":127210,"date":"2026-03-07T22:15:48","date_gmt":"2026-03-07T19:15:48","guid":{"rendered":"https:\/\/mersingazetesi.com\/?p=127210"},"modified":"2026-03-07T22:15:48","modified_gmt":"2026-03-07T19:15:48","slug":"secer-belediyeler-arasindaki-is-birliginin-onemine-dikkat-cekti","status":"publish","type":"post","link":"https:\/\/mersingazetesi.com\/index.php\/2026\/03\/07\/secer-belediyeler-arasindaki-is-birliginin-onemine-dikkat-cekti\/","title":{"rendered":"SE\u00c7ER BELED\u0130YELER ARASINDAK\u0130 \u0130\u015e B\u0130RL\u0130\u011e\u0130N\u0130N \u00d6NEM\u0130NE D\u0130KKAT \u00c7EKT\u0130"},"content":{"rendered":"<div id=\"message-htmlpart1\" class=\"message-htmlpart\">\n<div id=\"message-htmlpart1\" class=\"rcmBody\">\n<p>T\u00fcrkiye Belediyeler Birli\u011fi (TBB) Ba\u015fkan Vekili ve Mersin B\u00fcy\u00fck\u015fehir Belediye Ba\u015fkan\u0131 Vahap Se\u00e7er ve Meral Se\u00e7er, Mersin B\u00fcy\u00fck\u015fehir Belediyesi taraf\u0131ndan \u00c7aml\u0131yayla&#8217;da d\u00fczenlenen iftar program\u0131na kat\u0131ld\u0131.\u00a0<strong><em>&#8216;Niyet Ettik Kalpten Payla\u015fmaya&#8217;<\/em><\/strong>\u00a0slogan\u0131yla ger\u00e7ekle\u015ftirilen programda Ba\u015fkan Se\u00e7er, yurtta\u015flarla ayn\u0131 sofrada iftar a\u00e7arak Ramazan ay\u0131n\u0131n payla\u015fma ve dayan\u0131\u015fma ruhunu birlikte ya\u015fad\u0131.<\/p>\n<p>&nbsp;<\/p>\n<p>\u00c7aml\u0131yayla Kapal\u0131 Pazar Yeri&#8217;nde d\u00fczenlenen iftar program\u0131na; \u00c7aml\u0131yayla Belediye Ba\u015fkan\u0131 Mehmet Fatih Sofu ve e\u015fi Nihan Sofu, Cumhuriyet Halk Partisi (CHP) Mersin \u0130l Ba\u015fkan\u0131 Koral \u00d6m\u00fcr, siyasi partilerin il\u00e7e ba\u015fkanlar\u0131 ve temsilcileri, Mersin B\u00fcy\u00fck\u015fehir Belediyesi ve MESK\u0130 b\u00fcrokratlar\u0131, belediye meclis \u00fcyeleri, muhtarlar ile \u00e7ok say\u0131da vatanda\u015f kat\u0131ld\u0131. CHP Tarsus \u0130l\u00e7e Kad\u0131n Kollar\u0131 ve CHP \u00c7aml\u0131yayla \u0130l\u00e7e \u00d6rg\u00fct\u00fc; Ba\u015fkan Se\u00e7er ve Meral Se\u00e7er&#8217;i \u00e7i\u00e7eklerle kar\u015f\u0131lad\u0131.<\/p>\n<p>&nbsp;<\/p>\n<p><strong>Ba\u015fkan Se\u00e7er, &#8220;\u00c7aml\u0131yaylam\u0131z k\u00fc\u00e7\u00fck bir il\u00e7e gibi g\u00f6r\u00fcnse de yaz n\u00fcfusu ile T\u00fcrkiye&#8217;deki bir\u00e7ok il\u00e7eden b\u00fcy\u00fck bir il\u00e7e haline geliyor&#8221;<\/strong><\/p>\n<p>Ba\u015fkan Se\u00e7er, \u00c7aml\u0131yayla halk\u0131 ile bulu\u015ftu\u011fu iftar sofras\u0131ndaki konu\u015fmas\u0131na;\u00a0<strong><em>&#8216;Hay\u0131rl\u0131 Ramazanlar&#8217;<\/em><\/strong>\u00a0dileyerek ba\u015flad\u0131. \u00c7aml\u0131yayla halk\u0131n\u0131;\u00a0<strong><em>&#8216;\u0130nsanlar\u0131n\u0131n kalbi, eli ve y\u00fcre\u011fi her zaman s\u0131cak, \u00e7al\u0131\u015fkan&#8217;<\/em><\/strong>\u00a0olarak tan\u0131mlayan Se\u00e7er, il\u00e7enin \u00f6zellikle yaz aylar\u0131nda artan n\u00fcfusla birlikte \u00f6nemli bir yayla merkezi haline geldi\u011finden s\u00f6z etti. Se\u00e7er,\u00a0<strong>&#8220;\u00c7aml\u0131yaylam\u0131z k\u00fc\u00e7\u00fck bir il\u00e7e gibi g\u00f6r\u00fcnse de \u00f6zellikle yaz n\u00fcfusu ile T\u00fcrkiye&#8217;deki bir\u00e7ok il\u00e7eden b\u00fcy\u00fck bir il\u00e7e haline geliyor. Ba\u015fta Tarsus, Adana, Mersinimizin di\u011fer il\u00e7eleri ve hatta Mersin d\u0131\u015f\u0131ndaki illerimizde ya\u015fayan vatanda\u015flar\u0131m\u0131z; Toros Da\u011flar\u0131&#8217;n\u0131n en g\u00fczel yaylalar\u0131ndan bir tanesi, insanlara s\u0131hhat veren havas\u0131, mis gibi \u00e7am ve katran kokusu olan \u00c7aml\u0131yayla&#8217;da yaz aylar\u0131n\u0131 ge\u00e7iriyorlar&#8221;<\/strong>\u00a0dedi. \u00c7aml\u0131yayla&#8217;n\u0131n her ge\u00e7en g\u00fcn b\u00fcy\u00fcd\u00fc\u011f\u00fcnden bahseden Se\u00e7er, hem i\u015f yeri say\u0131s\u0131n\u0131n hem n\u00fcfusun hem de konut say\u0131s\u0131n\u0131n artt\u0131\u011f\u0131n\u0131n alt\u0131n\u0131 \u00e7izdi. Bu art\u0131\u015f\u0131n da d\u00fczenli olmas\u0131 gerekti\u011fini ifade eden Se\u00e7er, \u00c7aml\u0131yayla&#8217;ya \u00e7ok say\u0131da yeni konut yap\u0131ld\u0131\u011f\u0131ndan s\u00f6z ederek, bu kalabal\u0131\u011f\u0131n da her ge\u00e7en g\u00fcn artaca\u011f\u0131n\u0131n a\u015fikar oldu\u011funu belirtti.<\/p>\n<p>&nbsp;<\/p>\n<p><strong>Se\u00e7er belediyeler aras\u0131ndaki i\u015f birli\u011finin \u00f6nemine dikkat \u00e7ekti<\/strong><\/p>\n<p>\u00c7aml\u0131yayla Belediye Ba\u015fkan\u0131 Mehmet Fatih Sofu&#8217;nun aktif \u00e7al\u0131\u015fmalar yapan bir belediye ba\u015fkan\u0131 oldu\u011funun alt\u0131n\u0131 \u00e7izen Se\u00e7er, \u00c7aml\u0131yayla&#8217;ya vizyon katma \u00e7abas\u0131 i\u00e7erisinde oldu\u011funu kaydetti. Mersin B\u00fcy\u00fck\u015fehir Belediyesi ile \u00c7aml\u0131yayla Belediyesi aras\u0131nda i\u015f birli\u011fi yapman\u0131n da \u00f6nemine dikkat \u00e7eken Se\u00e7er, bu bilin\u00e7le s\u00fcrekli i\u015f birli\u011fi yapma gayreti i\u00e7erisinde olduklar\u0131ndan s\u00f6z etti. Se\u00e7er,\u00a0<strong>&#8220;Bu i\u015f birli\u011finin \u00c7aml\u0131yayla&#8217;ya daha kaliteli hizmet olarak d\u00f6nece\u011finin fark\u0131nday\u0131z. B\u00fcy\u00fck\u015fehir Belediyesi ve il\u00e7e belediyesinin bu i\u015f birli\u011fi nas\u0131l d\u00fcn var idiyse bug\u00fcn de varsa yar\u0131n da devam edecek. Ama\u00e7 \u00c7aml\u0131yayla&#8217;da sizlere daha kaliteli hizmet sunmak. \u00a0\u00a0\u00a0\u00a0\u00a0\u00a0\u00a0\u00a0\u00a0\u00a0\u00a0 Suyunuz kesilmesin, yollar\u0131n\u0131z sa\u011flam olsun, k\u0131\u015f\u0131n \u00e7amur, yaz\u0131n toz olmas\u0131n&#8221;<\/strong>\u00a0diye belirtti.<\/p>\n<p>&nbsp;<\/p>\n<p>Mersin B\u00fcy\u00fck\u015fehir olarak son aylarda yapt\u0131klar\u0131 \u00e7al\u0131\u015fmalarda \u00c7aml\u0131yayla&#8217;ya bir kanalizasyon sistemi kazand\u0131rmak i\u00e7in finansman kredi aray\u0131\u015f\u0131 i\u00e7erisinde olduklar\u0131n\u0131 belirterek,\u00a0<strong>&#8220;O finansman\u0131 sa\u011flad\u0131\u011f\u0131m\u0131z zaman da hem \u00c7aml\u0131yayla merkez hem etraf\u0131ndaki b\u00f6lgeler hem de b\u00fcy\u00fck bir yerle\u015fim yeri olan Sebil&#8217;i de bunun i\u00e7erisine katarak, \u00c7aml\u0131yayla&#8217;n\u0131n bekleyen yat\u0131r\u0131m\u0131, kanalizasyon ve at\u0131k su ar\u0131tma tesisi \u00e7al\u0131\u015fmas\u0131n\u0131 da tamamlamak istiyoruz&#8221;<\/strong>\u00a0ifadelerine yer verdi.<\/p>\n<p>&nbsp;<\/p>\n<p><strong>&#8220;Orta Do\u011fu&#8217;da ortal\u0131k yang\u0131n yeri. G\u00fcn bir ve beraber olma d\u00f6nemi&#8221;<\/strong><\/p>\n<p>T\u00fcrkiye&#8217;nin g\u00fc\u00e7l\u00fc bir \u00fclke, Mersin&#8217;in de g\u00fc\u00e7l\u00fc bir kent oldu\u011funun vurgusunu yapan Se\u00e7er, b\u00f6yle bir kentte ve \u00fclkede ya\u015famaktan gurur duyduklar\u0131n\u0131 ifade etti. Orta Do\u011fu&#8217;da ya\u015fanan geli\u015fmelere de de\u011finen Se\u00e7er,\u00a0<strong>&#8220;Orta Do\u011fu&#8217;da ortal\u0131k yang\u0131n yeri. G\u00fcn bir ve beraber olma d\u00f6nemi. T\u00fcrkiyemizin daha g\u00fc\u00e7l\u00fc olabilmesi i\u00e7in hi\u00e7bir siyasi parti ve renk fark\u0131 g\u00f6zetmeksizin, birli\u011fimiz ve beraberli\u011fimiz son derece \u00f6nemli. Bizi yar\u0131nlara ta\u015f\u0131yacak olan ve torunlar\u0131m\u0131za daha g\u00fczel bir \u00fclke b\u0131rakt\u0131racak olan; birlikte \u00e7al\u0131\u015fma azmimiz ve birbirimizi daha \u00e7ok sevmemiz. \u00dclkemizi \u00e7ok seviyoruz. \u015eanl\u0131 bayra\u011f\u0131n alt\u0131nda, Atat\u00fcrk&#8217;\u00fcn yolunda, bu \u00fclkeyi daha iyi noktalara getirmek i\u00e7in daha \u00e7ok \u00e7al\u0131\u015faca\u011f\u0131z. Hi\u00e7bir endi\u015femiz yok&#8221;<\/strong>\u00a0dedi ve vatanda\u015flar\u0131n lay\u0131k olduklar\u0131 t\u00fcm hizmetlerin en g\u00fczelini yapmaya devam edeceklerini ifade etti.<\/p>\n<p>&nbsp;<\/p>\n<p><strong>&#8220;Ramazan g\u00fcnleri; birli\u011fin, beraberli\u011fin zirveye ula\u015ft\u0131\u011f\u0131 g\u00fcnlerdir&#8221;<\/strong><\/p>\n<p>Ramazan g\u00fcnlerine hem dini hem toplumsal hem de geleneksel olarak \u00e7ok b\u00fcy\u00fck \u00f6nem atfedildi\u011finin alt\u0131n\u0131 \u00e7izen Se\u00e7er,\u00a0<strong>&#8220;Ramazan g\u00fcnleri; birli\u011fin, beraberli\u011fin zirveye ula\u015ft\u0131\u011f\u0131, insanlar\u0131n payla\u015ft\u0131\u011f\u0131, kayna\u015ft\u0131\u011f\u0131 ve k\u00fcsk\u00fcnlerin bar\u0131\u015ft\u0131\u011f\u0131 g\u00fcnlerdir. Bir ekme\u011fi, bir sofray\u0131; burada oldu\u011fu gibi milletin bize ay\u0131rd\u0131\u011f\u0131 kaynaklarla ve \u00f6dedi\u011fi vergilerle kurdu\u011fumuz bu milletin sofras\u0131nda payla\u015fma g\u00fcn\u00fcd\u00fcr. Ramazan\u0131m\u0131z m\u00fcbarek olsun. Ramazan&#8217;\u0131n ard\u0131ndan, Ramazan Bayram\u0131&#8217;n\u0131 da t\u00fcm \u0130slam alemi olarak idrak edece\u011fiz. \u015eimdiden \u00c7aml\u0131yayla halk\u0131n\u0131n Ramazan Bayram\u0131&#8217;n\u0131 da kutluyorum&#8221;<\/strong>\u00a0dedi.<\/p>\n<p>&nbsp;<\/p>\n<p><strong>Ba\u015fkan Sofu: &#8220;\u00c7aml\u0131yayla&#8217;ya daha g\u00fczel ve kal\u0131c\u0131 eserler b\u0131rakmak noktas\u0131nda birlikte \u00e7al\u0131\u015fmaya devam edece\u011fiz&#8221;<\/strong><\/p>\n<p>\u00c7aml\u0131yayla Belediye Ba\u015fkan\u0131 Mehmet Fatih Sofu ise \u00c7aml\u0131yayla&#8217;n\u0131n havas\u0131yla, suyuyla ve topra\u011f\u0131yla g\u00fczel bir il\u00e7e oldu\u011fundan s\u00f6z etti. Mersin B\u00fcy\u00fck\u015fehir taraf\u0131ndan \u00c7aml\u0131yayla il\u00e7esine kazand\u0131r\u0131lm\u0131\u015f olan Kapal\u0131 Pazar Yeri ve \u00c7aml\u0131yayla&#8217;ya yapt\u0131\u011f\u0131 hizmetler i\u00e7in Ba\u015fkan Se\u00e7er&#8217;e te\u015fekk\u00fcrlerini ileten Ba\u015fkan Sofu,\u00a0<strong>&#8220;Daha \u00f6nce burada insanlar zor \u015fartlar alt\u0131nda pazarda sat\u0131\u015f yapmaya \u00e7al\u0131\u015f\u0131yordu. Toplu programlarda s\u0131\u011f\u0131nabilecek bir yerimiz yoktu ama bug\u00fcn kendisinin eseri olan bu yerde kendisini a\u011f\u0131rlamaktan b\u00fcy\u00fck bir gurur ve mutluluk duyuyoruz. Allah raz\u0131 olsun&#8221;<\/strong>\u00a0dedi. Mersin B\u00fcy\u00fck\u015fehir ve \u00c7aml\u0131yayla Belediyesi&#8217;nin, \u00c7aml\u0131yayla&#8217;ya daha g\u00fczel ve kal\u0131c\u0131 eserler b\u0131rakmak noktas\u0131nda birlikte \u00e7al\u0131\u015fmaya devam edeceklerinin alt\u0131n\u0131 \u00e7izen Sofu,\u00a0<strong>&#8220;Vermi\u015f oldu\u011fu her t\u00fcrl\u00fc destekten dolay\u0131 Say\u0131n Belediye Ba\u015fkan\u0131m\u0131za te\u015fekk\u00fcr ediyorum ve siz de\u011ferli misafirlerimize de burada bizlerle birlikte oldu\u011funuz i\u00e7in tekrar te\u015fekk\u00fcr ediyorum&#8221;<\/strong>\u00a0diye belirtti.<\/p>\n<p>&nbsp;<\/p>\n<p>Ezan\u0131n okunmas\u0131yla birlikte yurtta\u015flar hep birlikte iftar\u0131n\u0131 a\u00e7t\u0131. \u0130ftar\u0131n ard\u0131ndan dualar edildi. Ramazan ay\u0131n\u0131n birlik ve beraberlik atmosferinin hissedildi\u011fi iftar program\u0131, protokol konu\u015fmalar\u0131n\u0131n ard\u0131ndan sona erdi.<\/p>\n<p>&nbsp;<\/p>\n<p>Se\u00e7er, son olarak ise \u00c7aml\u0131yayla Belediyesi Zevzek Tepesi Sosyal Tesisleri&#8217;ni gezdi ve beraberindeki heyetle tesiste sohbet etti.<\/p>\n<p><img loading=\"lazy\" decoding=\"async\" src=\"https:\/\/mail.hostinger.com\/old\/program\/resources\/blocked.gif\" width=\"1\" height=\"1\" border=\"0\" \/><\/div>\n<\/div>\n<p class=\"image-attachment\">\n","protected":false},"excerpt":{"rendered":"<p>T\u00fcrkiye Belediyeler Birli\u011fi (TBB) Ba\u015fkan Vekili ve Mersin B\u00fcy\u00fck\u015fehir Belediye Ba\u015fkan\u0131 Vahap Se\u00e7er ve Meral Se\u00e7er, Mersin B\u00fcy\u00fck\u015fehir Belediyesi taraf\u0131ndan \u00c7aml\u0131yayla&#8217;da d\u00fczenlenen iftar program\u0131na kat\u0131ld\u0131.\u00a0&#8216;Niyet Ettik Kalpten Payla\u015fmaya&#8217;\u00a0slogan\u0131yla ger\u00e7ekle\u015ftirilen programda Ba\u015fkan Se\u00e7er, yurtta\u015flarla ayn\u0131 sofrada iftar a\u00e7arak Ramazan ay\u0131n\u0131n payla\u015fma ve dayan\u0131\u015fma ruhunu birlikte ya\u015fad\u0131. &nbsp; \u00c7aml\u0131yayla Kapal\u0131 Pazar Yeri&#8217;nde d\u00fczenlenen iftar program\u0131na; \u00c7aml\u0131yayla Belediye [&hellip;]<\/p>\n","protected":false},"author":2,"featured_media":127211,"comment_status":"open","ping_status":"open","sticky":false,"template":"","format":"standard","meta":{"footnotes":""},"categories":[1],"tags":[],"class_list":["post-127210","post","type-post","status-publish","format-standard","has-post-thumbnail","hentry","category-gundem"],"views":479,"_links":{"self":[{"href":"https:\/\/mersingazetesi.com\/index.php\/wp-json\/wp\/v2\/posts\/127210","targetHints":{"allow":["GET"]}}],"collection":[{"href":"https:\/\/mersingazetesi.com\/index.php\/wp-json\/wp\/v2\/posts"}],"about":[{"href":"https:\/\/mersingazetesi.com\/index.php\/wp-json\/wp\/v2\/types\/post"}],"author":[{"embeddable":true,"href":"https:\/\/mersingazetesi.com\/index.php\/wp-json\/wp\/v2\/users\/2"}],"replies":[{"embeddable":true,"href":"https:\/\/mersingazetesi.com\/index.php\/wp-json\/wp\/v2\/comments?post=127210"}],"version-history":[{"count":1,"href":"https:\/\/mersingazetesi.com\/index.php\/wp-json\/wp\/v2\/posts\/127210\/revisions"}],"predecessor-version":[{"id":127212,"href":"https:\/\/mersingazetesi.com\/index.php\/wp-json\/wp\/v2\/posts\/127210\/revisions\/127212"}],"wp:featuredmedia":[{"embeddable":true,"href":"https:\/\/mersingazetesi.com\/index.php\/wp-json\/wp\/v2\/media\/127211"}],"wp:attachment":[{"href":"https:\/\/mersingazetesi.com\/index.php\/wp-json\/wp\/v2\/media?parent=127210"}],"wp:term":[{"taxonomy":"category","embeddable":true,"href":"https:\/\/mersingazetesi.com\/index.php\/wp-json\/wp\/v2\/categories?post=127210"},{"taxonomy":"post_tag","embeddable":true,"href":"https:\/\/mersingazetesi.com\/index.php\/wp-json\/wp\/v2\/tags?post=127210"}],"curies":[{"name":"wp","href":"https:\/\/api.w.org\/{rel}","templated":true}]}}