{"id":127185,"date":"2026-03-07T11:29:48","date_gmt":"2026-03-07T08:29:48","guid":{"rendered":"https:\/\/mersingazetesi.com\/?p=127185"},"modified":"2026-03-07T11:29:48","modified_gmt":"2026-03-07T08:29:48","slug":"mersin-icin-onemli-kamulastirma-karari","status":"publish","type":"post","link":"https:\/\/mersingazetesi.com\/index.php\/2026\/03\/07\/mersin-icin-onemli-kamulastirma-karari\/","title":{"rendered":"MERS\u0130N \u0130\u00c7\u0130N \u00d6NEML\u0130 KAMULA\u015eTIRMA KARARI"},"content":{"rendered":"<p>Erdemli-Silifke-Ta\u015fucu-Anamur Otoban\u0131 Akkuyu N\u00fckleer G\u00fc\u00e7 santraline ba\u011flant\u0131 yoluna acele kamula\u015ft\u0131rma karar\u0131 Cumhurba\u015fkan\u0131 Erdo\u011fan imzas\u0131yla Resmi Gazetede yay\u0131mlanarak y\u00fcr\u00fcrl\u00fc\u011fe girdi.<\/p>\n<p data-end=\"736\" data-start=\"617\">S\u00f6z konusu kamula\u015ft\u0131rma i\u015flemleri, projeyi y\u00fcr\u00fcten Karayollar\u0131 Genel M\u00fcd\u00fcrl\u00fc\u011f\u00fc taraf\u0131ndan ger\u00e7ekle\u015ftirilecek.<\/p>\n<div class=\"mt-6 prose font-helvetica max-w-full text-xl text-content\">\n<div class=\"text-content articleDetails inread-ads\" data-content-news-id=\"2484707\">\n<p>Erdemli-Silifke-Ta\u015fucu-Anamur-13. B\u00f6lge Hududu Devlet Yolu Akkuyu N\u00fckleer G\u00fc\u00e7 Santral\u0131 Ba\u011flant\u0131 Yolu-2 Projesi\u00a0kapsam\u0131nda Mersin G\u00fclp\u0131nar&#8217;da baz\u0131 ta\u015f\u0131nmazlar\u0131n ve \u00fczerlerindeki m\u00fc\u015ftemilat\u0131n acele kamula\u015ft\u0131r\u0131lmas\u0131 kararla\u015ft\u0131r\u0131ld\u0131.<\/p>\n<h3>RESM\u0130 GAZETE&#8217;DE YAYIMLANDI<\/h3>\n<p>Konuya ili\u015fkin Cumhurba\u015fkan\u0131 Karar\u0131, Resmi Gazete&#8217;de yay\u0131mland\u0131.<\/p>\n<p>Buna g\u00f6re s\u00f6z konusu proje \u00e7er\u00e7evesinde Mersin G\u00fclp\u0131nar&#8217;da g\u00fczergaha rastlayan kesimde araziye girilerek yol yap\u0131m \u00e7al\u0131\u015fmalar\u0131n\u0131n tamamlanmas\u0131 amac\u0131yla ihtiya\u00e7 duyulan ta\u015f\u0131nmazlar ile \u00fczerlerindeki m\u00fc\u015ftemilat, Karayollar\u0131 Genel M\u00fcd\u00fcrl\u00fc\u011f\u00fcnce acele kamula\u015ft\u0131r\u0131lacak.<\/p>\n<\/div>\n<\/div>\n<div class=\"flex flex-wrap text-sm font-semibold mt-4 mb-6 gap-2\"><\/div>\n","protected":false},"excerpt":{"rendered":"<p>Erdemli-Silifke-Ta\u015fucu-Anamur Otoban\u0131 Akkuyu N\u00fckleer G\u00fc\u00e7 santraline ba\u011flant\u0131 yoluna acele kamula\u015ft\u0131rma karar\u0131 Cumhurba\u015fkan\u0131 Erdo\u011fan imzas\u0131yla Resmi Gazetede yay\u0131mlanarak y\u00fcr\u00fcrl\u00fc\u011fe girdi. S\u00f6z konusu kamula\u015ft\u0131rma i\u015flemleri, projeyi y\u00fcr\u00fcten Karayollar\u0131 Genel M\u00fcd\u00fcrl\u00fc\u011f\u00fc taraf\u0131ndan ger\u00e7ekle\u015ftirilecek. Erdemli-Silifke-Ta\u015fucu-Anamur-13. B\u00f6lge Hududu Devlet Yolu Akkuyu N\u00fckleer G\u00fc\u00e7 Santral\u0131 Ba\u011flant\u0131 Yolu-2 Projesi\u00a0kapsam\u0131nda Mersin G\u00fclp\u0131nar&#8217;da baz\u0131 ta\u015f\u0131nmazlar\u0131n ve \u00fczerlerindeki m\u00fc\u015ftemilat\u0131n acele kamula\u015ft\u0131r\u0131lmas\u0131 kararla\u015ft\u0131r\u0131ld\u0131. RESM\u0130 GAZETE&#8217;DE YAYIMLANDI [&hellip;]<\/p>\n","protected":false},"author":2,"featured_media":127186,"comment_status":"open","ping_status":"open","sticky":false,"template":"","format":"standard","meta":{"footnotes":""},"categories":[8],"tags":[],"class_list":["post-127185","post","type-post","status-publish","format-standard","has-post-thumbnail","hentry","category-mersin"],"views":1668,"_links":{"self":[{"href":"https:\/\/mersingazetesi.com\/index.php\/wp-json\/wp\/v2\/posts\/127185","targetHints":{"allow":["GET"]}}],"collection":[{"href":"https:\/\/mersingazetesi.com\/index.php\/wp-json\/wp\/v2\/posts"}],"about":[{"href":"https:\/\/mersingazetesi.com\/index.php\/wp-json\/wp\/v2\/types\/post"}],"author":[{"embeddable":true,"href":"https:\/\/mersingazetesi.com\/index.php\/wp-json\/wp\/v2\/users\/2"}],"replies":[{"embeddable":true,"href":"https:\/\/mersingazetesi.com\/index.php\/wp-json\/wp\/v2\/comments?post=127185"}],"version-history":[{"count":2,"href":"https:\/\/mersingazetesi.com\/index.php\/wp-json\/wp\/v2\/posts\/127185\/revisions"}],"predecessor-version":[{"id":127188,"href":"https:\/\/mersingazetesi.com\/index.php\/wp-json\/wp\/v2\/posts\/127185\/revisions\/127188"}],"wp:featuredmedia":[{"embeddable":true,"href":"https:\/\/mersingazetesi.com\/index.php\/wp-json\/wp\/v2\/media\/127186"}],"wp:attachment":[{"href":"https:\/\/mersingazetesi.com\/index.php\/wp-json\/wp\/v2\/media?parent=127185"}],"wp:term":[{"taxonomy":"category","embeddable":true,"href":"https:\/\/mersingazetesi.com\/index.php\/wp-json\/wp\/v2\/categories?post=127185"},{"taxonomy":"post_tag","embeddable":true,"href":"https:\/\/mersingazetesi.com\/index.php\/wp-json\/wp\/v2\/tags?post=127185"}],"curies":[{"name":"wp","href":"https:\/\/api.w.org\/{rel}","templated":true}]}}