{"id":127183,"date":"2026-03-07T11:25:27","date_gmt":"2026-03-07T08:25:27","guid":{"rendered":"https:\/\/mersingazetesi.com\/?p=127183"},"modified":"2026-03-07T11:25:27","modified_gmt":"2026-03-07T08:25:27","slug":"osmanli-erenlerinin-anadoluyu-fethetmede-ne-gibi-etkisi-vardir","status":"publish","type":"post","link":"https:\/\/mersingazetesi.com\/index.php\/2026\/03\/07\/osmanli-erenlerinin-anadoluyu-fethetmede-ne-gibi-etkisi-vardir\/","title":{"rendered":"OSMANLI ERENLER\u0130N\u0130N ANADOLUYU FETHETMEDE NE G\u0130B\u0130 ETK\u0130S\u0130 VARDIR?"},"content":{"rendered":"<div class=\"gs\">\n<div class=\"\">\n<div id=\":n3\" class=\"ii gt\">\n<div id=\":n2\" class=\"a3s aiL\">\n<div id=\"avWBGd-17\">\n<div dir=\"ltr\">\n<div dir=\"auto\">Bursa\u2019dan Say\u0131n \u0130smail ZEYBEK soruyor:<\/div>\n<div dir=\"auto\">SORU:<\/div>\n<div dir=\"auto\">Son y\u0131llarda yay\u0131nlanmakta olan tarihi filmlerde sava\u015f ilan edilecek devletlere \u00f6nceden baz\u0131 kimselerin g\u00f6nderildi\u011fini ve o ki\u015filerin y\u00f6re halk\u0131n\u0131 islam&#8217;a \u0131s\u0131nd\u0131rmak i\u00e7in g\u00f6rev yapt\u0131\u011f\u0131n\u0131 izlemekteyiz.<\/div>\n<div dir=\"auto\">Bu ki\u015filere dervi\u015f, Horasan Erenleri veya Osmanl\u0131 Erenleri dendi\u011fini de biliyoruz.<\/div>\n<div dir=\"auto\">Benim sorum tarihle ilgili bir soru olacak\u2026<\/div>\n<div dir=\"auto\">Bu erenler kimlerdir ve d\u00fc\u015fmanlar\u0131n i\u00e7erisinde ne gibi \u00e7al\u0131\u015fmalar yapmaktad\u0131rlar?<\/div>\n<div dir=\"auto\">Erenler askerlere ba\u011fl\u0131 bir birlik midir? Nas\u0131l yeti\u015ftirilmektedirler? G\u00f6revleri dini bir g\u00f6rev midir yoksa askeri bir g\u00f6rev midir?<\/div>\n<div dir=\"auto\">Bize Erenleri anlat\u0131r m\u0131s\u0131n\u0131z?<\/div>\n<div dir=\"auto\">CEVAP:<\/div>\n<div dir=\"auto\">Televizyon dizilerinde Tarihi filmleri izledi\u011fimiz zaman Fethedilen yerlerde Horasan Erenlerinin devam\u0131 olarak Osmanl\u0131 erenlerinin ve Din fakt\u00f6r\u00fcn\u00fcn \u00f6n plana \u00e7\u0131kt\u0131\u011f\u0131n\u0131 g\u00f6r\u00fcyoruz.<\/div>\n<div dir=\"auto\">Osmanl\u0131lar\u0131n kurulu\u015f ve geli\u015fme y\u0131llar\u0131nda fethedilecek yerlere \u00f6nceden g\u00f6nderilen ERENLER halk\u0131n fethe haz\u0131r hale getirilmesinde b\u00fcy\u00fck rol oynam\u0131\u015flard\u0131r.<\/div>\n<div dir=\"auto\">Ahmet Yesevi\u2019nin yeti\u015ftirip Anadolu\u2019ya g\u00f6nderdi\u011fi Horasan Erenlerinden \u015eeyh Edebali S\u00f6\u011f\u00fct-Domani\u00e7 b\u00f6lgesine, Somuncu Baba Bursa, Aksaray, Sar\u0131 Saltuk Ni\u011fde- Bor-Bursa aras\u0131nda, Hac\u0131 Bekta\u015fi Veli Nev\u015fehir, Mevlana da Konya b\u00f6lgesinde derg\u00e2h\u0131n\u0131 kurup k\u00fclt\u00fcrel a\u00e7\u0131dan gittikleri y\u00f6releri T\u00fcrkle\u015ftirme ve \u0130slamla\u015ft\u0131rmak ile g\u00f6revlendirilmi\u015flerdir.<\/div>\n<div dir=\"auto\">O d\u00f6nemde Hristiyan halk\u0131 Bizans\u2019\u0131n zulm\u00fcnden b\u0131km\u0131\u015ft\u0131. \u0130slam\u2019\u0131 ve Horasan Erenlerini kurtar\u0131c\u0131 olarak kar\u015f\u0131lanm\u0131\u015flard\u0131r..<\/div>\n<div dir=\"auto\">Prof. Remzi O\u011fuz Ar\u0131k\u2019\u0131n belirtti\u011fi \u015fekliyle: \u201cT\u00fcrker\u2019in Anadolu\u2019yu fethetmelerine sebep din oldu. Bu inanc\u0131n yurt kurmakta b\u00fcy\u00fck \u00f6nemi vard\u0131r.\u201d<\/div>\n<div dir=\"auto\">Osmanl\u0131lar\u0131n kurucusu Osman Gazi, o\u011flu Orhan Gazi&#8217;ye vasiyetinde: \u201c\u0130slam\u2019\u0131n kuvvetlenmesi i\u00e7in \u00e7al\u0131\u015fmas\u0131n\u0131\u201d tavsiye etmi\u015fti.<\/div>\n<div dir=\"auto\">Horasan ve Osmanl\u0131 maneviyat erenleri Y\u00fcce \u0130slam dinine inanan insanlard\u0131r.<\/div>\n<div dir=\"auto\">Zafer i\u00e7in maneviyat\u0131n elbette \u00f6nemi vard\u0131r.<\/div>\n<div dir=\"auto\">Osman Bey&#8217;in, Bizans \u0130mparatorlu\u011funu dize getirmesinin arkas\u0131nda Alp G\u00fcnd\u00fcz, Gazi Rahman, Ak\u00e7a Koca ve K\u00f6se Mihal gibi kahraman sava\u015f\u00e7\u0131lar kadar Horasan\u2019dan gelen maneviyat erenlerinden Sadreddin Konevi\u2019nin Mevlana\u2019n\u0131n, Dursun Fakih\u2019in, \u015eeyh Edebali\u2019nin, Ahi Evran\u2019\u0131n, \u015eeyh babas\u0131 \u0130lyas\u2019\u0131n da rol\u00fc vard\u0131r.<\/div>\n<div dir=\"auto\">Orhan Gazi\u2019nin Bursa\u2019y\u0131 fethetmesinde Lala \u015eahin, Hayreddin Pa\u015fa kadar maneviyat erenlerinden Molla Davud-i Kayseri\u2019nin, \u00c7andarl\u0131 Kara Halil\u2019in, Karaca Ahmed\u2019in, Geyikli Baba\u2019n\u0131n da rol\u00fc vard\u0131r.<\/div>\n<div dir=\"auto\">Geyikli baba\u2019y\u0131 D\u0130R\u0130L\u0130\u015e-ERTU\u011eRUL dizisinde de g\u00f6rmekteyiz.<\/div>\n<div dir=\"auto\">Geyikli Baba, Osmanl\u0131&#8217;n\u0131n kurulu\u015f y\u0131llar\u0131nda Azerbaycan\u2019dan yola \u00e7\u0131k\u0131p Anadolu\u2019ya gelen bir eren, bir dervi\u015ftir. Bursa\u2019n\u0131n kurulu\u015f y\u0131llar\u0131nda bir geyik s\u0131rt\u0131nda dev bir k\u0131l\u0131\u00e7la sava\u015fa kat\u0131ld\u0131\u011f\u0131 ve g\u00f6r\u00fcnt\u00fcs\u00fcn\u00fcn Rumlar\u0131 korkutarak m\u00e2nen y\u0131kt\u0131\u011f\u0131 anlat\u0131l\u0131r.<\/div>\n<div dir=\"auto\">Ordug\u00e2htaki ho\u015f\u00e7a sohbetlerinden \u00f6t\u00fcr\u00fc askerler taraf\u0131ndan &#8220;Baba&#8221; diye an\u0131lmaya ba\u015flam\u0131\u015ft\u0131r.<\/div>\n<div dir=\"auto\">Orhan Gazi, Bursa&#8217;n\u0131n fethinden sonra Uluda\u011f&#8217;\u0131 Geyikli Babaya arma\u011fan eder.<\/div>\n<div dir=\"auto\">Geyikli baba ERTU\u011eRUL dizisinde g\u00f6r\u00fcld\u00fc\u011f\u00fc \u015fekliyle da\u011f\u0131n eteklerinde kendi halinde ya\u015famaya ba\u015flar.<\/div>\n<div dir=\"auto\">Orhan Gazi de hay\u0131r duas\u0131n\u0131 almak i\u00e7in onu Bursa\u2019ya davet eder ama kendi halinde ya\u015famak isteyen Geyikli Baba Bursa\u2019ya gelmez. Bunun \u00fczerine kendisi ziyarete gitmek isterse de Geyikli Baba, hen\u00fcz zaman\u0131 olmad\u0131\u011f\u0131n\u0131 ileri s\u00fcrerek kabul etmez. Bunun \u00fczerine taht\u0131ndan tac\u0131ndan so\u011fuyan Orhan Gazi, beklemeye ba\u015flar.<\/div>\n<div dir=\"auto\">Bir s\u00fcre sonra Geyikli Baba derg\u00e2h\u0131n\u0131n bah\u00e7esindeki bir a\u011fac\u0131 y\u00fcklenip Bursa&#8217;ya gelir ve a\u011fac\u0131 saray\u0131n avlusuna diker, \u201cdevletin bu a\u011fa\u00e7 gibi k\u00f6k sals\u0131n, dallar\u0131 uzaklara ula\u015fs\u0131n\u201d diye dua eder.<\/div>\n<div dir=\"auto\">Orhan Gazi, daha sonra kendisini derg\u00e2h\u0131nda ziyaret eder ve Geyikli Baba, Orhan Gazi&#8217;nin \u0131srar\u0131 \u00fczerine derg\u00e2h\u0131n \u00e7evresindeki k\u00fc\u00e7\u00fck bir araziyi odunluk olarak kabul eder.<\/div>\n<div dir=\"auto\">\u00d6mr\u00fc boyunca dergah\u0131nda ibadetle ve \u00f6\u011frenci yeti\u015ftirmekle me\u015fgul olan Geyikli Baba \u00f6ld\u00fc\u011f\u00fcnde Orhan Gazi kabri \u00fczerinde bir t\u00fcrbe ve yan\u0131nda bir cami yapt\u0131r\u0131r.<\/div>\n<div dir=\"auto\">Sevenleri bu caminin etraf\u0131na yerle\u015firler ve zamanla \u015firin bir k\u00f6y olu\u015fur.<\/div>\n<div dir=\"auto\">\u0130\u015fte bu k\u00f6y Baba Sultan K\u00f6y\u00fc olarak an\u0131lmaktad\u0131r.<\/div>\n<div dir=\"auto\">Geyikli baba bir Osmanl\u0131 Ereni\u2019dir.<\/div>\n<div dir=\"auto\">Yine Sultan Murad&#8217;\u0131n Kosova\u2019daki ba\u015far\u0131s\u0131nda Gazi Evrenos, Kutlu Be\u011f, Kara Timurta\u015f, Hac\u0131 \u0130lbey gibi kahramanlar kadar, Molla Muhammed Cem\u00e2l\u00fcddin Aksarayi, Molla Fenari, Koca Efendi, \u015eeyh Hac\u0131 Bekta\u015f Veli gibi maneviyat erenlerinin de rol\u00fc vard\u0131r.<\/div>\n<div dir=\"auto\">Bu ERENLER\u2019 den Hac\u0131 Bekta\u015f Veli, Horasan&#8217;\u0131n Ni\u015fabur \u015fehrinde do\u011fmu\u015ftur.<\/div>\n<div dir=\"auto\">E\u011fitimini Hoca Ahmet Yesev\u00ee\u2019nin talebelerinden fieyh Lokman-\u0131 Perende\u2019den alm\u0131\u015ft\u0131r.<\/div>\n<div dir=\"auto\">E\u011fitimini tamamlad\u0131ktan sonra Anadolu\u2019ya gelen ve \u00e7e\u015fitli yerlerini dola\u015fan Hac\u0131 Bekta\u015f Veli Nev\u015fehir&#8217;in Hac\u0131bekta\u015f il\u00e7esine yerle\u015fmi\u015ftir.<\/div>\n<div dir=\"auto\">Burada halk\u0131 ir\u015fat edici \u00e7al\u0131\u015fmalar yapm\u0131\u015ft\u0131r.<\/div>\n<div dir=\"auto\">Kendisinin de \u00fcyesi oldu\u011fu \u201cahilik te\u015fkilat\u0131\u201d ile \u00f6nemli hizmetlerde bulunan Hac\u0131 Bekta\u015f Veli, kurulma a\u015famas\u0131nda olan Osmanl\u0131 Devleti sultanlar\u0131ndan da sevgi ve h\u00fcrmet g\u00f6rm\u00fc\u015ft\u00fcr.<\/div>\n<div dir=\"auto\">Osmanl\u0131lar\u0131n kurulu\u015f a\u015famas\u0131nda sa\u011flam temeller \u00fczerine oturmas\u0131nda b\u00fcy\u00fck hizmetleri olmu\u015ftur.<\/div>\n<div dir=\"auto\">Orhan Bey zaman\u0131nda kurulan yeni\u00e7eri ordusunun halk ile yeni\u00e7eriler aras\u0131ndaki ba\u011f\u0131 g\u00fc\u00e7lendirmi\u015ftir.<\/div>\n<div dir=\"auto\">Ve yine Y\u0131ld\u0131r\u0131m Beyaz\u0131t, Ni\u011fbolu Zaferini kazan\u0131rken, Ali ve Timurta\u015f pa\u015falar kadar Emir Sultan, Yunus Emre, Hac\u0131 Bayram-\u0131 Veli, Molla \u015eemsettin Fenari gibi kimselerden manevi yard\u0131mlar alm\u0131\u015ft\u0131r.<\/div>\n<div dir=\"auto\">Horasan ve Osmanl\u0131 din ve maneviyat erenlerinin Osmanl\u0131 Devleti\u2019nin kurulu\u015funda \u00e7ok etkili rolleri olmu\u015ftur.<\/div>\n<div dir=\"auto\">Ho\u015f\u00e7a kal\u0131n\u0131z.<\/div>\n<div dir=\"auto\">Sorular\u0131n\u0131z i\u00e7in (\u00a0<a href=\"mailto:gaziert333@gmail.com\" target=\"_blank\" rel=\"noopener\">gaziert333@gmail.com<\/a>\u00a0)<\/div>\n<\/div>\n<div class=\"yj6qo\"><\/div>\n<div class=\"adL\"><\/div>\n<\/div>\n<\/div>\n<\/div>\n<div id=\"avWBGd-18\" class=\"WhmR8e\" data-hash=\"0\"><\/div>\n<\/div>\n<\/div>\n","protected":false},"excerpt":{"rendered":"<p>Bursa\u2019dan Say\u0131n \u0130smail ZEYBEK soruyor: SORU: Son y\u0131llarda yay\u0131nlanmakta olan tarihi filmlerde sava\u015f ilan edilecek devletlere \u00f6nceden baz\u0131 kimselerin g\u00f6nderildi\u011fini ve o ki\u015filerin y\u00f6re halk\u0131n\u0131 islam&#8217;a \u0131s\u0131nd\u0131rmak i\u00e7in g\u00f6rev yapt\u0131\u011f\u0131n\u0131 izlemekteyiz. Bu ki\u015filere dervi\u015f, Horasan Erenleri veya Osmanl\u0131 Erenleri dendi\u011fini de biliyoruz. Benim sorum tarihle ilgili bir soru olacak\u2026 Bu erenler kimlerdir ve d\u00fc\u015fmanlar\u0131n i\u00e7erisinde [&hellip;]<\/p>\n","protected":false},"author":11,"featured_media":126869,"comment_status":"open","ping_status":"open","sticky":false,"template":"","format":"standard","meta":{"footnotes":""},"categories":[21],"tags":[],"class_list":["post-127183","post","type-post","status-publish","format-standard","has-post-thumbnail","hentry","category-gazi-mert"],"views":388,"_links":{"self":[{"href":"https:\/\/mersingazetesi.com\/index.php\/wp-json\/wp\/v2\/posts\/127183","targetHints":{"allow":["GET"]}}],"collection":[{"href":"https:\/\/mersingazetesi.com\/index.php\/wp-json\/wp\/v2\/posts"}],"about":[{"href":"https:\/\/mersingazetesi.com\/index.php\/wp-json\/wp\/v2\/types\/post"}],"author":[{"embeddable":true,"href":"https:\/\/mersingazetesi.com\/index.php\/wp-json\/wp\/v2\/users\/11"}],"replies":[{"embeddable":true,"href":"https:\/\/mersingazetesi.com\/index.php\/wp-json\/wp\/v2\/comments?post=127183"}],"version-history":[{"count":1,"href":"https:\/\/mersingazetesi.com\/index.php\/wp-json\/wp\/v2\/posts\/127183\/revisions"}],"predecessor-version":[{"id":127184,"href":"https:\/\/mersingazetesi.com\/index.php\/wp-json\/wp\/v2\/posts\/127183\/revisions\/127184"}],"wp:featuredmedia":[{"embeddable":true,"href":"https:\/\/mersingazetesi.com\/index.php\/wp-json\/wp\/v2\/media\/126869"}],"wp:attachment":[{"href":"https:\/\/mersingazetesi.com\/index.php\/wp-json\/wp\/v2\/media?parent=127183"}],"wp:term":[{"taxonomy":"category","embeddable":true,"href":"https:\/\/mersingazetesi.com\/index.php\/wp-json\/wp\/v2\/categories?post=127183"},{"taxonomy":"post_tag","embeddable":true,"href":"https:\/\/mersingazetesi.com\/index.php\/wp-json\/wp\/v2\/tags?post=127183"}],"curies":[{"name":"wp","href":"https:\/\/api.w.org\/{rel}","templated":true}]}}