{"id":127129,"date":"2026-03-06T14:06:28","date_gmt":"2026-03-06T11:06:28","guid":{"rendered":"https:\/\/mersingazetesi.com\/?p=127129"},"modified":"2026-03-06T14:06:28","modified_gmt":"2026-03-06T11:06:28","slug":"kaliplara-sigmayan-kadinlar","status":"publish","type":"post","link":"https:\/\/mersingazetesi.com\/index.php\/2026\/03\/06\/kaliplara-sigmayan-kadinlar\/","title":{"rendered":"KALIPLARA SI\u011eMAYAN KADINLAR"},"content":{"rendered":"<p>Toplumlar, cinsiyetler\u00a0\u00fczerine belirli kal\u0131plar ve sorumluluklar\u00a0y\u00fcklemi\u015ftir. Erkeklerin\u00a0g\u00fcc\u00fc istedi\u011fini yapmakta \u00f6zg\u00fcr bireyler olarak\u00a0g\u00f6r\u00fcl\u00fcrken, kad\u0131nlar\u00a0\u00e7o\u011fu zaman belirlenmi\u015f s\u0131n\u0131rlar i\u00e7inde ya\u015famas\u0131 gereken bireyler olarak g\u00f6r\u00fcl\u00fcr.<\/p>\n<p>Toplum ya\u015fam\u0131 boyunca kad\u0131nlar \u00e7izilen bu s\u0131n\u0131rlar\u0131 kabul\u00a0etmeyip, bu\u00a0kal\u0131plar\u0131 y\u0131kmak i\u00e7in \u00fcst\u00fcn \u00e7aba sarf\u00a0etmi\u015flerdir.<\/p>\n<p>Asla\u00a0pes etmeden e\u015fitlik ve \u00f6zg\u00fcr \u015fekilde ya\u015fayabilmek i\u00e7in tarih boyunca u\u011fra\u015fmak zorunda\u00a0kalm\u0131\u015flard\u0131r.<\/p>\n<p>G\u00fcn\u00fcm\u00fcz\u00a0toplumunda ise artan kad\u0131n\u00a0\u015fiddetleri, \u00f6tekile\u015ftirme\u00a0\u00e7abalar\u0131 hala\u00a0s\u00fcrmektedir.<\/p>\n<p>Kad\u0131n\u00a0olmak\u00a0zor, ancak\u00a0bu \u00e7abalar\u0131n amac\u0131 erkekleri saf d\u0131\u015f\u0131 etmek\u00a0de\u011fildir.<\/p>\n<p>B\u00fct\u00fcn\u00a0olumsuzluklara ra\u011fmen e\u015fitlik ve huzur dolu bir ya\u015famdan vazge\u00e7memektir.<\/p>\n<p>Kad\u0131nlar de\u011fer g\u00f6rd\u00fckleri her yerde \u00e7i\u00e7ek\u00a0a\u00e7an, merhamet duygusuna fazlas\u0131yla\u00a0sahip;<\/p>\n<p>ayn\u0131\u00a0zamanda her zaman minnet\u00a0duyaca\u011f\u0131m\u0131z\u00a0birer \u00f6rnektir.<\/p>\n<p>Ulu \u00d6nder Mustafa Kemal Atat\u00fcrk\u2019\u00fcn s\u00f6ylemi\u015f oldu\u011fu gibi:<\/p>\n<p>\u201cKad\u0131nlar\u0131 geride b\u0131rakan\u00a0toplumlar, geride\u00a0kalmaya mahkumdur.\u201d<\/p>\n<p>Hayatlar\u0131n\u0131 zorla\u015ft\u0131rmak<a name=\"m_4867602611837599882__GoBack\"><\/a>\u00a0yerine, ger\u00e7ekten\u00a0e\u015fitli\u011fin oldu\u011fu;<\/p>\n<p>kal\u0131plara s\u0131\u011fd\u0131r\u0131lmadan ya\u015fanabilen\u00a0bir toplum\u00a0hedeflenmelidir.<\/p>\n<p>Say\u0131s\u0131\u00a0her ge\u00e7en g\u00fcn artan kad\u0131n \u015fiddetlerinin son bulmas\u0131n\u0131 ve g\u00fcven i\u00e7inde\u00a0ya\u015faman\u0131n m\u00fcmk\u00fcn olmas\u0131n\u0131 diliyorum.<\/p>\n<p>8 Mart D\u00fcnya Kad\u0131nlar G\u00fcn\u00fc&#8217;n\u00fc en i\u00e7ten dileklerimle\u00a0kutlarken, bizler\u00a0i\u00e7in yorulmak bilmeyen\u00a0annelerimize de \u00e7ok te\u015fekk\u00fcr\u00a0ederim.<\/p>\n<p>G\u00fc\u00e7l\u00fc\u00a0toplum;<\/p>\n<p>iyi\u00a0yeti\u015ftirilmi\u015f bireyler ile g\u00fczel annelerle yar\u0131nlara\u00a0ula\u015f\u0131labilir.<\/p>\n<p>Bunun\u00a0i\u00e7in kal\u0131plara\u00a0s\u0131\u011fd\u0131r\u0131lmadan, ger\u00e7ekten\u00a0e\u015fitili\u011fin\u00a0oldu\u011fu \u015fekilde ya\u015fayal\u0131m.<\/p>\n<p>Her \u015feye ra\u011fmen pes etmeyen\u00a0g\u00fc\u00e7l\u00fc, her\u00a0daim dik duran kad\u0131nlar\u0131m\u0131za te\u015fekk\u00fcr\u00fc bor\u00e7 bilir;<\/p>\n<p>8 Mart D\u00fcnya Kad\u0131nlar G\u00fcn\u00fc\u2019n\u00fc kutlar\u0131m.<\/p>\n<p>Dilerim ki her zaman \u00e7i\u00e7ek a\u00e7an g\u00fcl\u00fcmseyen hayat dolu kad\u0131nlar\u0131m\u0131z olur.<\/p>\n<p>Sevgilerle&#8230;<\/p>\n","protected":false},"excerpt":{"rendered":"<p>Toplumlar, cinsiyetler\u00a0\u00fczerine belirli kal\u0131plar ve sorumluluklar\u00a0y\u00fcklemi\u015ftir. Erkeklerin\u00a0g\u00fcc\u00fc istedi\u011fini yapmakta \u00f6zg\u00fcr bireyler olarak\u00a0g\u00f6r\u00fcl\u00fcrken, kad\u0131nlar\u00a0\u00e7o\u011fu zaman belirlenmi\u015f s\u0131n\u0131rlar i\u00e7inde ya\u015famas\u0131 gereken bireyler olarak g\u00f6r\u00fcl\u00fcr. Toplum ya\u015fam\u0131 boyunca kad\u0131nlar \u00e7izilen bu s\u0131n\u0131rlar\u0131 kabul\u00a0etmeyip, bu\u00a0kal\u0131plar\u0131 y\u0131kmak i\u00e7in \u00fcst\u00fcn \u00e7aba sarf\u00a0etmi\u015flerdir. Asla\u00a0pes etmeden e\u015fitlik ve \u00f6zg\u00fcr \u015fekilde ya\u015fayabilmek i\u00e7in tarih boyunca u\u011fra\u015fmak zorunda\u00a0kalm\u0131\u015flard\u0131r. G\u00fcn\u00fcm\u00fcz\u00a0toplumunda ise artan kad\u0131n\u00a0\u015fiddetleri, \u00f6tekile\u015ftirme\u00a0\u00e7abalar\u0131 hala\u00a0s\u00fcrmektedir. Kad\u0131n\u00a0olmak\u00a0zor, [&hellip;]<\/p>\n","protected":false},"author":19,"featured_media":126812,"comment_status":"open","ping_status":"open","sticky":false,"template":"","format":"standard","meta":{"footnotes":""},"categories":[135],"tags":[],"class_list":["post-127129","post","type-post","status-publish","format-standard","has-post-thumbnail","hentry","category-kalem-ve-vicdan-nurhayat-oncel"],"views":723,"_links":{"self":[{"href":"https:\/\/mersingazetesi.com\/index.php\/wp-json\/wp\/v2\/posts\/127129","targetHints":{"allow":["GET"]}}],"collection":[{"href":"https:\/\/mersingazetesi.com\/index.php\/wp-json\/wp\/v2\/posts"}],"about":[{"href":"https:\/\/mersingazetesi.com\/index.php\/wp-json\/wp\/v2\/types\/post"}],"author":[{"embeddable":true,"href":"https:\/\/mersingazetesi.com\/index.php\/wp-json\/wp\/v2\/users\/19"}],"replies":[{"embeddable":true,"href":"https:\/\/mersingazetesi.com\/index.php\/wp-json\/wp\/v2\/comments?post=127129"}],"version-history":[{"count":2,"href":"https:\/\/mersingazetesi.com\/index.php\/wp-json\/wp\/v2\/posts\/127129\/revisions"}],"predecessor-version":[{"id":127131,"href":"https:\/\/mersingazetesi.com\/index.php\/wp-json\/wp\/v2\/posts\/127129\/revisions\/127131"}],"wp:featuredmedia":[{"embeddable":true,"href":"https:\/\/mersingazetesi.com\/index.php\/wp-json\/wp\/v2\/media\/126812"}],"wp:attachment":[{"href":"https:\/\/mersingazetesi.com\/index.php\/wp-json\/wp\/v2\/media?parent=127129"}],"wp:term":[{"taxonomy":"category","embeddable":true,"href":"https:\/\/mersingazetesi.com\/index.php\/wp-json\/wp\/v2\/categories?post=127129"},{"taxonomy":"post_tag","embeddable":true,"href":"https:\/\/mersingazetesi.com\/index.php\/wp-json\/wp\/v2\/tags?post=127129"}],"curies":[{"name":"wp","href":"https:\/\/api.w.org\/{rel}","templated":true}]}}