{"id":127105,"date":"2026-03-06T09:37:01","date_gmt":"2026-03-06T06:37:01","guid":{"rendered":"https:\/\/mersingazetesi.com\/?p=127105"},"modified":"2026-03-06T09:37:01","modified_gmt":"2026-03-06T06:37:01","slug":"kadir-gecesinin-ayricaliginin-sebebi-nedir","status":"publish","type":"post","link":"https:\/\/mersingazetesi.com\/index.php\/2026\/03\/06\/kadir-gecesinin-ayricaliginin-sebebi-nedir\/","title":{"rendered":"KAD\u0130R GECES\u0130N\u0130N AYRICALI\u011eININ SEBEB\u0130 NED\u0130R?"},"content":{"rendered":"<div class=\"gs\">\n<div class=\"\">\n<div id=\":n3\" class=\"ii gt\">\n<div id=\":n2\" class=\"a3s aiL\">\n<div id=\"avWBGd-17\">\n<div dir=\"ltr\">\n<div dir=\"auto\">Konya\u2019dan say\u0131n MUSTAFA AKTAN \u2018\u0131n sorusu Kadir Gecesi ile ilgili\u2026<\/div>\n<div dir=\"auto\">SORU:<\/div>\n<div dir=\"auto\">2026 y\u0131l\u0131 Kadir Gecesi ne zaman? Kadir gecesinde ne olmu\u015ftu? Bu gecede ne t\u00fcrl\u00fc ibadet yap\u0131lmal\u0131d\u0131r?<\/div>\n<div dir=\"auto\">Kadir gecesinin \u00f6nemi nedir?<\/div>\n<div dir=\"auto\">Bizim inanc\u0131m\u0131za g\u00f6re Allah\u2019\u0131n yaratt\u0131\u011f\u0131 g\u00fcnler aras\u0131nda fark yoktur.<\/div>\n<div dir=\"auto\">Ge\u00e7enlerde cuma konu\u015fmas\u0131nda bir vaiz Kadir Gecesi\u2019nin 80 y\u0131ldan yani 1 000 aydan hay\u0131rl\u0131 oldu\u011funu s\u00f6yledi.<\/div>\n<div dir=\"auto\">Bu anlay\u0131\u015f dine uygun mudur?<\/div>\n<div dir=\"auto\">Allah baz\u0131 g\u00fcnleri di\u011fer g\u00fcnlerden ni\u00e7in ayr\u0131 kabul etsin?<\/div>\n<div dir=\"auto\">Allah bazen c\u00f6mert, bazen de bunun aksine mi davranm\u0131\u015ft\u0131r?<\/div>\n<div dir=\"auto\">Ni\u00e7in bir geceye 80 y\u0131ldan fazla de\u011fer verilsin?<\/div>\n<div dir=\"auto\">Bizi ayd\u0131nlat\u0131r m\u0131s\u0131n\u0131z?<\/div>\n<div dir=\"auto\">CEVAP:<\/div>\n<div dir=\"auto\">Ramazan ay\u0131 devam ederken Kadir Gecesi\u2019nin tarihi ara\u015ft\u0131rmalar\u0131 h\u0131z kazanm\u0131\u015ft\u0131r.<\/div>\n<div dir=\"auto\">Ramazan\u2019\u0131n 27\u2019nci gecesi olarak kabul edilen bu m\u00fcbarek gecede, Peygamber Efendimize ilk vahiy gelmi\u015f ve Kur\u2019an-\u0131 Kerim\u2019in ilk ayetleri indirilmeye ba\u015flanm\u0131\u015ft\u0131r.<\/div>\n<div dir=\"auto\">Diyanet \u0130\u015fleri Ba\u015fkanl\u0131\u011f\u0131\u2019n\u0131n 2026 dini g\u00fcnler takvimine g\u00f6re Kadir Gecesi\u2019nin tarihi netle\u015fmi\u015ftir.<\/div>\n<div dir=\"auto\">Kadir Gecesi, Kur\u2019an-\u0131 Kerim\u2019in Hz. Muhammed\u2019e (s.a.v) indirilmeye ba\u015fland\u0131\u011f\u0131 m\u00fcbarek gecedir.<\/div>\n<div dir=\"auto\">Y\u00fcce Allah (c.c), ilk vahyi Cebrail (a.s) arac\u0131l\u0131\u011f\u0131yla bu gecede g\u00f6ndermi\u015f; Cebrail\u2019in \u201cOku\u201d hitab\u0131yla Kur\u2019an\u2019\u0131n ilk ayetleri nazil olmu\u015ftur.<\/div>\n<div dir=\"auto\">Ramazan ay\u0131n\u0131n son g\u00fcnlerinde idrak edilen Kadir Gecesi\u2019nin, Kur\u2019an\u2019da \u201cbin aydan daha hay\u0131rl\u0131\u201d oldu\u011fu bildirilerek t\u00fcm \u0130slam alemine \u00f6nemi vurgulanm\u0131\u015ft\u0131r.<\/div>\n<div dir=\"auto\">Kadir Gecesi, Ramazan ay\u0131n\u0131n 26\u2019nc\u0131 g\u00fcn\u00fcn\u00fc 27\u2019nci g\u00fcn\u00fcne ba\u011flayan gece olarak kabul ediliyor. Buna g\u00f6re 2026 y\u0131l\u0131n\u0131n Kadir Gecesi 16 Mart Pazartesi g\u00fcn\u00fc idrak edilecektir..<\/div>\n<div dir=\"auto\">Kadir Gecesi, namaz k\u0131larak, Kur&#8217;\u00e2n-\u0131 Kerim okuyarak, tevbe, isti\u011ff\u00e2r ederek ve dua yaparak de\u011ferlendirmelidir.<\/div>\n<div dir=\"auto\">\u00dczerinde namaz borcu olanlar\u0131n nafile namaz\u0131 k\u0131lmadan \u00f6nce hi\u00e7 de\u011filse be\u015f vakit kaza namaz\u0131 k\u0131lmalar\u0131 daha faziletlidir. Kazas\u0131 yoksa nafile k\u0131lar.<\/div>\n<div dir=\"auto\">Hz. Ay\u015fe validemiz demi\u015ftir ki; Ras\u00fbl\u00fcllah (s.a.s)&#8217;e:<\/div>\n<div dir=\"auto\">&#8220;- Ey Allah&#8217;\u0131n Resul\u00fc! Kadir Gecesine rastlarsam nas\u0131l dua edeyim?&#8221; diye sordum. Ras\u00fbl\u00fcllah (s.a.s):<\/div>\n<div dir=\"auto\">&#8220;- Allah&#8217;\u0131m sen \u00e7ok affedicisin, aff\u0131 seversin, beni affet.&#8221; diye dua et, buyurdu<\/div>\n<div dir=\"auto\">Bu geceye Kadir Gecesi denilmesi \u015feref ve k\u0131ymetinden dolay\u0131d\u0131r. \u00c7\u00fcnk\u00fc:<\/div>\n<div dir=\"auto\">&#8211; Kur&#8217;\u00e2n-\u0131 Kerim bu gecede inmeye ba\u015flam\u0131\u015ft\u0131r.<\/div>\n<div dir=\"auto\">&#8211; Bu gecedeki ibadet, i\u00e7erisinde Kadir Gecesi bulunmayan bin ayda yap\u0131lan ibadetten daha faziletlidir.<\/div>\n<div dir=\"auto\">&#8211; Gelecek bir seneye kadar cereyan edecek olan her t\u00fcrl\u00fc hadiseler Allah Te\u00e2l\u00e2&#8217;n\u0131n ezel\u00ee kaza ve takdiri ile ilgili meleklere bu gece bildirilir.<\/div>\n<div dir=\"auto\">&#8211; Bu gecede yery\u00fcz\u00fcne Cebrail ve \u00e7ok say\u0131da melek iner.<\/div>\n<div dir=\"auto\">&#8211; Bu gece tanyerinin a\u011farmas\u0131na kadar esenliktir, her t\u00fcrl\u00fc k\u00f6t\u00fcl\u00fckten uzakt\u0131r. Yery\u00fcz\u00fcne inen melekler u\u011frad\u0131klar\u0131 her m\u00fc&#8217;mine selam verirler.<\/div>\n<div dir=\"auto\">Kur&#8217;\u00e2n-\u0131 Kerim&#8217;de bu gecenin faziletini belirten m\u00fcstakil bir s\u00fbre vard\u0131r. Bu s\u00fbrede y\u00fcce Rabbimiz \u015f\u00f6yle buyuruyor:<\/div>\n<div dir=\"auto\">&#8220;Do\u011frusu biz Kur&#8217;\u00e2n&#8217;\u0131 Kadir Gecesi&#8217;nde indirmi\u015fizdir. Kadir Gecesi&#8217;nin ne oldu\u011funu sen bilir misin? Kadir Gecesi bin aydan hay\u0131rl\u0131d\u0131r. Melekler ve Cebrail o gecede Rablerinin izniyle her t\u00fcrl\u00fc i\u015f i\u00e7in inerler. O gece, tanyerinin a\u011farmas\u0131na kadar bir esenliktir.&#8221; (Kadir, 97\/ 1-5)<\/div>\n<div dir=\"auto\">\u201cNi\u00e7in bir geceye 80 y\u0131ll\u0131k bir \u00f6m\u00fcrde bile elde edilemeyecek bir feyizler yuma\u011f\u0131n\u0131n vaadi yerle\u015ftirilmi\u015f olsun?<\/div>\n<div dir=\"auto\">Bu kadar fazla c\u00f6mertlikte ha\u015fa bir adaletsizlik olmuyor mu?\u201d diye d\u00fc\u015f\u00fcnebilir insan\u2026<\/div>\n<div dir=\"auto\">Ancak \u015furas\u0131 iyi bilinmelidir ki; \u0130nsan akl\u0131n\u0131n hudutlar\u0131 bellidir.<\/div>\n<div dir=\"auto\">Ama insan\u0131n kaderinin hudutlar\u0131 belir de\u011fildir.<\/div>\n<div dir=\"auto\">E\u011fer insan akl\u0131, insan kaderini \u00e7er\u00e7eveleyebilseydi, zaten bug\u00fcnk\u00fc felaketler<\/div>\n<div dir=\"auto\">meydana gelmezdi. .<\/div>\n<div dir=\"auto\">Bu bak\u0131mdan \u00e7e\u015fitli kar\u0131\u015f\u0131kl\u0131klarla kar\u015f\u0131-kar\u015f\u0131ya bulunan d\u00fcnyam\u0131zda s\u0131k\u0131nt\u0131lar i\u00e7inde ya\u015fayan insanlar\u0131m\u0131z\u0131n, bunal\u0131m i\u00e7inde bulunan cemiyetimizin b\u00f6yle \u015fifal\u0131, nurlu, \u0131\u015f\u0131kl\u0131, p\u0131r\u0131lt\u0131l\u0131 ve feyizli, bereketli f\u0131rsatlara ihtiyac\u0131 vard\u0131r.<\/div>\n<div dir=\"auto\">\u00c7\u00fcnk\u00fc insanl\u0131\u011f\u0131n \u00f6n\u00fc her an tehlikeler, u\u00e7urumlar, tuzaklarla doludur.<\/div>\n<div dir=\"auto\">Senede bir gece bile kurulabilse ne mutlu ona.<\/div>\n<div dir=\"auto\">Cenab-\u0131 Allah Kur\u2019an-\u0131 Kerimde: \u201cBiz semay\u0131- g\u00f6ky\u00fcz\u00fcn\u00fc yaratt\u0131k. Ve geni\u015fletiyoruz \u201cbuyuruyor.<\/div>\n<div dir=\"auto\">Sema: Yarat\u0131ld\u0131\u011f\u0131ndan bu yana geni\u015fliyor\u2026<\/div>\n<div dir=\"auto\">\u0130nsano\u011flu feza da yeni-yeni ad\u0131mlar atmakta\u2026<\/div>\n<div dir=\"auto\">\u0130nsano\u011flu fezada her ad\u0131m\u0131n\u0131 at\u0131\u015fta feza: insano\u011flunun akl\u0131n\u0131n alamayaca\u011f\u0131 kadar geni\u015fliyor.<\/div>\n<div dir=\"auto\">Ve geni\u015flemeye devam edecektir\u2026<\/div>\n<div dir=\"auto\">Fiziki \u00e2lemde feza yar\u0131\u015f\u0131n\u0131n g\u00f6r\u00fcn\u00fc\u015f\u00fc budur.<\/div>\n<div dir=\"auto\">\u0130nsano\u011flu sanki d\u00fc\u011f\u00fcm\u00fc burada \u00e7\u00f6zecek\u2026<\/div>\n<div dir=\"auto\">Fezan\u0131n derinliklerinin sonunu bulacakm\u0131\u015f gibi u\u011fra\u015f\u0131yor\u2026<\/div>\n<div dir=\"auto\">\u0130nsanl\u0131k ad\u0131na, bilim ad\u0131na bunlar g\u00fczel \u015feylerdir.<\/div>\n<div dir=\"auto\">Bir de madalyonun tersi vard\u0131r. \u0130nsanl\u0131k kendi ruhunun derinliklerini de ke\u015ffetmeye \u00e7al\u0131\u015fmal\u0131d\u0131r.<\/div>\n<div dir=\"auto\">\u0130\u015fte bu ke\u015ffe ula\u015fabilmek i\u00e7in Cenab-\u0131 Allah insanlara kaybetti\u011fi zaman\u0131n, bo\u015fa harcad\u0131\u011f\u0131 \u00f6mr\u00fcn\u00fc telafi etmesi i\u00e7in 80 y\u0131ldan, 1000 aydan hay\u0131rl\u0131 olan Kadir Gecesi\u2019ni vermi\u015ftir.<\/div>\n<div dir=\"auto\">Bu; Cenab-\u0131 Allah\u2019\u0131n rahmetinin b\u00fcy\u00fckl\u00fc\u011f\u00fcn\u00fc g\u00f6stermektedir.<\/div>\n<div dir=\"auto\">Yine \u015fu soru akla gelebilir?<\/div>\n<div dir=\"auto\">\u201c\u0130nsanlar; kendi imkanlar\u0131yla Allah\u2019a nas\u0131l ula\u015facakt\u0131r?\u201d<\/div>\n<div dir=\"auto\">\u0130\u015fte bunun i\u00e7in Cenab-\u0131 Allah kullar\u0131na adeta kopya verir gibi rahmet denizinden inciler sa\u00e7m\u0131\u015ft\u0131r.<\/div>\n<div dir=\"auto\">Berat, Mira\u00e7, Kandil, Kadir geceleri gibi m\u00fcbarek geceler l\u00fctfetmi\u015ftir.<\/div>\n<div dir=\"auto\">Bu gece b\u00fct\u00fcn \u0130slam aleminde, b\u00fct\u00fcn inanm\u0131\u015f g\u00f6n\u00fcller ayn\u0131 k\u0131bleye y\u00f6nelmi\u015f, kainat\u0131n tek yaradan\u0131na ellerini ve g\u00f6n\u00fcllerini a\u00e7m\u0131\u015flard\u0131r.<\/div>\n<div dir=\"auto\">Bir ata s\u00f6z\u00fcnde: \u201cHer geceyi Kadir gecesi bil\u201d denmi\u015ftir.<\/div>\n<div dir=\"auto\">Fakat bir geceyi bile Kadir Gecesi bilene af ve ma\u011ffiret kanatlan gerilmi\u015ftir.<\/div>\n<div dir=\"auto\">B\u00fcy\u00fck \u015fehirlerimizde olsun en k\u00fc\u00e7\u00fck yerle\u015fim birimlerinde olsun, bu gece b\u00fct\u00fcn camiler sabahlara kadar dolup ta\u015facak, evlerde bile sabaha kadar ibadet edilecektir.<\/div>\n<div dir=\"auto\">Politikan\u0131n kiri pas\u0131, g\u00fcnl\u00fck kavgalar\u0131n tozu \u00e7amuru yerini g\u00f6n\u00fcller mutluluk aray\u0131\u015f\u0131na girmelidir.<\/div>\n<div dir=\"auto\">Bu gecenin en b\u00fcy\u00fck \u00f6zelli\u011fi Kuran-\u0131 Kerim ve Hadis-i \u015eerifler \u0131\u015f\u0131\u011f\u0131nda g\u00f6n\u00fclleri ayd\u0131nlatabilmektir.<\/div>\n<div dir=\"auto\">Ho\u015f\u00e7a kal\u0131n\u0131z.<\/div>\n<div dir=\"auto\">sorular\u0131n\u0131z i\u00e7in (\u00a0<a href=\"mailto:gazimert333@gmail.com\" target=\"_blank\" rel=\"noopener\">gazimert333@gmail.com<\/a>\u00a0)<\/div>\n<\/div>\n<div class=\"yj6qo\"><\/div>\n<div class=\"adL\"><\/div>\n<\/div>\n<\/div>\n<\/div>\n<div id=\"avWBGd-18\" class=\"WhmR8e\" data-hash=\"0\"><\/div>\n<\/div>\n<\/div>\n","protected":false},"excerpt":{"rendered":"<p>Konya\u2019dan say\u0131n MUSTAFA AKTAN \u2018\u0131n sorusu Kadir Gecesi ile ilgili\u2026 SORU: 2026 y\u0131l\u0131 Kadir Gecesi ne zaman? Kadir gecesinde ne olmu\u015ftu? Bu gecede ne t\u00fcrl\u00fc ibadet yap\u0131lmal\u0131d\u0131r? Kadir gecesinin \u00f6nemi nedir? Bizim inanc\u0131m\u0131za g\u00f6re Allah\u2019\u0131n yaratt\u0131\u011f\u0131 g\u00fcnler aras\u0131nda fark yoktur. Ge\u00e7enlerde cuma konu\u015fmas\u0131nda bir vaiz Kadir Gecesi\u2019nin 80 y\u0131ldan yani 1 000 aydan hay\u0131rl\u0131 oldu\u011funu [&hellip;]<\/p>\n","protected":false},"author":11,"featured_media":126869,"comment_status":"open","ping_status":"open","sticky":false,"template":"","format":"standard","meta":{"footnotes":""},"categories":[21],"tags":[],"class_list":["post-127105","post","type-post","status-publish","format-standard","has-post-thumbnail","hentry","category-gazi-mert"],"views":450,"_links":{"self":[{"href":"https:\/\/mersingazetesi.com\/index.php\/wp-json\/wp\/v2\/posts\/127105","targetHints":{"allow":["GET"]}}],"collection":[{"href":"https:\/\/mersingazetesi.com\/index.php\/wp-json\/wp\/v2\/posts"}],"about":[{"href":"https:\/\/mersingazetesi.com\/index.php\/wp-json\/wp\/v2\/types\/post"}],"author":[{"embeddable":true,"href":"https:\/\/mersingazetesi.com\/index.php\/wp-json\/wp\/v2\/users\/11"}],"replies":[{"embeddable":true,"href":"https:\/\/mersingazetesi.com\/index.php\/wp-json\/wp\/v2\/comments?post=127105"}],"version-history":[{"count":1,"href":"https:\/\/mersingazetesi.com\/index.php\/wp-json\/wp\/v2\/posts\/127105\/revisions"}],"predecessor-version":[{"id":127106,"href":"https:\/\/mersingazetesi.com\/index.php\/wp-json\/wp\/v2\/posts\/127105\/revisions\/127106"}],"wp:featuredmedia":[{"embeddable":true,"href":"https:\/\/mersingazetesi.com\/index.php\/wp-json\/wp\/v2\/media\/126869"}],"wp:attachment":[{"href":"https:\/\/mersingazetesi.com\/index.php\/wp-json\/wp\/v2\/media?parent=127105"}],"wp:term":[{"taxonomy":"category","embeddable":true,"href":"https:\/\/mersingazetesi.com\/index.php\/wp-json\/wp\/v2\/categories?post=127105"},{"taxonomy":"post_tag","embeddable":true,"href":"https:\/\/mersingazetesi.com\/index.php\/wp-json\/wp\/v2\/tags?post=127105"}],"curies":[{"name":"wp","href":"https:\/\/api.w.org\/{rel}","templated":true}]}}