{"id":127083,"date":"2026-03-05T17:25:58","date_gmt":"2026-03-05T14:25:58","guid":{"rendered":"https:\/\/mersingazetesi.com\/?p=127083"},"modified":"2026-03-05T17:25:58","modified_gmt":"2026-03-05T14:25:58","slug":"arslankoyde-ureticinin-sesi-masraf-artiyor-kazanc-yerinde-sayiyor","status":"publish","type":"post","link":"https:\/\/mersingazetesi.com\/index.php\/2026\/03\/05\/arslankoyde-ureticinin-sesi-masraf-artiyor-kazanc-yerinde-sayiyor\/","title":{"rendered":"Arslank\u00f6y\u2019de \u00dcreticinin Sesi: \u201cMasraf Art\u0131yor, Kazan\u00e7 Yerinde Say\u0131yor\u201d"},"content":{"rendered":"<p>Mersin\u2019in Toroslar il\u00e7esine ba\u011fl\u0131 Arslank\u00f6y\u2019de yap\u0131lan sokak r\u00f6portaj\u0131nda \u00fcreticiler, artan maliyetler ve d\u00fc\u015fen kazan\u00e7 nedeniyle tar\u0131m\u0131n giderek zorla\u015ft\u0131\u011f\u0131n\u0131 dile getirdi. Mazot ve g\u00fcbre fiyatlar\u0131ndaki art\u0131\u015f\u0131n \u00fcreticiyi ciddi \u015fekilde etkiledi\u011fini belirten k\u00f6y sakinleri, tar\u0131m yapman\u0131n her ge\u00e7en g\u00fcn daha riskli hale geldi\u011fini s\u00f6yl\u00fcyor.<\/p>\n<p>&nbsp;<\/p>\n<p>52 ya\u015f\u0131ndaki bir \u00e7ift\u00e7i, \u201cEskisi gibi kazanam\u0131yoruz. Mazot iki kat\u0131na \u00e7\u0131kt\u0131, g\u00fcbre zaten ate\u015f pahas\u0131. \u00dcr\u00fcn para etse bile masraf\u0131 zor \u00e7\u0131kar\u0131yoruz. \u00dcretici kazanam\u0131yor, sadece ayakta kalmaya \u00e7al\u0131\u015f\u0131yor\u201d diyerek ya\u015fad\u0131klar\u0131 s\u0131k\u0131nt\u0131y\u0131 anlatt\u0131.<\/p>\n<p>&nbsp;<\/p>\n<p>Emekli olmas\u0131na ra\u011fmen \u00fcretimi b\u0131rakmayan 61 ya\u015f\u0131ndaki bir k\u00f6y sakini ise, \u201cTrakt\u00f6r\u00fc \u00e7al\u0131\u015ft\u0131r\u0131rken bile mazotu d\u00fc\u015f\u00fcn\u00fcyoruz. G\u00fcbreyi eskisi kadar atam\u0131yoruz. Atmazsak verim d\u00fc\u015f\u00fcyor, atsak masraf art\u0131yor. Arada kal\u0131yoruz\u201d ifadelerini kulland\u0131.<\/p>\n<p>&nbsp;<\/p>\n<p>Gen\u00e7 \u00fcreticiler de tar\u0131m\u0131n gelece\u011fine dair kayg\u0131l\u0131. 28 ya\u015f\u0131ndaki bir \u00e7ift\u00e7i, \u201cBabamdan devrald\u0131m ama ger\u00e7ekten zor. \u015eehirde asgari \u00fccretle \u00e7al\u0131\u015fsam belki daha az stres olur. Gen\u00e7ler bu y\u00fczden k\u00f6yden gitmek istiyor\u201d dedi.<\/p>\n<p>&nbsp;<\/p>\n<p>Kad\u0131n \u00fcreticiler de pazardaki y\u00fcksek fiyatlar\u0131n kendilerine yans\u0131mad\u0131\u011f\u0131n\u0131 vurguluyor. 45 ya\u015f\u0131ndaki bir \u00fcretici kad\u0131n, \u201cMillet pazarda pahal\u0131 diyor ama bize gelen bir \u015fey yok. Arac\u0131 kazan\u0131yor. Biz eme\u011fimizin kar\u015f\u0131l\u0131\u011f\u0131n\u0131 alam\u0131yoruz\u201d diye konu\u015ftu.<\/p>\n<p>&nbsp;<\/p>\n<p>Artan maliyetler ekim alanlar\u0131n\u0131 da daraltm\u0131\u015f durumda. 39 ya\u015f\u0131ndaki bir sebze \u00fcreticisi, \u201cEskiden 10 d\u00f6n\u00fcm ekiyorsak \u015fimdi 6\u20137 d\u00f6n\u00fcm ekiyoruz. Masraf \u00e7ok, risk almak istemiyoruz. Hava bozuyor, fiyat d\u00fc\u015f\u00fcyor, zarar\u0131 yine \u00fcretici \u00e7ekiyor\u201d s\u00f6zleriyle durumu \u00f6zetledi.<\/p>\n<p>&nbsp;<\/p>\n<p>Hayvanc\u0131l\u0131kla u\u011fra\u015fan k\u00f6yl\u00fcler de benzer sorunlardan \u015fik\u00e2yet\u00e7i. 57 ya\u015f\u0131ndaki bir \u00fcretici, \u201cYem pahal\u0131, mazot pahal\u0131. S\u00fct fiyat\u0131 sabit kal\u0131yor. K\u00f6yde hayvanc\u0131l\u0131k yapan giderek azal\u0131yor\u201d dedi.<\/p>\n<p>&nbsp;<\/p>\n<p>Arslank\u00f6y\u2019de konu\u015fulan \u00fcreticiler, topra\u011f\u0131 b\u0131rakmak istemediklerini ancak mevcut \u015fartlar\u0131n s\u00fcrd\u00fcr\u00fclebilir olmad\u0131\u011f\u0131n\u0131 belirtiyor. Bir \u00e7ift\u00e7i \u201cToprak bizim ama \u015fartlar a\u011f\u0131r. Destek olmazsa tar\u0131m yapmak mant\u0131kl\u0131 de\u011fil\u201d derken, ar\u0131c\u0131l\u0131kla u\u011fra\u015fan bir ba\u015fka k\u00f6y sakini ise \u201cK\u00f6y hayat\u0131 g\u00fczel ama ge\u00e7im zor. Destek ve planlama olursa gen\u00e7ler kal\u0131r\u201d de\u011ferlendirmesinde bulundu.<\/p>\n<p>&nbsp;<\/p>\n<p>K\u00f6y\u00fcn en ya\u015fl\u0131 \u00fcreticilerinden biri ise durumu \u015fu s\u00f6zlerle \u00f6zetledi: \u201cBiz topra\u011f\u0131 b\u0131rakmay\u0131z ama \u00e7ocuklar \u015fehre gidiyor. \u00c7\u00fcnk\u00fc d\u00fczenli gelir yok. Tar\u0131m stratejik i\u015f ama \u00fcretici korunmazsa kimse yapmaz.\u201d<\/p>\n<p>&nbsp;<\/p>\n<p>Arslank\u00f6y\u2019deki tablo, T\u00fcrkiye\u2019nin bir\u00e7ok k\u0131rsal b\u00f6lgesinde oldu\u011fu gibi \u00fcreticinin topra\u011f\u0131n\u0131 terk etmek istemedi\u011fini ancak artan maliyetler ve belirsizlikler nedeniyle tar\u0131m\u0131n giderek zorla\u015ft\u0131\u011f\u0131n\u0131 ortaya koyuyor. K\u00f6yde kalan \u00fcreticiler ise t\u00fcm zorluklara ra\u011fmen \u00fcretmeye devam ettiklerini s\u00f6yl\u00fcyor.<\/p>\n<p>&nbsp;<\/p>\n","protected":false},"excerpt":{"rendered":"<p>Mersin\u2019in Toroslar il\u00e7esine ba\u011fl\u0131 Arslank\u00f6y\u2019de yap\u0131lan sokak r\u00f6portaj\u0131nda \u00fcreticiler, artan maliyetler ve d\u00fc\u015fen kazan\u00e7 nedeniyle tar\u0131m\u0131n giderek zorla\u015ft\u0131\u011f\u0131n\u0131 dile getirdi. Mazot ve g\u00fcbre fiyatlar\u0131ndaki art\u0131\u015f\u0131n \u00fcreticiyi ciddi \u015fekilde etkiledi\u011fini belirten k\u00f6y sakinleri, tar\u0131m yapman\u0131n her ge\u00e7en g\u00fcn daha riskli hale geldi\u011fini s\u00f6yl\u00fcyor. &nbsp; 52 ya\u015f\u0131ndaki bir \u00e7ift\u00e7i, \u201cEskisi gibi kazanam\u0131yoruz. Mazot iki kat\u0131na \u00e7\u0131kt\u0131, g\u00fcbre [&hellip;]<\/p>\n","protected":false},"author":2,"featured_media":127084,"comment_status":"open","ping_status":"open","sticky":false,"template":"","format":"standard","meta":{"footnotes":""},"categories":[8],"tags":[],"class_list":["post-127083","post","type-post","status-publish","format-standard","has-post-thumbnail","hentry","category-mersin"],"views":1344,"_links":{"self":[{"href":"https:\/\/mersingazetesi.com\/index.php\/wp-json\/wp\/v2\/posts\/127083","targetHints":{"allow":["GET"]}}],"collection":[{"href":"https:\/\/mersingazetesi.com\/index.php\/wp-json\/wp\/v2\/posts"}],"about":[{"href":"https:\/\/mersingazetesi.com\/index.php\/wp-json\/wp\/v2\/types\/post"}],"author":[{"embeddable":true,"href":"https:\/\/mersingazetesi.com\/index.php\/wp-json\/wp\/v2\/users\/2"}],"replies":[{"embeddable":true,"href":"https:\/\/mersingazetesi.com\/index.php\/wp-json\/wp\/v2\/comments?post=127083"}],"version-history":[{"count":1,"href":"https:\/\/mersingazetesi.com\/index.php\/wp-json\/wp\/v2\/posts\/127083\/revisions"}],"predecessor-version":[{"id":127085,"href":"https:\/\/mersingazetesi.com\/index.php\/wp-json\/wp\/v2\/posts\/127083\/revisions\/127085"}],"wp:featuredmedia":[{"embeddable":true,"href":"https:\/\/mersingazetesi.com\/index.php\/wp-json\/wp\/v2\/media\/127084"}],"wp:attachment":[{"href":"https:\/\/mersingazetesi.com\/index.php\/wp-json\/wp\/v2\/media?parent=127083"}],"wp:term":[{"taxonomy":"category","embeddable":true,"href":"https:\/\/mersingazetesi.com\/index.php\/wp-json\/wp\/v2\/categories?post=127083"},{"taxonomy":"post_tag","embeddable":true,"href":"https:\/\/mersingazetesi.com\/index.php\/wp-json\/wp\/v2\/tags?post=127083"}],"curies":[{"name":"wp","href":"https:\/\/api.w.org\/{rel}","templated":true}]}}